{"id":3136,"date":"2018-05-28T14:50:15","date_gmt":"2018-05-28T14:50:15","guid":{"rendered":"http:\/\/rafalk-elblag.pl\/?p=3136"},"modified":"2018-05-28T14:50:15","modified_gmt":"2018-05-28T14:50:15","slug":"intencje-mszalne-na-ix-tydzien-zwykly-28-05-3-06-2018","status":"publish","type":"post","link":"https:\/\/rafalk-elblag.pl\/?p=3136","title":{"rendered":"INTENCJE MSZALNE NA IX TYDZIE\u0143 ZWYK\u0141Y (28.05. \u2013 3.06. 2018)"},"content":{"rendered":"<p><a href=\"http:\/\/rafalk-elblag.pl\/wp-content\/uploads\/2016\/12\/shutterstock_49643152-1000.jpg\"><img loading=\"lazy\" decoding=\"async\" class=\"alignnone size-full wp-image-2526\" src=\"http:\/\/rafalk-elblag.pl\/wp-content\/uploads\/2016\/12\/shutterstock_49643152-1000.jpg\" alt=\"\" width=\"1000\" height=\"665\" srcset=\"https:\/\/rafalk-elblag.pl\/wp-content\/uploads\/2016\/12\/shutterstock_49643152-1000.jpg 1000w, https:\/\/rafalk-elblag.pl\/wp-content\/uploads\/2016\/12\/shutterstock_49643152-1000-300x200.jpg 300w, https:\/\/rafalk-elblag.pl\/wp-content\/uploads\/2016\/12\/shutterstock_49643152-1000-768x511.jpg 768w\" sizes=\"auto, (max-width: 1000px) 100vw, 1000px\" \/><\/a><\/p>\n<p>&nbsp;<\/p>\n<table width=\"726\">\n<tbody>\n<tr>\n<td colspan=\"2\" width=\"593\"><strong>28 maja&nbsp;&nbsp; PONIEDZIA\u0141EK<\/strong><\/td>\n<td width=\"133\"><strong><em>Mk 10, 17-27<\/em><\/strong><\/td>\n<\/tr>\n<tr>\n<td width=\"87\">8:00<\/td>\n<td colspan=\"2\" width=\"639\">\u015ap. Barbara i Ryszard Czarneccy<\/td>\n<\/tr>\n<tr>\n<td width=\"87\">18:00<\/td>\n<td colspan=\"2\" width=\"639\">\u015ap. Wojciech Karczewski w 30 dzie\u0144 po pogrzebie<\/td>\n<\/tr>\n<tr>\n<td width=\"87\">18:00<\/td>\n<td colspan=\"2\" width=\"639\">\u015ap. Henryk Pawlicki 28 greg.<\/td>\n<\/tr>\n<\/tbody>\n<\/table>\n<p>&nbsp;<\/p>\n<table width=\"726\">\n<tbody>\n<tr>\n<td colspan=\"2\" width=\"593\"><strong>29 maja&nbsp;&nbsp; <\/strong><strong>WTOREK<\/strong><\/p>\n<p><strong>wsp. \u015bw. Urszuli Led\u00f3chowskiej [dziewicy]<\/strong><\/td>\n<td width=\"133\"><strong><em>Mk 10, 28-31<\/em><\/strong><\/td>\n<\/tr>\n<tr>\n<td width=\"87\">8:00<\/td>\n<td colspan=\"2\" width=\"639\">Za zmar\u0142ych rodzic\u00f3w: \u015bp. Zenona i Jadwig\u0119 Brzozowskich<\/td>\n<\/tr>\n<tr>\n<td width=\"87\">18:00<\/td>\n<td colspan=\"2\" width=\"639\">\u015ap. Maria G\u00f3rska w 1 rocz. \u015bmierci, \u015bp. Stanis\u0142aw i zmarli z rodzin: G\u00f3rskich i Fornalskich<\/td>\n<\/tr>\n<tr>\n<td width=\"87\">18:00<\/td>\n<td colspan=\"2\" width=\"639\">\u015ap. Henryk Pawlicki 29 greg.<\/td>\n<\/tr>\n<\/tbody>\n<\/table>\n<p>&nbsp;<\/p>\n<table width=\"726\">\n<tbody>\n<tr>\n<td colspan=\"2\" width=\"593\"><strong>30 maja&nbsp;&nbsp; \u015aRODA<\/strong><\/td>\n<td width=\"133\"><strong><em>Mk 10, 32-45<\/em><\/strong><\/td>\n<\/tr>\n<tr>\n<td width=\"87\">8:00<\/td>\n<td colspan=\"2\" width=\"639\">\u015ap. Henryk Pawlicki 30 greg.<\/td>\n<\/tr>\n<tr>\n<td width=\"87\"><strong>18:00<\/strong><\/td>\n<td colspan=\"2\" width=\"639\"><strong>W intecjach czcicieli Matki Bo\u017cej Nieustaj\u0105cej Pomocy<\/strong><\/td>\n<\/tr>\n<tr>\n<td width=\"87\">18:00<\/td>\n<td colspan=\"2\" width=\"639\">O potrzebne \u0142aski dla Kai w pierwsz\u0105 rocznic\u0119 urodzin<\/td>\n<\/tr>\n<\/tbody>\n<\/table>\n<p>&nbsp;<\/p>\n<table width=\"726\">\n<tbody>\n<tr>\n<td colspan=\"2\" width=\"593\"><strong>31 maja&nbsp; &nbsp;CZWARTEK<\/strong><\/p>\n<p><strong>Uroczysto\u015b\u0107 Naj\u015bwi\u0119tszego Cia\u0142a i Krwi Chrystusa \u2013 Bo\u017ce Cia\u0142o<\/strong><\/td>\n<td width=\"133\"><strong><em>Mk 14,<br \/>\n12-16. 22-26<\/em><\/strong><\/td>\n<\/tr>\n<tr>\n<td width=\"87\">7:00<\/td>\n<td colspan=\"2\" width=\"639\"><em>intencja wolna<\/em><\/td>\n<\/tr>\n<tr>\n<td width=\"87\">9:00<\/td>\n<td colspan=\"2\" width=\"639\">\u015ap. Marianna Humelt w 1 rocz. \u015bmierci oraz zmarli rodzice<\/td>\n<\/tr>\n<tr>\n<td width=\"87\">10:30<\/td>\n<td colspan=\"2\" width=\"639\"><strong><em>Msza \u015awi\u0119ta g\u0142\u00f3wna \u2013 procesja eucharystyczna po Mszy \u015aw. \u2013 wyj\u015bcie<br \/>\nz ko\u015bcio\u0142a \u015bw. Rafa\u0142a Kalinowskiego do ko\u015bcio\u0142a \u015bw. Brata Alberta<\/em><\/strong><\/p>\n<p><strong><u>Za parafian<\/u><\/strong><\/td>\n<\/tr>\n<tr>\n<td width=\"87\">10:30<\/td>\n<td colspan=\"2\" width=\"639\">\u015ap. Stanis\u0142aw Kachnowicz w 25 rocz. \u015bmierci i zmarli z rodzin: Kachnowicz, Bajson, Jasi\u0144skich i S\u0142omi\u0144skich<\/td>\n<\/tr>\n<tr>\n<td width=\"87\">18:00<\/td>\n<td colspan=\"2\" width=\"639\">\u015ap. Zofia Blank w 8 rocz. \u015bmierci i zmarli z rodziny, \u015bp. Ryszard, Andrzej i Zbigniew<\/td>\n<\/tr>\n<\/tbody>\n<\/table>\n<p>&nbsp;<\/p>\n<table width=\"726\">\n<tbody>\n<tr>\n<td colspan=\"2\" width=\"593\"><strong>1 czerwca&nbsp;&nbsp; PIERWSZY PI\u0104TEK MIESI\u0104CA<\/strong><\/p>\n<p><strong>wsp. \u015bw. Justyna [m\u0119czennika]<\/strong><\/td>\n<td width=\"133\"><strong><em>Mk 11, 11-25<\/em><\/strong><\/td>\n<\/tr>\n<tr>\n<td width=\"87\">8:00<\/td>\n<td colspan=\"2\" width=\"639\">\u015ap. Mieczys\u0142aw Wojsznis<\/td>\n<\/tr>\n<tr>\n<td width=\"87\">16:00<\/td>\n<td colspan=\"2\" width=\"639\">W intencji czcicieli Naj\u015bwi\u0119tszego Serca Pana Jezusa, a szczeg\u00f3lnie w intencji dzieci i ich rodzic\u00f3w, kt\u00f3rzy odprawili dziewi\u0119\u0107 pierwszych pi\u0105tk\u00f3w miesi\u0105ca<\/td>\n<\/tr>\n<tr>\n<td width=\"87\"><strong>18:00<\/strong><\/td>\n<td colspan=\"2\" width=\"639\"><strong>Dzi\u0119kczynna za dzieci pierwszokomunijne oraz ich rodziny \u2013 zako\u0144czenie bia\u0142ego tygodnia<\/strong><\/td>\n<\/tr>\n<\/tbody>\n<\/table>\n<p>&nbsp;<\/p>\n<table width=\"726\">\n<tbody>\n<tr>\n<td colspan=\"2\" width=\"593\"><strong>2 czerwca&nbsp;&nbsp; PIERWSZA SOBOTA MIESI\u0104CA<\/strong><\/td>\n<td width=\"133\"><strong><em>Mk 11, 27-33<\/em><\/strong><\/td>\n<\/tr>\n<tr>\n<td width=\"87\">8:00<\/td>\n<td colspan=\"2\" width=\"639\">\u015ap. W\u0142adys\u0142awa Gajdamowicz w 1 rocz. \u015bmierci<\/td>\n<\/tr>\n<tr>\n<td width=\"87\">16:00<\/td>\n<td colspan=\"2\" width=\"639\">Msza \u015aw. \u015blubna: Magdalena Zalewska \u2013 Grzegorz Idzikowski<\/td>\n<\/tr>\n<tr>\n<td width=\"87\">17:00<\/td>\n<td colspan=\"2\" width=\"639\"><em>Nabo\u017ce\u0144stwo pierwszych sob\u00f3t miesi\u0105ca<\/em><\/td>\n<\/tr>\n<tr>\n<td width=\"87\">18:00<\/td>\n<td colspan=\"2\" width=\"639\">Intencja V R\u00f3\u017cy r\u00f3\u017ca\u0144cowej \u2013 Matki Bo\u017cej Fatimskiej<\/td>\n<\/tr>\n<tr>\n<td width=\"87\">18:00<\/td>\n<td colspan=\"2\" width=\"639\">\u015ap. Stanis\u0142aw Sobczy\u0144ski w 2 rocz. \u015bmierci i zmarli rodzice<\/td>\n<\/tr>\n<\/tbody>\n<\/table>\n<p>&nbsp;<\/p>\n<table width=\"726\">\n<tbody>\n<tr>\n<td colspan=\"2\" width=\"593\"><strong>3 czerwca&nbsp;&nbsp; IX NIEDZIELA ZWYK\u0141A<\/strong><\/td>\n<td width=\"133\"><strong><em>Mt 2, 23 \u2013 3,6<\/em><\/strong><\/td>\n<\/tr>\n<tr>\n<td width=\"87\">7:00<\/td>\n<td colspan=\"2\" width=\"639\">\u015ap. Emilia i Wac\u0142aw Czeszejko &#8211; Sochaccy<\/td>\n<\/tr>\n<tr>\n<td width=\"87\">9:00<\/td>\n<td colspan=\"2\" width=\"639\">\u015ap. Agnieszka, Bronis\u0142aw, Eugeniusz z rodziny Rajskich<\/td>\n<\/tr>\n<tr>\n<td width=\"87\">9:00<\/td>\n<td colspan=\"2\" width=\"639\">\u015ap. Adam i wszyscy zmarli z rodziny Zieli\u0144skich<\/td>\n<\/tr>\n<tr>\n<td width=\"87\">10:30<\/td>\n<td colspan=\"2\" width=\"639\">\u015ap. Wojciech Juchnowicz w 2 rocz. \u015bmierci<\/td>\n<\/tr>\n<tr>\n<td width=\"87\"><strong>12:00<\/strong><\/td>\n<td colspan=\"2\" width=\"639\"><strong>Za parafian<\/strong><\/td>\n<\/tr>\n<tr>\n<td width=\"87\">18:00<\/td>\n<td colspan=\"2\" width=\"639\">\u015ap. Halina i Piotr Michalscy, Irena i Kazimierz Sul\u017cyccy, Bogdan Michalski<\/td>\n<\/tr>\n<\/tbody>\n<\/table>\n<p>&nbsp;<\/p>\n<p>&nbsp;<\/p>\n","protected":false},"excerpt":{"rendered":"<p>&nbsp; 28 maja&nbsp;&nbsp; PONIEDZIA\u0141EK Mk 10, 17-27 8:00 \u015ap. Barbara i Ryszard Czarneccy 18:00 \u015ap. Wojciech Karczewski w 30 dzie\u0144 po pogrzebie 18:00 \u015ap. Henryk Pawlicki 28 greg. &nbsp; 29 maja&nbsp;&nbsp; WTOREK wsp. \u015bw. Urszuli Led\u00f3chowskiej [dziewicy] Mk 10, 28-31 8:00 Za zmar\u0142ych rodzic\u00f3w: \u015bp. Zenona i Jadwig\u0119 Brzozowskich 18:00 \u015ap. Maria G\u00f3rska w 1 [&hellip;]<\/p>\n","protected":false},"author":1,"featured_media":2526,"comment_status":"closed","ping_status":"closed","sticky":false,"template":"","format":"standard","meta":{"ngg_post_thumbnail":0,"footnotes":""},"categories":[11,8,4],"tags":[],"class_list":["post-3136","post","type-post","status-publish","format-standard","has-post-thumbnail","hentry","category-aktualnosci","category-blog","category-intencje"],"_links":{"self":[{"href":"https:\/\/rafalk-elblag.pl\/index.php?rest_route=\/wp\/v2\/posts\/3136","targetHints":{"allow":["GET"]}}],"collection":[{"href":"https:\/\/rafalk-elblag.pl\/index.php?rest_route=\/wp\/v2\/posts"}],"about":[{"href":"https:\/\/rafalk-elblag.pl\/index.php?rest_route=\/wp\/v2\/types\/post"}],"author":[{"embeddable":true,"href":"https:\/\/rafalk-elblag.pl\/index.php?rest_route=\/wp\/v2\/users\/1"}],"replies":[{"embeddable":true,"href":"https:\/\/rafalk-elblag.pl\/index.php?rest_route=%2Fwp%2Fv2%2Fcomments&post=3136"}],"version-history":[{"count":1,"href":"https:\/\/rafalk-elblag.pl\/index.php?rest_route=\/wp\/v2\/posts\/3136\/revisions"}],"predecessor-version":[{"id":3137,"href":"https:\/\/rafalk-elblag.pl\/index.php?rest_route=\/wp\/v2\/posts\/3136\/revisions\/3137"}],"wp:featuredmedia":[{"embeddable":true,"href":"https:\/\/rafalk-elblag.pl\/index.php?rest_route=\/wp\/v2\/media\/2526"}],"wp:attachment":[{"href":"https:\/\/rafalk-elblag.pl\/index.php?rest_route=%2Fwp%2Fv2%2Fmedia&parent=3136"}],"wp:term":[{"taxonomy":"category","embeddable":true,"href":"https:\/\/rafalk-elblag.pl\/index.php?rest_route=%2Fwp%2Fv2%2Fcategories&post=3136"},{"taxonomy":"post_tag","embeddable":true,"href":"https:\/\/rafalk-elblag.pl\/index.php?rest_route=%2Fwp%2Fv2%2Ftags&post=3136"}],"curies":[{"name":"wp","href":"https:\/\/api.w.org\/{rel}","templated":true}]}}