{"id":3133,"date":"2018-05-22T11:03:31","date_gmt":"2018-05-22T11:03:31","guid":{"rendered":"http:\/\/rafalk-elblag.pl\/?p=3133"},"modified":"2018-05-22T11:03:31","modified_gmt":"2018-05-22T11:03:31","slug":"ogloszenia-parafialne-20-05-2018-r-niedziela-zeslania-ducha-swietego","status":"publish","type":"post","link":"https:\/\/rafalk-elblag.pl\/?p=3133","title":{"rendered":"OG\u0141OSZENIA PARAFIALNE 20.05.2018 R. \u2013 NIEDZIELA ZES\u0141ANIA DUCHA \u015aWI\u0118TEGO"},"content":{"rendered":"<p><a href=\"http:\/\/rafalk-elblag.pl\/wp-content\/uploads\/2016\/12\/pulpit.jpg\"><img loading=\"lazy\" decoding=\"async\" class=\"alignnone size-large wp-image-2530\" src=\"http:\/\/rafalk-elblag.pl\/wp-content\/uploads\/2016\/12\/pulpit-1024x682.jpg\" alt=\"\" width=\"900\" height=\"599\" srcset=\"https:\/\/rafalk-elblag.pl\/wp-content\/uploads\/2016\/12\/pulpit-1024x682.jpg 1024w, https:\/\/rafalk-elblag.pl\/wp-content\/uploads\/2016\/12\/pulpit-300x200.jpg 300w, https:\/\/rafalk-elblag.pl\/wp-content\/uploads\/2016\/12\/pulpit-768x512.jpg 768w, https:\/\/rafalk-elblag.pl\/wp-content\/uploads\/2016\/12\/pulpit.jpg 1698w\" sizes=\"auto, (max-width: 900px) 100vw, 900px\" \/><\/a><\/p>\n<p>&nbsp;<\/p>\n<p><strong>1. Dzisiaj Uroczysto\u015b\u0107 Zes\u0142ania Ducha \u015awi\u0119tego<\/strong>, a zarazem dzie\u0144, w kt\u00f3rym mo\u017cemy uzyska\u0107 odpust zupe\u0142ny pod zwyk\u0142ymi warunkami za udzia\u0142 w publicznym \u015bpiewie lub recytacji hymnu:<strong> \u201eO Stworzycielu, Duchu przyjd\u017a\u201d.<\/strong><\/p>\n<p>&nbsp;<\/p>\n<p>2. Ks. Biskup Senior J\u00f3zef Wysocki dzisiaj na Mszy \u015bw. o godz. 18:00 udzieli <strong>SAKRAMENTU BIERZMOWANIA<\/strong> grupie m\u0142odzie\u017cy (49 os\u00f3b), kt\u00f3ra przez dwa lata przygotowywa\u0142a si\u0119 do sakramentu dojrza\u0142o\u015bci chrze\u015bcija\u0144skiej. <strong><em>Pro\u015bmy o dary Ducha \u015awi\u0119tego dla tych m\u0142odych ludzi.<\/em><\/strong><\/p>\n<p><strong>&nbsp;<\/strong><\/p>\n<p><strong>3. Za tydzie\u0144 o godz. 10.00 i 12.00 dzieci z naszej parafii (93 osoby), b\u0119d\u0105 obchodzi\u0107 uroczysto\u015b\u0107 I Komunii \u015awi\u0119tej.<\/strong> <strong>Prosimy, aby osoby nie zwi\u0105zane z powy\u017csz\u0105 uroczysto\u015bci\u0105 wybra\u0142y inn\u0105 godzin\u0119 Mszy \u015awi\u0119tej. Dzi\u0119kujemy za zrozumienie.<\/strong><\/p>\n<p>&nbsp;<\/p>\n<p>4. Trwaj\u0105 nabo\u017ce\u0144stwa ku czci Naj\u015bwi\u0119tszej Maryi Panny, tzw. <strong>\u201eMAJOWE\u201d. <\/strong>Zapraszamy w maju doros\u0142ych i m\u0142odzie\u017c codziennie <strong>o godz. 17.30, <\/strong>a dzieci w poniedzia\u0142ki i czwartki o godz. 16.30.<\/p>\n<p><strong>&nbsp;<\/strong><\/p>\n<p><strong>5. Zapraszamy na kolejne nabo\u017ce\u0144stwo majowe na terenie naszej parafii<\/strong>, kt\u00f3re odb\u0119dzie si\u0119 na placu przy Sp\u00f3\u0142dzielni Mieszkaniowej \u201eNad Jarem\u201d w \u015brod\u0119 23 maja o godz. 17.00, po kt\u00f3rym procesyjnie i ze \u015bpiewem wr\u00f3cimy z figur\u0105 MB Fatimskiej do ko\u015bcio\u0142a.<\/p>\n<p><strong>&nbsp;<\/strong><\/p>\n<p><strong>6. W czwartek 24 maja br. w \u015aWI\u0118TO JEZUSA CHRYSTUSA NAJWY\u017bSZEGO I WIECZNEGO KAP\u0141ANA<\/strong> zapraszamy wszystkich wiernych a szczeg\u00f3lnie Apostolat Margaretka i cz\u0142onk\u00f3w wsp\u00f3lnot parafialnych na Msz\u0119 \u015bw. o godz. 18:00 w intencji kap\u0142an\u00f3w pos\u0142uguj\u0105cych w naszej parafii. Tego dnia dzi\u0119kowa\u0107 b\u0119dziemy za prze\u017cyte lata w Kap\u0142a\u0144stwie Chrystusowym: ks. Piotr Bryk \u2013 w 25 rocznic\u0119, ks. Wojciech Zwolicki \u2013 w 24 rocznic\u0119, ks. \u0141ukasz Garbacki \u2013 w 6 rocznic\u0119, ks. Marcin Marciniak \u2013 2 rocznic\u0119. <strong>Prosimy o modlitw\u0119 w naszych intencjach.<\/strong><\/p>\n<p><strong>&nbsp;<\/strong><\/p>\n<p><strong>7. Dzi\u0119kuj\u0119 ks. Marcinowi oraz Wsp\u00f3lnocie \u201eKana Galilejska\u201d <\/strong>za zorganizowanie WIGILII ZES\u0141ANIA DUCHA \u015aWI\u0118TEGO.<\/p>\n<p>&nbsp;<\/p>\n<p>8. Dzieci w wieku od 8 do 13 lat zapraszamy do skorzystania z wypoczynku wakacyjnego w <strong>Diecezjalnym O\u015brodku Caritas &#8211; Mikoszewo<\/strong>. Terminy: 07.07 \u2013 16.07. 2018 (8 miejsc), 18.07. \u2013 27.07.2018 (4 miejsca), 30.07. \u2013 08.08.2018 (4miejsca) oraz 11.08. \u2013 20.08.2018 (4 miejsca). Koszt 410 z\u0142 ze skierowaniem z parafii lub 850 z\u0142 pe\u0142na odp\u0142atno\u015b\u0107. <em>Wi\u0119cej informacji u ks. Proboszcza.<\/em><\/p>\n<p>&nbsp;<\/p>\n<p>9. W dniach 17-19 sierpnia br. b\u0119dziemy go\u015bcili w Elbl\u0105gu ugandyjskiego ewangelizatora o.<strong> Johna&nbsp; Bashobor\u0119,<\/strong> kt\u00f3ry poprowadzi rekolekcje pt. <strong>\u201ePouk\u0142adaj to sobie\u201d.<\/strong> Jest to zaproszenie do pouk\u0142adania swojego \u017cycia w mocy Ducha \u015awi\u0119tego, kt\u00f3rego otrzymali\u015bmy przez chrzest i bierzmowanie. Zapisy na stronie: <a href=\"http:\/\/www.rekolekcje-elblag.pl\">www.rekolekcje-elblag.pl<\/a> Zapisy tak\u017ce w biurze rekolekcyjnym, kt\u00f3re mie\u015bci si\u0119 w plebanii parafii katedralnej. Biuro Rekolekcyjne czynne b\u0119dzie w ka\u017cd\u0105 niedziel\u0119 w godzinach od 10.00 do 13.00, aby umo\u017cliwi\u0107 osobiste zapisy na rekolekcje. Kontakt z organizatorami: 606 181 748 oraz 663 543 480 (w godz. 16.00 &#8211; 20.00), lub mailowo: <a href=\"mailto:cne.elblag@gmail.com\">cne.elblag@gmail.com<\/a>. Na stoliku znajdziemy ulotki.<\/p>\n<p>&nbsp;<\/p>\n<p>10. Przed ko\u015bcio\u0142em mo\u017cna naby\u0107 pras\u0119 katolick\u0105: <em>\u201eGo\u015b\u0107 Niedzielny\u201d<\/em> w cenie 5 z\u0142. Oraz nowy numer \u201eCuda i \u0141aski Bo\u017ce\u201d w cenie 3,50 z\u0142.<\/p>\n<p>&nbsp;<\/p>\n<table style=\"height: 34px;\" width=\"952\">\n<tbody>\n<tr>\n<td>\n<p style=\"text-align: center;\"><span style=\"color: #ff9900;\"><strong>Numer Konta Parafialnego<\/strong><\/span><\/p>\n<\/td>\n<\/tr>\n<\/tbody>\n<\/table>\n<p style=\"text-align: center;\"><span style=\"color: #ff9900;\"><strong>PKO BP 72 1020 1752 0000 0102 0069 6047<\/strong><\/span><\/p>\n<p style=\"text-align: center;\">&nbsp;<\/p>\n<p style=\"text-align: center;\">&nbsp;<\/p>\n","protected":false},"excerpt":{"rendered":"<p>&nbsp; 1. Dzisiaj Uroczysto\u015b\u0107 Zes\u0142ania Ducha \u015awi\u0119tego, a zarazem dzie\u0144, w kt\u00f3rym mo\u017cemy uzyska\u0107 odpust zupe\u0142ny pod zwyk\u0142ymi warunkami za udzia\u0142 w publicznym \u015bpiewie lub recytacji hymnu: \u201eO Stworzycielu, Duchu przyjd\u017a\u201d. &nbsp; 2. Ks. Biskup Senior J\u00f3zef Wysocki dzisiaj na Mszy \u015bw. o godz. 18:00 udzieli SAKRAMENTU BIERZMOWANIA grupie m\u0142odzie\u017cy (49 os\u00f3b), kt\u00f3ra przez dwa [&hellip;]<\/p>\n","protected":false},"author":1,"featured_media":2530,"comment_status":"closed","ping_status":"closed","sticky":false,"template":"","format":"standard","meta":{"ngg_post_thumbnail":0,"footnotes":""},"categories":[11,8,3],"tags":[],"class_list":["post-3133","post","type-post","status-publish","format-standard","has-post-thumbnail","hentry","category-aktualnosci","category-blog","category-ogloszenia"],"_links":{"self":[{"href":"https:\/\/rafalk-elblag.pl\/index.php?rest_route=\/wp\/v2\/posts\/3133","targetHints":{"allow":["GET"]}}],"collection":[{"href":"https:\/\/rafalk-elblag.pl\/index.php?rest_route=\/wp\/v2\/posts"}],"about":[{"href":"https:\/\/rafalk-elblag.pl\/index.php?rest_route=\/wp\/v2\/types\/post"}],"author":[{"embeddable":true,"href":"https:\/\/rafalk-elblag.pl\/index.php?rest_route=\/wp\/v2\/users\/1"}],"replies":[{"embeddable":true,"href":"https:\/\/rafalk-elblag.pl\/index.php?rest_route=%2Fwp%2Fv2%2Fcomments&post=3133"}],"version-history":[{"count":1,"href":"https:\/\/rafalk-elblag.pl\/index.php?rest_route=\/wp\/v2\/posts\/3133\/revisions"}],"predecessor-version":[{"id":3134,"href":"https:\/\/rafalk-elblag.pl\/index.php?rest_route=\/wp\/v2\/posts\/3133\/revisions\/3134"}],"wp:featuredmedia":[{"embeddable":true,"href":"https:\/\/rafalk-elblag.pl\/index.php?rest_route=\/wp\/v2\/media\/2530"}],"wp:attachment":[{"href":"https:\/\/rafalk-elblag.pl\/index.php?rest_route=%2Fwp%2Fv2%2Fmedia&parent=3133"}],"wp:term":[{"taxonomy":"category","embeddable":true,"href":"https:\/\/rafalk-elblag.pl\/index.php?rest_route=%2Fwp%2Fv2%2Fcategories&post=3133"},{"taxonomy":"post_tag","embeddable":true,"href":"https:\/\/rafalk-elblag.pl\/index.php?rest_route=%2Fwp%2Fv2%2Ftags&post=3133"}],"curies":[{"name":"wp","href":"https:\/\/api.w.org\/{rel}","templated":true}]}}