{"id":3131,"date":"2018-05-22T10:59:46","date_gmt":"2018-05-22T10:59:46","guid":{"rendered":"http:\/\/rafalk-elblag.pl\/?p=3131"},"modified":"2018-05-22T10:59:46","modified_gmt":"2018-05-22T10:59:46","slug":"intencje-mszalne-na-viii-tydzien-zwykly-21-05-27-05-2018","status":"publish","type":"post","link":"https:\/\/rafalk-elblag.pl\/?p=3131","title":{"rendered":"INTENCJE MSZALNE NA VIII TYDZIE\u0143 ZWYK\u0141Y (21.05. \u2013 27.05. 2018)"},"content":{"rendered":"<p><a href=\"http:\/\/rafalk-elblag.pl\/wp-content\/uploads\/2016\/12\/shutterstock_49643152-1000.jpg\"><img loading=\"lazy\" decoding=\"async\" class=\"alignnone size-full wp-image-2526\" src=\"http:\/\/rafalk-elblag.pl\/wp-content\/uploads\/2016\/12\/shutterstock_49643152-1000.jpg\" alt=\"\" width=\"1000\" height=\"665\" srcset=\"https:\/\/rafalk-elblag.pl\/wp-content\/uploads\/2016\/12\/shutterstock_49643152-1000.jpg 1000w, https:\/\/rafalk-elblag.pl\/wp-content\/uploads\/2016\/12\/shutterstock_49643152-1000-300x200.jpg 300w, https:\/\/rafalk-elblag.pl\/wp-content\/uploads\/2016\/12\/shutterstock_49643152-1000-768x511.jpg 768w\" sizes=\"auto, (max-width: 1000px) 100vw, 1000px\" \/><\/a><\/p>\n<p>&nbsp;<\/p>\n<table width=\"726\">\n<tbody>\n<tr>\n<td colspan=\"2\" width=\"593\"><strong>21 maja&nbsp;&nbsp; PONIEDZIA\u0141EK<\/strong><\/p>\n<p><strong>\u015awi\u0119to Naj\u015bwi\u0119tszej Maryi Panny Matki Ko\u015bcio\u0142a<\/strong><\/td>\n<td width=\"133\"><strong><em>J 19, 25-27<\/em><\/strong><\/td>\n<\/tr>\n<tr>\n<td width=\"87\">8:00<\/td>\n<td colspan=\"2\" width=\"639\">\u015ap. Henryk Pawlicki 21 greg.<\/td>\n<\/tr>\n<tr>\n<td width=\"87\">18:00<\/td>\n<td colspan=\"2\" width=\"639\">Dzi\u0119kczynna za 75 lat \u017cycia Henryka (m)&nbsp; z pro\u015bb\u0105 o \u0142ask\u0119 \u017cywej wiary, Bo\u017ce b\u0142ogos\u0142awie\u0144stwo i opiek\u0119 Matki Bo\u017cej dla ca\u0142ej jego rodziny<\/td>\n<\/tr>\n<tr>\n<td width=\"87\">18:00<\/td>\n<td colspan=\"2\" width=\"639\">\u015ap. Aleksander (m) Niewi\u0144ski w 21 rocz. \u015bmierci i zmarli z rodziny<\/td>\n<\/tr>\n<\/tbody>\n<\/table>\n<p>&nbsp;<\/p>\n<table width=\"726\">\n<tbody>\n<tr>\n<td colspan=\"2\" width=\"593\"><strong>22 maja&nbsp;&nbsp; <\/strong><strong>WTOREK<\/strong><\/td>\n<td width=\"133\"><strong><em>Mk 9, 30-37<\/em><\/strong><\/td>\n<\/tr>\n<tr>\n<td width=\"87\">8:00<\/td>\n<td colspan=\"2\" width=\"639\">O nawr\u00f3cenie i zgod\u0119 w rodzinie<\/td>\n<\/tr>\n<tr>\n<td width=\"87\">18:00<\/td>\n<td colspan=\"2\" width=\"639\">\u015ap. Henryk Pawlicki 22 greg.<\/td>\n<\/tr>\n<\/tbody>\n<\/table>\n<p>&nbsp;<\/p>\n<table width=\"726\">\n<tbody>\n<tr>\n<td colspan=\"2\" width=\"593\"><strong>23 maja&nbsp;&nbsp; \u015aRODA<\/strong><\/td>\n<td width=\"133\"><strong><em>Mk 9, 38-40<\/em><\/strong><\/td>\n<\/tr>\n<tr>\n<td width=\"87\">8:00<\/td>\n<td colspan=\"2\" width=\"639\">\u015ap. Henryk Pawlicki 23 greg.<\/td>\n<\/tr>\n<tr>\n<td width=\"87\"><strong>18:00<\/strong><\/td>\n<td colspan=\"2\" width=\"639\"><strong>W intecjach czcicieli Matki Bo\u017cej Nieustaj\u0105cej Pomocy<\/strong><\/td>\n<\/tr>\n<tr>\n<td width=\"87\">18:00<\/td>\n<td colspan=\"2\" width=\"639\">Dzi\u0119kczynna w 1 rocz. \u015bwi\u0119ce\u0144 kap\u0142a\u0144skich ks. Piotra Makowskiego o Bo\u017ce b\u0142ogos\u0142awie\u0144stwo i potrzebne w pos\u0142udze kap\u0142a\u0144skiej \u0142aski \u2013 int. od Margaretki<\/td>\n<\/tr>\n<\/tbody>\n<\/table>\n<p>&nbsp;<\/p>\n<table width=\"726\">\n<tbody>\n<tr>\n<td colspan=\"2\" width=\"593\"><strong>24 maja&nbsp; &nbsp;CZWARTEK<\/strong><\/p>\n<p><strong>\u015awi\u0119to Jezusa Chrystusa Najwy\u017cszego i Wiecznego Kap\u0142ana<\/strong><\/td>\n<td width=\"133\"><strong><em>Mk 14, 22-25<\/em><\/strong><\/td>\n<\/tr>\n<tr>\n<td width=\"87\">8:00<\/td>\n<td colspan=\"2\" width=\"639\">\u015ap. Kazimiera (k) Usik w 7 rocz. \u015bmierci oraz \u015bp. Jan Usik<\/td>\n<\/tr>\n<tr>\n<td width=\"87\"><strong>18:00<\/strong><\/td>\n<td colspan=\"2\" width=\"639\"><strong>Za kap\u0142an\u00f3w o Bo\u017ce b\u0142ogos\u0142awie\u0144stwo i potrzebne \u0142aski i dary Ducha \u015awi\u0119tego w kolejne rocznice \u015bwi\u0119ce\u0144: ks. Piotr Bryk w 25 rocz. \u015bwi\u0119ce\u0144,<br \/>\nks. Wojciech Zwolicki w 24 rocz. \u015bwi\u0119ce\u0144, ks. \u0141ukasz Garbacki w 6 rocz. \u015bwi\u0119ce\u0144, ks. Marcin Marciniak w 2 rocz. \u015bwi\u0119ce\u0144<\/strong><\/td>\n<\/tr>\n<tr>\n<td width=\"87\">18:00<\/td>\n<td colspan=\"2\" width=\"639\">Msza dzi\u0119kczynna za dar Margaretek \u2013 os\u00f3b modl\u0105cych si\u0119 za kap\u0142an\u00f3w o Bo\u017ce b\u0142ogos\u0142awie\u0144stwo oraz \u017cyw\u0105 wiar\u0119<\/td>\n<\/tr>\n<tr>\n<td width=\"87\">18:00<\/td>\n<td colspan=\"2\" width=\"639\">\u015ap. Henryk Pawlicki 24 greg.<\/td>\n<\/tr>\n<\/tbody>\n<\/table>\n<p>&nbsp;<\/p>\n<table width=\"726\">\n<tbody>\n<tr>\n<td colspan=\"2\" width=\"593\"><strong>25 maja&nbsp;&nbsp; PI\u0104TEK<\/strong><\/td>\n<td width=\"133\"><strong><em>Mk 10, 1-12<\/em><\/strong><\/td>\n<\/tr>\n<tr>\n<td width=\"87\">8:00<\/td>\n<td colspan=\"2\" width=\"639\">\u015ap. Wiktor Staszkun w 16 rocz. \u015bmierci oraz Danuta Staszkun w 3 rocz. \u015bmierci<\/td>\n<\/tr>\n<tr>\n<td width=\"87\">18:00<\/td>\n<td colspan=\"2\" width=\"639\">Dzi\u0119kczynna w 23 rocz. \u015bwi\u0119ce\u0144 kap\u0142a\u0144skich ks. Arkadiusza Grabowskiego z pro\u015bb\u0105 o potrzebne \u0142aski w pracy dla ludzi i Boga \u2013 prosi Margaretka<\/td>\n<\/tr>\n<tr>\n<td width=\"87\">18:00<\/td>\n<td colspan=\"2\" width=\"639\">\u015ap. Henryk Pawlicki 25 greg.<\/td>\n<\/tr>\n<\/tbody>\n<\/table>\n<p>&nbsp;<\/p>\n<table width=\"726\">\n<tbody>\n<tr>\n<td colspan=\"2\" width=\"593\"><strong>26 maja&nbsp;&nbsp; SOBOTA<\/strong><\/p>\n<p><strong>wsp. \u015bw. Filipa Neri [prezbitera]<\/strong><\/td>\n<td width=\"133\"><strong><em>Mk 10, 13-16<\/em><\/strong><\/td>\n<\/tr>\n<tr>\n<td width=\"87\">8:00<\/td>\n<td colspan=\"2\" width=\"639\">\u015ap. Kazimiera Zembrzycka oraz \u015bp. Irena P\u0142aza w dniu matki<\/td>\n<\/tr>\n<tr>\n<td width=\"87\">8:00<\/td>\n<td colspan=\"2\" width=\"639\">\u015ap. Henryk Pawlicki 26 greg.<\/td>\n<\/tr>\n<tr>\n<td width=\"87\">18:00<\/td>\n<td colspan=\"2\" width=\"639\">\u015ap. Janina Walko, \u015bp. Janina Zaleszczenko<\/td>\n<\/tr>\n<\/tbody>\n<\/table>\n<p>&nbsp;<\/p>\n<table width=\"726\">\n<tbody>\n<tr>\n<td colspan=\"2\" width=\"593\"><strong>27 maja&nbsp;&nbsp; NIEDZIELA TR\u00d3JCY PRZENAJ\u015aWI\u0118TSZEJ<\/strong><\/td>\n<td width=\"133\"><strong><em>Mt 28, 16-20<\/em><\/strong><\/td>\n<\/tr>\n<tr>\n<td width=\"87\">7:00<\/td>\n<td colspan=\"2\" width=\"639\">\u015ap. Danuta Radziszewska w 1 rocz. \u015bmierci<\/td>\n<\/tr>\n<tr>\n<td width=\"87\">7:00<\/td>\n<td colspan=\"2\" width=\"639\">\u015ap. Wies\u0142aw w 10 rocz. \u015bmierci i zmarli z rodzin: \u017burawskich i Karpik<\/td>\n<\/tr>\n<tr>\n<td width=\"87\">9:00<\/td>\n<td colspan=\"2\" width=\"639\">\u015ap. Weronika Druszkowska<\/td>\n<\/tr>\n<tr>\n<td width=\"87\"><strong>10:00<\/strong><\/td>\n<td colspan=\"2\" width=\"639\"><strong>Za dzieci pierwszokomunijne i ich rodziny<\/strong><\/td>\n<\/tr>\n<tr>\n<td width=\"87\"><strong>12:00<\/strong><\/td>\n<td colspan=\"2\" width=\"639\"><strong>Za dzieci pierwszokomunijne i ich rodziny<\/strong><\/td>\n<\/tr>\n<tr>\n<td width=\"87\">15:00<\/td>\n<td colspan=\"2\" width=\"639\">\u015ap. Kazimiera (k) Waszak w 11 rocz. \u015bmierci i z okazji dnia mamy oraz za zmar\u0142ych z rodziny<\/td>\n<\/tr>\n<tr>\n<td width=\"87\">18:00<\/td>\n<td colspan=\"2\" width=\"639\">\u015ap. Henryk Pawlicki 27 greg.<\/td>\n<\/tr>\n<\/tbody>\n<\/table>\n<p>&nbsp;<\/p>\n<p>&nbsp;<\/p>\n","protected":false},"excerpt":{"rendered":"<p>&nbsp; 21 maja&nbsp;&nbsp; PONIEDZIA\u0141EK \u015awi\u0119to Naj\u015bwi\u0119tszej Maryi Panny Matki Ko\u015bcio\u0142a J 19, 25-27 8:00 \u015ap. Henryk Pawlicki 21 greg. 18:00 Dzi\u0119kczynna za 75 lat \u017cycia Henryka (m)&nbsp; z pro\u015bb\u0105 o \u0142ask\u0119 \u017cywej wiary, Bo\u017ce b\u0142ogos\u0142awie\u0144stwo i opiek\u0119 Matki Bo\u017cej dla ca\u0142ej jego rodziny 18:00 \u015ap. Aleksander (m) Niewi\u0144ski w 21 rocz. \u015bmierci i zmarli z [&hellip;]<\/p>\n","protected":false},"author":1,"featured_media":2526,"comment_status":"closed","ping_status":"closed","sticky":false,"template":"","format":"standard","meta":{"ngg_post_thumbnail":0,"footnotes":""},"categories":[11,8,4],"tags":[],"class_list":["post-3131","post","type-post","status-publish","format-standard","has-post-thumbnail","hentry","category-aktualnosci","category-blog","category-intencje"],"_links":{"self":[{"href":"https:\/\/rafalk-elblag.pl\/index.php?rest_route=\/wp\/v2\/posts\/3131","targetHints":{"allow":["GET"]}}],"collection":[{"href":"https:\/\/rafalk-elblag.pl\/index.php?rest_route=\/wp\/v2\/posts"}],"about":[{"href":"https:\/\/rafalk-elblag.pl\/index.php?rest_route=\/wp\/v2\/types\/post"}],"author":[{"embeddable":true,"href":"https:\/\/rafalk-elblag.pl\/index.php?rest_route=\/wp\/v2\/users\/1"}],"replies":[{"embeddable":true,"href":"https:\/\/rafalk-elblag.pl\/index.php?rest_route=%2Fwp%2Fv2%2Fcomments&post=3131"}],"version-history":[{"count":1,"href":"https:\/\/rafalk-elblag.pl\/index.php?rest_route=\/wp\/v2\/posts\/3131\/revisions"}],"predecessor-version":[{"id":3132,"href":"https:\/\/rafalk-elblag.pl\/index.php?rest_route=\/wp\/v2\/posts\/3131\/revisions\/3132"}],"wp:featuredmedia":[{"embeddable":true,"href":"https:\/\/rafalk-elblag.pl\/index.php?rest_route=\/wp\/v2\/media\/2526"}],"wp:attachment":[{"href":"https:\/\/rafalk-elblag.pl\/index.php?rest_route=%2Fwp%2Fv2%2Fmedia&parent=3131"}],"wp:term":[{"taxonomy":"category","embeddable":true,"href":"https:\/\/rafalk-elblag.pl\/index.php?rest_route=%2Fwp%2Fv2%2Fcategories&post=3131"},{"taxonomy":"post_tag","embeddable":true,"href":"https:\/\/rafalk-elblag.pl\/index.php?rest_route=%2Fwp%2Fv2%2Ftags&post=3131"}],"curies":[{"name":"wp","href":"https:\/\/api.w.org\/{rel}","templated":true}]}}