{"id":3129,"date":"2018-05-16T10:46:55","date_gmt":"2018-05-16T10:46:55","guid":{"rendered":"http:\/\/rafalk-elblag.pl\/?p=3129"},"modified":"2018-05-16T10:46:55","modified_gmt":"2018-05-16T10:46:55","slug":"ogloszenia-parafialne-13-05-2018-r-niedziela-wniebowstapienia-panskiego","status":"publish","type":"post","link":"https:\/\/rafalk-elblag.pl\/?p=3129","title":{"rendered":"OG\u0141OSZENIA PARAFIALNE 13.05.2018 R. \u2013 NIEDZIELA WNIEBOWST\u0104PIENIA PA\u0143SKIEGO"},"content":{"rendered":"<p><a href=\"http:\/\/rafalk-elblag.pl\/wp-content\/uploads\/2016\/12\/pulpit.jpg\"><img loading=\"lazy\" decoding=\"async\" class=\"alignnone size-large wp-image-2530\" src=\"http:\/\/rafalk-elblag.pl\/wp-content\/uploads\/2016\/12\/pulpit-1024x682.jpg\" alt=\"\" width=\"900\" height=\"599\" srcset=\"https:\/\/rafalk-elblag.pl\/wp-content\/uploads\/2016\/12\/pulpit-1024x682.jpg 1024w, https:\/\/rafalk-elblag.pl\/wp-content\/uploads\/2016\/12\/pulpit-300x200.jpg 300w, https:\/\/rafalk-elblag.pl\/wp-content\/uploads\/2016\/12\/pulpit-768x512.jpg 768w, https:\/\/rafalk-elblag.pl\/wp-content\/uploads\/2016\/12\/pulpit.jpg 1698w\" sizes=\"auto, (max-width: 900px) 100vw, 900px\" \/><\/a><\/p>\n<p>&nbsp;<\/p>\n<p><strong>1. Mamy najpi\u0119kniejszy miesi\u0105c maj<\/strong> &#8211; zapraszamy na nabo\u017ce\u0144stwa ku czci Naj\u015bwi\u0119tszej Maryi Panny, tzw. <strong>\u201eMAJOWE\u201d: <\/strong>doros\u0142ych i m\u0142odzie\u017c codziennie o godz.17.30, <em>a dzieci w poniedzia\u0142ki i czwartki o godz. 16.30.<\/em><\/p>\n<p><strong>&nbsp;<\/strong><\/p>\n<p><strong>2. W roku duszpasterskim pod has\u0142em \u201eJESTE\u015aMY NAPE\u0141NIENI DUCHEM \u015aWIETYM\u201d zapraszamy na nabo\u017ce\u0144stwo majowe, kt\u00f3re odb\u0119dzie si\u0119 przy parkingu sklepu LIDL<\/strong> <strong>we wtorek 15 maja o godz. 17.00, po kt\u00f3rym procesyjnie i ze \u015bpiewem wr\u00f3cimy z figur\u0105 MB Fatimskiej do ko\u015bcio\u0142a.<\/strong> <em>Tego dnia nie b\u0119dzie nabo\u017ce\u0144stwa w ko\u015bciele o 17.30<\/em>.<\/p>\n<p><strong>&nbsp;<\/strong><\/p>\n<p><strong>3. Zapraszamy serdecznie wszystkich parafian i wszystkie wsp\u00f3lnoty do wzi\u0119cia udzia\u0142u w obchodach uroczystej wigilii uroczysto\u015bci ZES\u0141ANIA DUCHA \u015aWI\u0118TEGO<\/strong>. Odb\u0119dzie si\u0119 ona w sobot\u0119 19 maja. Pocz\u0105tek o godz. 19:30. W programie nabo\u017ce\u0144stwo pokutne, modlitwa uwielbienia i wstawiennicza oraz Eucharystia na zako\u0144czenie.<\/p>\n<p><strong>&nbsp;<\/strong><\/p>\n<p><strong>4. PAMI\u0118TAJMY!!!<\/strong> W \u015brod\u0119 16 maja br. dzie\u0144 modlitw za <strong>Bractwo Szkaplerzne, <\/strong>a tak\u017ce za osoby nosz\u0105ce Szkaplerz \u015awi\u0119ty. Zapraszamy wszystkich nale\u017c\u0105cych i pragn\u0105cych w\u0142\u0105czy\u0107 si\u0119 do tej wsp\u00f3lnoty na Msz\u0119 \u015bw. o godz. 18:00 z kolejn\u0105 katechez\u0105 o \u015bw. J\u00f3zefie. W tym dniu mo\u017cemy przyj\u0105\u0107 SZKLAPLERZ KARMELITA\u0143SKI. Zapraszamy.<\/p>\n<p><strong>&nbsp;<\/strong><\/p>\n<p><strong>5. Spotkanie Kr\u0119gu Biblijnego<\/strong> odb\u0119dzie si\u0119 w \u015brod\u0119 16 maja br. o godz. 19.00. ks. \u0141ukasz zaprasza w I i III \u015brod\u0119 miesi\u0105ca na spotkania ze S\u0141OWEM BO\u017bYM.<\/p>\n<p>&nbsp;<\/p>\n<p>6. Za tydzie\u0144 o godz. 18.00 Ks. Biskup Senior J\u00f3zef Wysocki udzieli <strong>SAKRAMENTU BIERZMOWANIA<\/strong> grupie m\u0142odzie\u017cy (48 os\u00f3b), kt\u00f3ra przez dwa lata przechodzi\u0142a czas przygotowania. <strong><em>Pro\u015bmy o dary Ducha \u015awi\u0119tego dla tych m\u0142odych ludzi.<\/em><\/strong><\/p>\n<p>&nbsp;<\/p>\n<p>7. W ROKU 25-lecia powstania naszej parafii trwamy na <strong>NOWENNIE przygotowuj\u0105cej nas do uroczystego prze\u017cycia tego JUBILEUSZU<\/strong>. <strong>Tym razem przyjedzie <u>ks. Piotr Molenda<\/u> ze S\u0142owem Bo\u017cym i wspomnieniami prze\u017cytych w tej parafii 3 lat.<\/strong> Zapraszam gor\u0105co do w\u0142\u0105czenia si\u0119 w t\u0105 szczeg\u00f3ln\u0105 <strong>NOWENN\u0118.<\/strong> <em>Przypominam 20 maja (niedziela) godz. 12:00. Licz\u0119 na Wasz\u0105 obecno\u015b\u0107.<\/em><\/p>\n<p>&nbsp;<\/p>\n<p>8. Dzieci w wieku od 8 do 13 lat zapraszamy do skorzystania z wypoczynku wakacyjnego w <strong>Diecezjalnym O\u015brodku Caritas &#8211; Mikoszewo<\/strong>. Terminy: 07.07 \u2013 16.07. 2018 (8 miejsc), 18.07. \u2013 27.07.2018 (4 miejsca), 30.07. \u2013 08.08.2018 (4miejsca) oraz 11.08. \u2013 20.08.2018 (4 miejsca). Koszt 410 z\u0142 ze skierowaniem z parafii lub 850 z\u0142 pe\u0142na odp\u0142atno\u015b\u0107. <em>Wi\u0119cej informacji u ks. Proboszcza.<\/em><\/p>\n<p>&nbsp;<\/p>\n<p>9. W dniach 17-19 sierpnia br. b\u0119dziemy go\u015bcili w Elbl\u0105gu ugandyjskiego ewangelizatora o.<strong> Johna Bashobor\u0119,<\/strong> kt\u00f3ry poprowadzi rekolekcje pt. <strong>\u201ePouk\u0142adaj to sobie\u201d.<\/strong> Jest to zaproszenie do pouk\u0142adania swojego \u017cycia w mocy Ducha \u015awi\u0119tego, kt\u00f3rego otrzymali\u015bmy przez chrzest i bierzmowanie. Zapisy na stronie: <a href=\"http:\/\/www.rekolekcje-elblag.pl\">www.rekolekcje-elblag.pl<\/a> Zapisy tak\u017ce w biurze rekolekcyjnym, kt\u00f3re mie\u015bci si\u0119 w plebanii parafii katedralnej. Biuro Rekolekcyjne czynne b\u0119dzie w ka\u017cd\u0105 niedziel\u0119 w godzinach od 10.00 do 13.00, aby umo\u017cliwi\u0107 osobiste zapisy na rekolekcje. Kontakt z organizatorami: 606 181 748 oraz 663 543 480 (w godz. 16.00 &#8211; 20.00), lub mailowo: <a href=\"mailto:cne.elblag@gmail.com\">cne.elblag@gmail.com<\/a>.<\/p>\n<p>&nbsp;<\/p>\n<p>10. Wszystkim Jubilatom i Solenizantom tego tygodnia \u017cyczymy wszelkiego dobra w \u017cyciu i b\u0142ogos\u0142awie\u0144stwa Bo\u017cego.<\/p>\n<p>&nbsp;<\/p>\n<p>11. Przed ko\u015bcio\u0142em mo\u017cna naby\u0107 pras\u0119 katolick\u0105: <em>\u201eGo\u015b\u0107 Niedzielny\u201d<\/em> w cenie 5 z\u0142.<\/p>\n<p>&nbsp;<\/p>\n<p>&nbsp;<\/p>\n","protected":false},"excerpt":{"rendered":"<p>&nbsp; 1. Mamy najpi\u0119kniejszy miesi\u0105c maj &#8211; zapraszamy na nabo\u017ce\u0144stwa ku czci Naj\u015bwi\u0119tszej Maryi Panny, tzw. \u201eMAJOWE\u201d: doros\u0142ych i m\u0142odzie\u017c codziennie o godz.17.30, a dzieci w poniedzia\u0142ki i czwartki o godz. 16.30. &nbsp; 2. W roku duszpasterskim pod has\u0142em \u201eJESTE\u015aMY NAPE\u0141NIENI DUCHEM \u015aWIETYM\u201d zapraszamy na nabo\u017ce\u0144stwo majowe, kt\u00f3re odb\u0119dzie si\u0119 przy parkingu sklepu LIDL we [&hellip;]<\/p>\n","protected":false},"author":1,"featured_media":2530,"comment_status":"closed","ping_status":"closed","sticky":false,"template":"","format":"standard","meta":{"ngg_post_thumbnail":0,"footnotes":""},"categories":[11,8,3],"tags":[],"class_list":["post-3129","post","type-post","status-publish","format-standard","has-post-thumbnail","hentry","category-aktualnosci","category-blog","category-ogloszenia"],"_links":{"self":[{"href":"https:\/\/rafalk-elblag.pl\/index.php?rest_route=\/wp\/v2\/posts\/3129","targetHints":{"allow":["GET"]}}],"collection":[{"href":"https:\/\/rafalk-elblag.pl\/index.php?rest_route=\/wp\/v2\/posts"}],"about":[{"href":"https:\/\/rafalk-elblag.pl\/index.php?rest_route=\/wp\/v2\/types\/post"}],"author":[{"embeddable":true,"href":"https:\/\/rafalk-elblag.pl\/index.php?rest_route=\/wp\/v2\/users\/1"}],"replies":[{"embeddable":true,"href":"https:\/\/rafalk-elblag.pl\/index.php?rest_route=%2Fwp%2Fv2%2Fcomments&post=3129"}],"version-history":[{"count":1,"href":"https:\/\/rafalk-elblag.pl\/index.php?rest_route=\/wp\/v2\/posts\/3129\/revisions"}],"predecessor-version":[{"id":3130,"href":"https:\/\/rafalk-elblag.pl\/index.php?rest_route=\/wp\/v2\/posts\/3129\/revisions\/3130"}],"wp:featuredmedia":[{"embeddable":true,"href":"https:\/\/rafalk-elblag.pl\/index.php?rest_route=\/wp\/v2\/media\/2530"}],"wp:attachment":[{"href":"https:\/\/rafalk-elblag.pl\/index.php?rest_route=%2Fwp%2Fv2%2Fmedia&parent=3129"}],"wp:term":[{"taxonomy":"category","embeddable":true,"href":"https:\/\/rafalk-elblag.pl\/index.php?rest_route=%2Fwp%2Fv2%2Fcategories&post=3129"},{"taxonomy":"post_tag","embeddable":true,"href":"https:\/\/rafalk-elblag.pl\/index.php?rest_route=%2Fwp%2Fv2%2Ftags&post=3129"}],"curies":[{"name":"wp","href":"https:\/\/api.w.org\/{rel}","templated":true}]}}