{"id":3127,"date":"2018-05-16T10:43:40","date_gmt":"2018-05-16T10:43:40","guid":{"rendered":"http:\/\/rafalk-elblag.pl\/?p=3127"},"modified":"2018-05-16T10:47:52","modified_gmt":"2018-05-16T10:47:52","slug":"intencje-mszalne-na-vii-tydzien-wielkanocny-14-04-20-05-2018","status":"publish","type":"post","link":"https:\/\/rafalk-elblag.pl\/?p=3127","title":{"rendered":"INTENCJE MSZALNE NA VII TYDZIE\u0143 WIELKANOCNY (14.04. \u2013 20.05. 2018)"},"content":{"rendered":"<p><a href=\"http:\/\/rafalk-elblag.pl\/wp-content\/uploads\/2016\/12\/shutterstock_49643152-1000.jpg\"><img loading=\"lazy\" decoding=\"async\" class=\"alignnone size-full wp-image-2526\" src=\"http:\/\/rafalk-elblag.pl\/wp-content\/uploads\/2016\/12\/shutterstock_49643152-1000.jpg\" alt=\"\" width=\"1000\" height=\"665\" srcset=\"https:\/\/rafalk-elblag.pl\/wp-content\/uploads\/2016\/12\/shutterstock_49643152-1000.jpg 1000w, https:\/\/rafalk-elblag.pl\/wp-content\/uploads\/2016\/12\/shutterstock_49643152-1000-300x200.jpg 300w, https:\/\/rafalk-elblag.pl\/wp-content\/uploads\/2016\/12\/shutterstock_49643152-1000-768x511.jpg 768w\" sizes=\"auto, (max-width: 1000px) 100vw, 1000px\" \/><\/a><\/p>\n<p>&nbsp;<\/p>\n<table width=\"726\">\n<tbody>\n<tr>\n<td colspan=\"2\" width=\"593\"><strong>14 maja&nbsp;&nbsp; PONIEDZIA\u0141EK<\/strong><\/p>\n<p><strong>\u015awi\u0119to \u015bw. Macieja [Aposto\u0142a]<\/strong><\/td>\n<td width=\"133\"><strong><em>J 15, 9-17<\/em><\/strong><\/td>\n<\/tr>\n<tr>\n<td width=\"87\">8:00<\/td>\n<td colspan=\"2\" width=\"639\">\u015ap. Stefania (k), Mieczys\u0142aw i Ryszard<\/td>\n<\/tr>\n<tr>\n<td width=\"87\">18:00<\/td>\n<td colspan=\"2\" width=\"639\">\u015ap. Henryk Pawlicki 14 greg.<\/td>\n<\/tr>\n<\/tbody>\n<\/table>\n<p>&nbsp;<\/p>\n<table width=\"726\">\n<tbody>\n<tr>\n<td colspan=\"2\" width=\"593\"><strong>15 maja&nbsp;&nbsp; <\/strong><strong>WTOREK<\/strong><\/td>\n<td width=\"133\"><strong><em>J 17, 1-11a<\/em><\/strong><\/td>\n<\/tr>\n<tr>\n<td width=\"87\">8:00<\/td>\n<td colspan=\"2\" width=\"639\">Dzi\u0119kczynna za Zofi\u0119 Rynkiewicz w dniu imienin o Bo\u017ce b\u0142ogos\u0142awie\u0144stwo, potrzebne \u0142aski i zdrowie, opiek\u0119 Matki Bo\u017cej i \u015bwi\u0119tej patronki<\/td>\n<\/tr>\n<tr>\n<td width=\"87\">8:00<\/td>\n<td colspan=\"2\" width=\"639\">\u015ap. Henryk Pawlicki 15 greg.<\/td>\n<\/tr>\n<tr>\n<td width=\"87\">18:00<\/td>\n<td colspan=\"2\" width=\"639\">\u015ap. Kazimierz Ja\u015bkiewicz w 1 rocz. \u015bmierci<\/td>\n<\/tr>\n<tr>\n<td width=\"87\">18:00<\/td>\n<td colspan=\"2\" width=\"639\">\u015ap. Ryszard Antonowicz w 3 rocz. \u015bmierci oraz \u015bp. Zenobia Antonowicz<\/td>\n<\/tr>\n<\/tbody>\n<\/table>\n<p>&nbsp;<\/p>\n<table width=\"726\">\n<tbody>\n<tr>\n<td colspan=\"2\" width=\"593\"><strong>16 maja&nbsp;&nbsp; \u015aRODA<\/strong><\/p>\n<p><strong>\u015awi\u0119to \u015bw. Andrzeja Boboli [m\u0119czennika, patrona Polski]<\/strong><\/td>\n<td width=\"133\"><strong><em>J 17, 20-26<\/em><\/strong><\/td>\n<\/tr>\n<tr>\n<td width=\"87\">8:00<\/td>\n<td colspan=\"2\" width=\"639\">\u015ap. Henryk Pawlicki 16 greg.<\/td>\n<\/tr>\n<tr>\n<td width=\"87\"><strong>18:00<\/strong><\/td>\n<td colspan=\"2\" width=\"639\"><strong>W intecjach czcicieli Matki Bo\u017cej Nieustaj\u0105cej Pomocy oraz ca\u0142ej Rodziny Szkaplerznej i tych, kt\u00f3rzy wzrastaj\u0105 w duchowo\u015bci karmelita\u0144skiej<\/strong><\/td>\n<\/tr>\n<tr>\n<td width=\"87\">18:00<\/td>\n<td colspan=\"2\" width=\"639\">\u015ap. Genowefa Borowiecka w 26 rocz. \u015bmierci oraz zmarli: Stefan, Kazimierz i Jadwiga<\/td>\n<\/tr>\n<\/tbody>\n<\/table>\n<p>&nbsp;<\/p>\n<table width=\"726\">\n<tbody>\n<tr>\n<td colspan=\"2\" width=\"593\"><strong>17 maja&nbsp; &nbsp;CZWARTEK<\/strong><\/td>\n<td width=\"133\"><strong><em>J 17, 20-26<\/em><\/strong><\/td>\n<\/tr>\n<tr>\n<td width=\"87\">8:00<\/td>\n<td colspan=\"2\" width=\"639\">\u015ap. Henryk Pawlicki 17 greg.<\/td>\n<\/tr>\n<tr>\n<td width=\"87\">18:00<\/td>\n<td colspan=\"2\" width=\"639\">O zdrowie, Bo\u017ce b\u0142ogos\u0142awie\u0144stwo, dary Ducha \u015awi\u0119tego, opiek\u0119 Matki Bo\u017cej w dniu imienin ks. S\u0142awomira Milde<\/td>\n<\/tr>\n<\/tbody>\n<\/table>\n<p>&nbsp;<\/p>\n<table width=\"726\">\n<tbody>\n<tr>\n<td colspan=\"2\" width=\"593\"><strong>18 maja&nbsp;&nbsp; PI\u0104TEK<\/strong><\/td>\n<td width=\"133\"><strong><em>J 21, 15-19<\/em><\/strong><\/td>\n<\/tr>\n<tr>\n<td width=\"87\">8:00<\/td>\n<td colspan=\"2\" width=\"639\">\u015ap. Henryk Pawlicki 18 greg.<\/td>\n<\/tr>\n<tr>\n<td width=\"87\">18:00<\/td>\n<td colspan=\"2\" width=\"639\">\u015ap. Krystyna Bielan w 30 dzie\u0144 po pogrzebie<\/td>\n<\/tr>\n<tr>\n<td width=\"87\">18:00<\/td>\n<td colspan=\"2\" width=\"639\">\u015ap. Karol, Marcinek, Aleksander, J\u00f3zef, Stanis\u0142aw, Sylwester i Ewa<\/td>\n<\/tr>\n<\/tbody>\n<\/table>\n<p>&nbsp;<\/p>\n<table width=\"726\">\n<tbody>\n<tr>\n<td colspan=\"2\" width=\"593\"><strong>19 maja&nbsp;&nbsp; SOBOTA<\/strong><\/td>\n<td width=\"133\"><strong><em>J 21, 20-25<\/em><\/strong><\/td>\n<\/tr>\n<tr>\n<td width=\"87\">8:00<\/td>\n<td colspan=\"2\" width=\"639\">\u015ap. Henryk Pawlicki 19 greg.<\/td>\n<\/tr>\n<tr>\n<td width=\"87\">18:00<\/td>\n<td colspan=\"2\" width=\"639\">\u015ap. Franciszka (k), i Stanis\u0142aw Zaborowscy<\/td>\n<\/tr>\n<tr>\n<td width=\"87\"><strong>19:30<\/strong><\/td>\n<td colspan=\"2\" width=\"639\"><strong>WIGILIA UROCZYSTO\u015aCI ZES\u0141ANIA DUCHA \u015aWI\u0118TEGO<\/strong><\/td>\n<\/tr>\n<\/tbody>\n<\/table>\n<p>&nbsp;<\/p>\n<table width=\"726\">\n<tbody>\n<tr>\n<td colspan=\"2\" width=\"593\"><strong>20 maja&nbsp;&nbsp; UROCZYSTO\u015a\u0106 ZES\u0141ANIA DUCHA \u015aWI\u0118TEGO<\/strong><\/td>\n<td width=\"133\"><strong><em>J 15, 26-27; 16,12-15<\/em><\/strong><\/td>\n<\/tr>\n<tr>\n<td width=\"87\">7:00<\/td>\n<td colspan=\"2\" width=\"639\">\u015ap. Krystyna Stejn w 1 rocz. \u015bmierci<\/td>\n<\/tr>\n<tr>\n<td width=\"87\">9:00<\/td>\n<td colspan=\"2\" width=\"639\">\u015ap. Katarzyna i Jan Oleksik<\/td>\n<\/tr>\n<tr>\n<td width=\"87\">9:00<\/td>\n<td colspan=\"2\" width=\"639\">\u015ap. Genowefa Sukiennik w 3 rocz. \u015bmierci oraz \u015bp. Jan i Stanis\u0142aw<\/td>\n<\/tr>\n<tr>\n<td width=\"87\">10:30<\/td>\n<td colspan=\"2\" width=\"639\">O \u0142ask\u0119 zdrowia dla Stanis\u0142awa<\/td>\n<\/tr>\n<tr>\n<td width=\"87\"><strong>12:00<\/strong><\/td>\n<td colspan=\"2\" width=\"639\"><strong>Za parafian [4 miesi\u0105c nowenny przed uroczysto\u015bci\u0105 Jubileuszu 25-lecia parafii \u015bw. Rafa\u0142a Kalinowskiego]<\/strong><\/td>\n<\/tr>\n<tr>\n<td width=\"87\">12:00<\/td>\n<td colspan=\"2\" width=\"639\">\u015ap. Henryk Pawlicki 20 greg.<\/td>\n<\/tr>\n<tr>\n<td width=\"87\">15:00<\/td>\n<td colspan=\"2\" width=\"639\">\u015ap. Janina Ka\u0142u\u017ca, Jan Spodarek oraz Mieczys\u0142aw, Lucjan, Bogdan z rodziny Ka\u0142u\u017ca<\/td>\n<\/tr>\n<tr>\n<td width=\"87\"><strong>18:00<\/strong><\/td>\n<td colspan=\"2\" width=\"639\"><strong>BIERZMOWANIE [Ks. Biskup modli si\u0119 w intencji m\u0142odzie\u017cy przyjmuj\u0105cej sakrament bierzmowania]<\/strong><\/td>\n<\/tr>\n<tr>\n<td width=\"87\"><strong>18:00<\/strong><\/td>\n<td colspan=\"2\" width=\"639\"><strong>Za parafian <\/strong><\/td>\n<\/tr>\n<\/tbody>\n<\/table>\n<p>&nbsp;<\/p>\n<p>&nbsp;<\/p>\n","protected":false},"excerpt":{"rendered":"<p>&nbsp; 14 maja&nbsp;&nbsp; PONIEDZIA\u0141EK \u015awi\u0119to \u015bw. Macieja [Aposto\u0142a] J 15, 9-17 8:00 \u015ap. Stefania (k), Mieczys\u0142aw i Ryszard 18:00 \u015ap. Henryk Pawlicki 14 greg. &nbsp; 15 maja&nbsp;&nbsp; WTOREK J 17, 1-11a 8:00 Dzi\u0119kczynna za Zofi\u0119 Rynkiewicz w dniu imienin o Bo\u017ce b\u0142ogos\u0142awie\u0144stwo, potrzebne \u0142aski i zdrowie, opiek\u0119 Matki Bo\u017cej i \u015bwi\u0119tej patronki 8:00 \u015ap. Henryk [&hellip;]<\/p>\n","protected":false},"author":1,"featured_media":2526,"comment_status":"closed","ping_status":"closed","sticky":false,"template":"","format":"standard","meta":{"ngg_post_thumbnail":0,"footnotes":""},"categories":[11,8,4],"tags":[],"class_list":["post-3127","post","type-post","status-publish","format-standard","has-post-thumbnail","hentry","category-aktualnosci","category-blog","category-intencje"],"_links":{"self":[{"href":"https:\/\/rafalk-elblag.pl\/index.php?rest_route=\/wp\/v2\/posts\/3127","targetHints":{"allow":["GET"]}}],"collection":[{"href":"https:\/\/rafalk-elblag.pl\/index.php?rest_route=\/wp\/v2\/posts"}],"about":[{"href":"https:\/\/rafalk-elblag.pl\/index.php?rest_route=\/wp\/v2\/types\/post"}],"author":[{"embeddable":true,"href":"https:\/\/rafalk-elblag.pl\/index.php?rest_route=\/wp\/v2\/users\/1"}],"replies":[{"embeddable":true,"href":"https:\/\/rafalk-elblag.pl\/index.php?rest_route=%2Fwp%2Fv2%2Fcomments&post=3127"}],"version-history":[{"count":1,"href":"https:\/\/rafalk-elblag.pl\/index.php?rest_route=\/wp\/v2\/posts\/3127\/revisions"}],"predecessor-version":[{"id":3128,"href":"https:\/\/rafalk-elblag.pl\/index.php?rest_route=\/wp\/v2\/posts\/3127\/revisions\/3128"}],"wp:featuredmedia":[{"embeddable":true,"href":"https:\/\/rafalk-elblag.pl\/index.php?rest_route=\/wp\/v2\/media\/2526"}],"wp:attachment":[{"href":"https:\/\/rafalk-elblag.pl\/index.php?rest_route=%2Fwp%2Fv2%2Fmedia&parent=3127"}],"wp:term":[{"taxonomy":"category","embeddable":true,"href":"https:\/\/rafalk-elblag.pl\/index.php?rest_route=%2Fwp%2Fv2%2Fcategories&post=3127"},{"taxonomy":"post_tag","embeddable":true,"href":"https:\/\/rafalk-elblag.pl\/index.php?rest_route=%2Fwp%2Fv2%2Ftags&post=3127"}],"curies":[{"name":"wp","href":"https:\/\/api.w.org\/{rel}","templated":true}]}}