{"id":3124,"date":"2018-04-24T11:42:42","date_gmt":"2018-04-24T11:42:42","guid":{"rendered":"http:\/\/rafalk-elblag.pl\/?p=3124"},"modified":"2018-04-24T11:42:42","modified_gmt":"2018-04-24T11:42:42","slug":"ogloszenia-parafialne-22-04-2018-r-iv-niedziela-wielkanocna","status":"publish","type":"post","link":"https:\/\/rafalk-elblag.pl\/?p=3124","title":{"rendered":"OG\u0141OSZENIA PARAFIALNE 22.04.2018 R. \u2013 IV NIEDZIELA WIELKANOCNA"},"content":{"rendered":"<p><a href=\"http:\/\/rafalk-elblag.pl\/wp-content\/uploads\/2016\/12\/pulpit.jpg\"><img loading=\"lazy\" decoding=\"async\" class=\"alignnone size-large wp-image-2530\" src=\"http:\/\/rafalk-elblag.pl\/wp-content\/uploads\/2016\/12\/pulpit-1024x682.jpg\" alt=\"\" width=\"900\" height=\"599\" srcset=\"https:\/\/rafalk-elblag.pl\/wp-content\/uploads\/2016\/12\/pulpit-1024x682.jpg 1024w, https:\/\/rafalk-elblag.pl\/wp-content\/uploads\/2016\/12\/pulpit-300x200.jpg 300w, https:\/\/rafalk-elblag.pl\/wp-content\/uploads\/2016\/12\/pulpit-768x512.jpg 768w, https:\/\/rafalk-elblag.pl\/wp-content\/uploads\/2016\/12\/pulpit.jpg 1698w\" sizes=\"auto, (max-width: 900px) 100vw, 900px\" \/><\/a><\/p>\n<p>&nbsp;<\/p>\n<p>1. Dzisiaj mo\u017cemy w\u0142\u0105czy\u0107 si\u0119 w akcj\u0119 <strong>\u201ePola Nadziei 2018\u201d.<\/strong> Akcja ta ma uwra\u017cliwi\u0107 spo\u0142ecze\u0144stwo, przypominaj\u0105c o chorych i cierpi\u0105cych, a&nbsp; tak\u017ce zach\u0119ci\u0107 do wolontariatu hospicyjnego. Na terenie Elbl\u0105ga przeprowadzona jest dzi\u015b kwesta. Przed ko\u015bcio\u0142em b\u0119dzie mo\u017cna do puszek z\u0142o\u017cy\u0107 dobrowoln\u0105 ofiar\u0119. Dzi\u0119kujemy.<\/p>\n<p><strong>&nbsp;<\/strong><\/p>\n<p><strong>2. Dzisiaj w IV niedziel\u0119 wielkanocn\u0105, zwan\u0105 Niedziel\u0105 Dobrego Pasterza, w Ko\u015bciele obchodzony jest 55 \u015awiatowy Dzie\u0144 Modlitw o Powo\u0142ania. W Polsce rozpoczyna on Tydzie\u0144 Modlitw o Powo\u0142ania do Kap\u0142a\u0144stwa i \u017bycia Konsekrowanego, kt\u00f3ry tym razem b\u0119dzie przebiega\u0142 pod has\u0142em &#8222;JE\u015aTE\u015aMY NAPE\u0141NIENI DUCHEM \u015aWIETYM&#8221;<\/strong><strong>. <\/strong>Zapraszamy wszystkich do wsp\u00f3lnej modlitwy w intencji m\u0142odych ludzi, aby dobrze rozeznali swoje powo\u0142anie. <strong>Ofiary z\u0142o\u017cone dzi\u015b na tace przeznaczone s\u0105 na utrzymanie i funkcjonowanie Wy\u017cszego Seminarium Duchownego w Elbl\u0105gu. B\u00f3g zap\u0142a\u0107 za modlitw\u0119 i ofiary.<\/strong><\/p>\n<p><strong>&nbsp;<\/strong><\/p>\n<p><strong>3. W sobot\u0119 28 kwietnia br. z naszej parafii wyrusza pielgrzymka piesza do \u015awi\u0119tego Gaju,<\/strong> miejsca m\u0119cze\u0144stwa \u015bw. Wojciecha, g\u0142\u00f3wnego patrona naszej diecezji. Zapraszamy do pielgrzymowania ca\u0142e rodziny. Zapisy u ks. Marcina. Koszt 20 z\u0142. Wyj\u015bcie spod Katedry Elbl\u0105skiej o godz. 6.30. <em>Uroczysta Msza \u015bw. w tym dniu o godz. 15.00.<\/em><\/p>\n<p><strong>&nbsp;<\/strong><\/p>\n<p><strong>4. Rozpoczyna si\u0119 ostatnia prosta przygotowa\u0144 do przyj\u0119cia Sakramentu Bierzmowania dla m\u0142odzie\u017cy z roku II.<\/strong> Warunkiem dopuszczenia do tego sakramentu jest <strong>udzia\u0142 w dniach skupienia<\/strong>, kt\u00f3re dla kandydat\u00f3w do bierzmowania odb\u0119d\u0105 si\u0119 w naszej parafii w dniach: 11-12-13 maja (na tydzie\u0144 przed bierzmowaniem). W zwi\u0105zku z tym ks. Marcin prosi o mobilizacj\u0119 wszystkich kandydat\u00f3w i ich rodzic\u00f3w. <strong>Spotkanie dla rodzic\u00f3w kandydat\u00f3w do sakramentu bierzmowania w czwartek 26 kwietnia o godz. 19:00. Obecno\u015b\u0107 kandydat\u00f3w i rodzic\u00f3w jest obowi\u0105zkowa.<\/strong><\/p>\n<p>&nbsp;<\/p>\n<p>5. W naszej parafii 20 maja br. (niedziela) na Mszy \u015bw. o godz. 18.00 ks. Biskup Senior J\u00f3zef Wysocki udzieli SAKRAMENTU BIERZMOWANIA grupie m\u0142odzie\u017cy, kt\u00f3ra przez dwa lata przechodzi\u0142a czas przygotowania. <strong><em>Pro\u015bmy o dary Ducha \u015awi\u0119tego dla tych m\u0142odych ludzi. <\/em><\/strong><\/p>\n<p>&nbsp;<\/p>\n<p>6. Dzieci w wieku od 8 do 13 lat zapraszamy do skorzystania z wypoczynku wakacyjnego w <strong>Diecezjalnym O\u015brodku Caritas &#8211; Mikoszewo<\/strong>. Terminy: 07.07 \u2013 16.07. 2018 (8 miejsc), 18.07. \u2013 27.07.2018 (4 miejsca), 30.07. \u2013 08.08.2018 (4miejsca) oraz 11.08. \u2013 20.08.2018 (4 miejsca). Koszt 410 z\u0142 ze skierowaniem z parafii lub 850 z\u0142 pe\u0142na odp\u0142atno\u015b\u0107. <em>Wi\u0119cej informacji u ks. Proboszcza.<\/em><\/p>\n<p><strong>&nbsp;<\/strong><\/p>\n<p><strong>7. PROPOZYCJA NA WRZESIE\u0143 2018 ROKU. Pielgrzymka do Medjugorie z ks. Piotrem Brykiem w terminie 08 &#8211; 15 wrze\u015bnia 2018.<\/strong> <strong>C<em>odziennie \u015bniadanie i obiadokolacja. <\/em><\/strong>Wsp\u00f3lna droga krzy\u017cowa na G\u00f3r\u0119 Kri\u017cevac oraz wej\u015bcie na G\u00f3r\u0119 Zjawie\u0144 \u2013 Podbrdo. Wyjazd do Mostaru i nad wodospad Kravice (<em>mo\u017cliwo\u015b\u0107 k\u0105pieli)<\/em> <strong>Koszt pielgrzymki: 650 z\u0142 i 150 euro. Zapisy w zakrystii.<\/strong><\/p>\n<p>&nbsp;<\/p>\n<p>8. Wszystkim Jubilatom i Solenizantom tego tygodnia \u017cyczymy wszelkiego dobra w \u017cyciu i b\u0142ogos\u0142awie\u0144stwa Bo\u017cego.<\/p>\n<p>&nbsp;<\/p>\n<p>9. Przed ko\u015bcio\u0142em mo\u017cna naby\u0107 pras\u0119 katolick\u0105: <em>\u201eGo\u015b\u0107 Niedzielny\u201d<\/em> w cenie 5 z\u0142.<\/p>\n<p>&nbsp;<\/p>\n<p>10. Pan powo\u0142a\u0142 do wieczno\u015bci:<\/p>\n<p>\u015ap. Krystyn\u0119 Bielan, lat 77 z ul. Tuwima<\/p>\n<p>\u015ap. Longin\u0119 Karandziej, lat 95 z ul. Lubelskiej.<\/p>\n<p>&nbsp;<\/p>\n<table class=\" aligncenter\">\n<tbody>\n<tr>\n<td>\n<p style=\"text-align: left;\">Numer Konta Parafialnego<\/p>\n<\/td>\n<\/tr>\n<\/tbody>\n<\/table>\n<p style=\"text-align: left;\">PKO BP 72 1020 1752 0000 0102 0069 6047<\/p>\n<p style=\"text-align: left;\">&nbsp;<\/p>\n<p style=\"text-align: left;\">&nbsp;<\/p>\n","protected":false},"excerpt":{"rendered":"<p>&nbsp; 1. Dzisiaj mo\u017cemy w\u0142\u0105czy\u0107 si\u0119 w akcj\u0119 \u201ePola Nadziei 2018\u201d. Akcja ta ma uwra\u017cliwi\u0107 spo\u0142ecze\u0144stwo, przypominaj\u0105c o chorych i cierpi\u0105cych, a&nbsp; tak\u017ce zach\u0119ci\u0107 do wolontariatu hospicyjnego. Na terenie Elbl\u0105ga przeprowadzona jest dzi\u015b kwesta. Przed ko\u015bcio\u0142em b\u0119dzie mo\u017cna do puszek z\u0142o\u017cy\u0107 dobrowoln\u0105 ofiar\u0119. Dzi\u0119kujemy. &nbsp; 2. Dzisiaj w IV niedziel\u0119 wielkanocn\u0105, zwan\u0105 Niedziel\u0105 Dobrego Pasterza, [&hellip;]<\/p>\n","protected":false},"author":1,"featured_media":2530,"comment_status":"closed","ping_status":"closed","sticky":false,"template":"","format":"standard","meta":{"ngg_post_thumbnail":0,"footnotes":""},"categories":[11,8,3],"tags":[],"class_list":["post-3124","post","type-post","status-publish","format-standard","has-post-thumbnail","hentry","category-aktualnosci","category-blog","category-ogloszenia"],"_links":{"self":[{"href":"https:\/\/rafalk-elblag.pl\/index.php?rest_route=\/wp\/v2\/posts\/3124","targetHints":{"allow":["GET"]}}],"collection":[{"href":"https:\/\/rafalk-elblag.pl\/index.php?rest_route=\/wp\/v2\/posts"}],"about":[{"href":"https:\/\/rafalk-elblag.pl\/index.php?rest_route=\/wp\/v2\/types\/post"}],"author":[{"embeddable":true,"href":"https:\/\/rafalk-elblag.pl\/index.php?rest_route=\/wp\/v2\/users\/1"}],"replies":[{"embeddable":true,"href":"https:\/\/rafalk-elblag.pl\/index.php?rest_route=%2Fwp%2Fv2%2Fcomments&post=3124"}],"version-history":[{"count":1,"href":"https:\/\/rafalk-elblag.pl\/index.php?rest_route=\/wp\/v2\/posts\/3124\/revisions"}],"predecessor-version":[{"id":3125,"href":"https:\/\/rafalk-elblag.pl\/index.php?rest_route=\/wp\/v2\/posts\/3124\/revisions\/3125"}],"wp:featuredmedia":[{"embeddable":true,"href":"https:\/\/rafalk-elblag.pl\/index.php?rest_route=\/wp\/v2\/media\/2530"}],"wp:attachment":[{"href":"https:\/\/rafalk-elblag.pl\/index.php?rest_route=%2Fwp%2Fv2%2Fmedia&parent=3124"}],"wp:term":[{"taxonomy":"category","embeddable":true,"href":"https:\/\/rafalk-elblag.pl\/index.php?rest_route=%2Fwp%2Fv2%2Fcategories&post=3124"},{"taxonomy":"post_tag","embeddable":true,"href":"https:\/\/rafalk-elblag.pl\/index.php?rest_route=%2Fwp%2Fv2%2Ftags&post=3124"}],"curies":[{"name":"wp","href":"https:\/\/api.w.org\/{rel}","templated":true}]}}