{"id":3122,"date":"2018-04-24T11:36:55","date_gmt":"2018-04-24T11:36:55","guid":{"rendered":"http:\/\/rafalk-elblag.pl\/?p=3122"},"modified":"2018-04-24T11:36:55","modified_gmt":"2018-04-24T11:36:55","slug":"intencje-mszalne-na-iv-tydzien-wielkanocny-23-04-6-05-2018","status":"publish","type":"post","link":"https:\/\/rafalk-elblag.pl\/?p=3122","title":{"rendered":"INTENCJE MSZALNE NA IV TYDZIE\u0143 WIELKANOCNY (23.04. &#8211; 6.05. 2018)"},"content":{"rendered":"<p><a href=\"http:\/\/rafalk-elblag.pl\/wp-content\/uploads\/2016\/12\/shutterstock_49643152-1000.jpg\"><img loading=\"lazy\" decoding=\"async\" class=\"alignnone size-full wp-image-2526\" src=\"http:\/\/rafalk-elblag.pl\/wp-content\/uploads\/2016\/12\/shutterstock_49643152-1000.jpg\" alt=\"\" width=\"1000\" height=\"665\" srcset=\"https:\/\/rafalk-elblag.pl\/wp-content\/uploads\/2016\/12\/shutterstock_49643152-1000.jpg 1000w, https:\/\/rafalk-elblag.pl\/wp-content\/uploads\/2016\/12\/shutterstock_49643152-1000-300x200.jpg 300w, https:\/\/rafalk-elblag.pl\/wp-content\/uploads\/2016\/12\/shutterstock_49643152-1000-768x511.jpg 768w\" sizes=\"auto, (max-width: 1000px) 100vw, 1000px\" \/><\/a><\/p>\n<p>&nbsp;<\/p>\n<table width=\"726\">\n<tbody>\n<tr>\n<td colspan=\"2\" width=\"593\"><strong>23 kwietnia&nbsp;&nbsp; PONIEDZIA\u0141EK<br \/>\nUroczysto\u015b\u0107 \u015bw. Wojciecha [biskupa i m\u0119czennika,<br \/>\ng\u0142\u00f3wnego patrona Polski i diecezji elbl\u0105skiej]<\/strong><\/td>\n<td width=\"133\"><strong><em>J 12, 24-26<\/em><\/strong><\/td>\n<\/tr>\n<tr>\n<td width=\"87\">8:00<\/td>\n<td colspan=\"2\" width=\"639\">\u015ap. Dionizy i Maria Szersze\u0144, \u015bp. Zofia Frejlak oraz zmarli rodzice:<br \/>\nKazimiera (k) i W\u0142adys\u0142aw<\/td>\n<\/tr>\n<tr>\n<td width=\"87\">18:00<\/td>\n<td colspan=\"2\" width=\"639\">O Dary Ducha \u015awi\u0119tego, Bo\u017ce b\u0142ogos\u0142awie\u0144stwo i opiek\u0119 Matki Bo\u017cej Kap\u0142an\u00f3w dla ks. kan. Wojciecha Zwolickiego z okazji imienin \u2013 intencja od Margatetki ma\u0142\u017ce\u0144skiej<\/td>\n<\/tr>\n<tr>\n<td width=\"87\">18:00<\/td>\n<td colspan=\"2\" width=\"639\"><em>Rez.<\/em><\/td>\n<\/tr>\n<\/tbody>\n<\/table>\n<p>&nbsp;<\/p>\n<table width=\"726\">\n<tbody>\n<tr>\n<td colspan=\"2\" width=\"593\"><strong>24 kwietnia&nbsp;&nbsp; <\/strong><strong>WTOREK<\/strong><\/td>\n<td width=\"133\"><strong><em>J 10, 22-30<\/em><\/strong><\/td>\n<\/tr>\n<tr>\n<td width=\"87\">8:00<\/td>\n<td colspan=\"2\" width=\"639\"><em>intencja wolna<\/em><\/td>\n<\/tr>\n<tr>\n<td width=\"87\">18:00<\/td>\n<td colspan=\"2\" width=\"639\">\u015ap. Janina Wielesik w 30 dzie\u0144 po pogrzebie<\/td>\n<\/tr>\n<tr>\n<td width=\"87\">18:00<\/td>\n<td colspan=\"2\" width=\"639\">\u015ap. Wanda B\u0119tlewska w 30 dzie\u0144 po pogrzebie<\/td>\n<\/tr>\n<\/tbody>\n<\/table>\n<p>&nbsp;<\/p>\n<table width=\"726\">\n<tbody>\n<tr>\n<td colspan=\"2\" width=\"593\"><strong>25 kwietnia&nbsp;&nbsp; \u015aRODA<\/strong><\/p>\n<p><strong>\u015awi\u0119to \u015bw. Marka [ewangelisty]<\/strong><\/td>\n<td width=\"133\"><strong><em>Mk 16, 15-20<\/em><\/strong><\/td>\n<\/tr>\n<tr>\n<td width=\"87\">8:00<\/td>\n<td colspan=\"2\" width=\"639\"><em>intencja wolna<\/em><\/td>\n<\/tr>\n<tr>\n<td width=\"87\">17:30<\/td>\n<td colspan=\"2\" width=\"639\"><em>Nabo\u017ce\u0144stwo do Matki Bo\u017cej Nieustaj\u0105cej Pomocy<\/em><\/td>\n<\/tr>\n<tr>\n<td width=\"87\"><strong>18:00<\/strong><\/td>\n<td colspan=\"2\" width=\"639\"><strong>W intencjach czcicieli Matki Bo\u017cej Nieustaj\u0105cej Pomocy<\/strong><\/td>\n<\/tr>\n<tr>\n<td width=\"87\">18:00<\/td>\n<td colspan=\"2\" width=\"639\">\u015ap. Jan Lis w 20 rocz. \u015bmierci oraz zmarli z rodzin Lis i Pelowskich<\/td>\n<\/tr>\n<\/tbody>\n<\/table>\n<p>&nbsp;<\/p>\n<table width=\"726\">\n<tbody>\n<tr>\n<td colspan=\"2\" width=\"593\"><strong>26 kwietnia&nbsp;&nbsp; CZWARTEK<\/strong><\/td>\n<td width=\"133\"><strong><em>J 13, 16-20<\/em><\/strong><\/td>\n<\/tr>\n<tr>\n<td width=\"87\">8:00<\/td>\n<td colspan=\"2\" width=\"639\">\u015ap. Zdzis\u0142aw Siudzi\u0144ski w 3 rocz. \u015bmierci<\/td>\n<\/tr>\n<tr>\n<td width=\"87\">18:00<\/td>\n<td colspan=\"2\" width=\"639\">\u015ap. Janina i Boles\u0142aw Walko<\/td>\n<\/tr>\n<tr>\n<td width=\"87\">18:00<\/td>\n<td colspan=\"2\" width=\"639\">\u015ap. Zofia \u0141azarska w 10 rocz. \u015bmierci<\/td>\n<\/tr>\n<\/tbody>\n<\/table>\n<p>&nbsp;<\/p>\n<table width=\"726\">\n<tbody>\n<tr>\n<td colspan=\"2\" width=\"593\"><strong>27 kwietnia&nbsp;&nbsp; PI\u0104TEK<\/strong><\/td>\n<td width=\"133\"><strong><em>J 14, 1-6<\/em><\/strong><\/td>\n<\/tr>\n<tr>\n<td width=\"87\">8:00<\/td>\n<td colspan=\"2\" width=\"639\">\u015ap. Zdzis\u0142aw Siudzi\u0144ski w 3 rocz. \u015bmierci<\/td>\n<\/tr>\n<tr>\n<td width=\"87\">18:00<\/td>\n<td colspan=\"2\" width=\"639\">\u015ap. Zofia Dr\u0105gowska w 30 dzie\u0144 po pogrzebie<\/td>\n<\/tr>\n<tr>\n<td width=\"87\">18:00<\/td>\n<td colspan=\"2\" width=\"639\">\u015ap. Andrzej Jankowski<\/td>\n<\/tr>\n<\/tbody>\n<\/table>\n<p>&nbsp;<\/p>\n<table width=\"726\">\n<tbody>\n<tr>\n<td colspan=\"2\" width=\"593\"><strong>28 kwietnia&nbsp;&nbsp; SOBOTA<\/strong><\/td>\n<td width=\"133\"><strong><em>J 14, 7-14<\/em><\/strong><\/td>\n<\/tr>\n<tr>\n<td width=\"87\"><strong>6:30<\/strong><\/td>\n<td colspan=\"2\" width=\"639\"><strong>Wyj\u015bcie pielgrzymki pieszej do \u015awi\u0119tego Gaju (spod ko\u015bcio\u0142a katedralnego)<\/strong><\/td>\n<\/tr>\n<tr>\n<td width=\"87\">8:00<\/td>\n<td colspan=\"2\" width=\"639\">\u015ap. Zdzis\u0142aw Siudzi\u0144ski w 3 rocz. \u015bmierci<\/td>\n<\/tr>\n<tr>\n<td width=\"87\">15:00<\/td>\n<td colspan=\"2\" width=\"639\">Msza \u015blubna: Aleksandra Kantowska \u2013 Dawid Zelma<\/td>\n<\/tr>\n<tr>\n<td width=\"87\">18:00<\/td>\n<td colspan=\"2\" width=\"639\">\u015ap. Jerzy Gawro\u0144ski w 10 rocz. \u015bmierci<\/td>\n<\/tr>\n<\/tbody>\n<\/table>\n<p>&nbsp;<\/p>\n<table width=\"726\">\n<tbody>\n<tr>\n<td colspan=\"2\" width=\"593\"><strong>29 kwietnia&nbsp;&nbsp; V NIEDZIELA WIELKANOCNA<\/strong><\/td>\n<td width=\"133\"><strong><em>J 15, 1-8<\/em><\/strong><\/td>\n<\/tr>\n<tr>\n<td width=\"87\">7:00<\/td>\n<td colspan=\"2\" width=\"639\">\u015ap. Zofia Sudo\u0142 w 2 rocz. \u015bmierci oraz \u015bp. Pawe\u0142 Sudo\u0142<\/td>\n<\/tr>\n<tr>\n<td width=\"87\">9:00<\/td>\n<td colspan=\"2\" width=\"639\">Dzi\u0119kczynna w 13 rocz. urodzin Konrada Malinowskiego z pro\u015bb\u0105 o Bo\u017ce b\u0142ogos\u0142awie\u0144stwo i opiek\u0119 Matki Bo\u017cej<\/td>\n<\/tr>\n<tr>\n<td width=\"87\">9:00<\/td>\n<td colspan=\"2\" width=\"639\">\u015ap. Jadwiga i Roman Koryccy oraz \u015bp. siostry: Lucyna i El\u017cbieta<\/td>\n<\/tr>\n<tr>\n<td width=\"87\">10:30<\/td>\n<td colspan=\"2\" width=\"639\">Dzi\u0119kczynna za rodzin\u0119 Cz\u0119czk\u00f3w z pro\u015bb\u0105 o Bo\u017ce b\u0142ogos\u0142\u0105wie\u0144stwo dla nich<br \/>\ni dzieci<\/td>\n<\/tr>\n<tr>\n<td width=\"87\"><strong>12:00<\/strong><\/td>\n<td colspan=\"2\" width=\"639\"><strong>Za parafian<\/strong><\/td>\n<\/tr>\n<tr>\n<td width=\"87\">15:00<\/td>\n<td colspan=\"2\" width=\"639\"><em>Rez.<\/em><\/td>\n<\/tr>\n<tr>\n<td width=\"87\"><strong>18:00<\/strong><\/td>\n<td colspan=\"2\" width=\"639\"><strong>Msza \u015aw. za maturzyst\u00f3w, z pro\u015bb\u0105 o Bo\u017ce b\u0142ogos\u0142awie\u0144stwo na czas egzamin\u00f3w maturalnych, dary Ducha \u015awi\u0119tego i dobre wybory w \u017cyciu<\/strong><\/td>\n<\/tr>\n<\/tbody>\n<\/table>\n<p>&nbsp;<\/p>\n<p>&nbsp;<\/p>\n","protected":false},"excerpt":{"rendered":"<p>&nbsp; 23 kwietnia&nbsp;&nbsp; PONIEDZIA\u0141EK Uroczysto\u015b\u0107 \u015bw. Wojciecha [biskupa i m\u0119czennika, g\u0142\u00f3wnego patrona Polski i diecezji elbl\u0105skiej] J 12, 24-26 8:00 \u015ap. Dionizy i Maria Szersze\u0144, \u015bp. Zofia Frejlak oraz zmarli rodzice: Kazimiera (k) i W\u0142adys\u0142aw 18:00 O Dary Ducha \u015awi\u0119tego, Bo\u017ce b\u0142ogos\u0142awie\u0144stwo i opiek\u0119 Matki Bo\u017cej Kap\u0142an\u00f3w dla ks. kan. Wojciecha Zwolickiego z okazji imienin [&hellip;]<\/p>\n","protected":false},"author":1,"featured_media":2526,"comment_status":"closed","ping_status":"closed","sticky":false,"template":"","format":"standard","meta":{"ngg_post_thumbnail":0,"footnotes":""},"categories":[11,8,4],"tags":[],"class_list":["post-3122","post","type-post","status-publish","format-standard","has-post-thumbnail","hentry","category-aktualnosci","category-blog","category-intencje"],"_links":{"self":[{"href":"https:\/\/rafalk-elblag.pl\/index.php?rest_route=\/wp\/v2\/posts\/3122","targetHints":{"allow":["GET"]}}],"collection":[{"href":"https:\/\/rafalk-elblag.pl\/index.php?rest_route=\/wp\/v2\/posts"}],"about":[{"href":"https:\/\/rafalk-elblag.pl\/index.php?rest_route=\/wp\/v2\/types\/post"}],"author":[{"embeddable":true,"href":"https:\/\/rafalk-elblag.pl\/index.php?rest_route=\/wp\/v2\/users\/1"}],"replies":[{"embeddable":true,"href":"https:\/\/rafalk-elblag.pl\/index.php?rest_route=%2Fwp%2Fv2%2Fcomments&post=3122"}],"version-history":[{"count":1,"href":"https:\/\/rafalk-elblag.pl\/index.php?rest_route=\/wp\/v2\/posts\/3122\/revisions"}],"predecessor-version":[{"id":3123,"href":"https:\/\/rafalk-elblag.pl\/index.php?rest_route=\/wp\/v2\/posts\/3122\/revisions\/3123"}],"wp:featuredmedia":[{"embeddable":true,"href":"https:\/\/rafalk-elblag.pl\/index.php?rest_route=\/wp\/v2\/media\/2526"}],"wp:attachment":[{"href":"https:\/\/rafalk-elblag.pl\/index.php?rest_route=%2Fwp%2Fv2%2Fmedia&parent=3122"}],"wp:term":[{"taxonomy":"category","embeddable":true,"href":"https:\/\/rafalk-elblag.pl\/index.php?rest_route=%2Fwp%2Fv2%2Fcategories&post=3122"},{"taxonomy":"post_tag","embeddable":true,"href":"https:\/\/rafalk-elblag.pl\/index.php?rest_route=%2Fwp%2Fv2%2Ftags&post=3122"}],"curies":[{"name":"wp","href":"https:\/\/api.w.org\/{rel}","templated":true}]}}