{"id":3119,"date":"2018-04-16T11:29:10","date_gmt":"2018-04-16T11:29:10","guid":{"rendered":"http:\/\/rafalk-elblag.pl\/?p=3119"},"modified":"2018-04-16T11:29:10","modified_gmt":"2018-04-16T11:29:10","slug":"ogloszenia-parafialne-15-04-2018-r-iii-niedziela-wielkanocna","status":"publish","type":"post","link":"https:\/\/rafalk-elblag.pl\/?p=3119","title":{"rendered":"OG\u0141OSZENIA PARAFIALNE 15.04.2018 R. \u2013 III NIEDZIELA WIELKANOCNA"},"content":{"rendered":"<p><a href=\"http:\/\/rafalk-elblag.pl\/wp-content\/uploads\/2016\/12\/pulpit.jpg\"><img loading=\"lazy\" decoding=\"async\" class=\"alignnone size-large wp-image-2530\" src=\"http:\/\/rafalk-elblag.pl\/wp-content\/uploads\/2016\/12\/pulpit-1024x682.jpg\" alt=\"\" width=\"900\" height=\"599\" srcset=\"https:\/\/rafalk-elblag.pl\/wp-content\/uploads\/2016\/12\/pulpit-1024x682.jpg 1024w, https:\/\/rafalk-elblag.pl\/wp-content\/uploads\/2016\/12\/pulpit-300x200.jpg 300w, https:\/\/rafalk-elblag.pl\/wp-content\/uploads\/2016\/12\/pulpit-768x512.jpg 768w, https:\/\/rafalk-elblag.pl\/wp-content\/uploads\/2016\/12\/pulpit.jpg 1698w\" sizes=\"auto, (max-width: 900px) 100vw, 900px\" \/><\/a><\/p>\n<p>&nbsp;<\/p>\n<p><strong>1. Zako\u0144czy\u0142 si\u0119 <\/strong>74. Tydzie\u0144 Mi\u0142osierdzia prze\u017cywany pod has\u0142em \u201eMI\u0141OSIERDZIE \u0179R\u00d3D\u0141EM WOLNO\u015aCI\u201d.<strong> Dzisiejsze ofiary zbierane<\/strong> do puszek przeznaczone s\u0105 na potrzeby Caritas Diecezji Elbl\u0105skiej.<em> Dzi\u0119kujemy!<\/em><\/p>\n<p>&nbsp;<\/p>\n<p>2. Dzisiejsza niedziela prze\u017cywana jest w Ko\u015bciele w Polsce, jako Niedziela Biblijna, a zarazem jest to Narodowy Dzie\u0144 Czytania PISMA \u015aWI\u0118TEGO <strong>\u201eWE\u0179 I CZYTAJ!\u201d.<\/strong> <strong>Gor\u0105co zach\u0119camy Parafian do cz\u0119stego si\u0119gania po Pismo \u015awi\u0119te i rozmi\u0142owania w czytaniu S\u0142owa Bo\u017cego. W naszej parafii obchody Tygodnia Biblijnego codziennie o godz. 17:40 przed Msz\u0105 \u015awi\u0119t\u0105 wieczorn\u0105. Codziennie Wsp\u00f3lnoty b\u0119d\u0105 czyta\u0107 List do Rzymian w\u0142\u0105czaj\u0105c si\u0119 tym samym do og\u00f3lnopolskiej akcji lektury Pisma \u015awi\u0119tego.<\/strong><\/p>\n<p>&nbsp;<\/p>\n<p>3. Jutro 16 kwietnia dzie\u0144 modlitw za <strong>Bractwo Szkaplerzne,<\/strong> a tak\u017ce za osoby nosz\u0105ce Szkaplerz \u015awi\u0119ty. Zapraszamy wszystkich nale\u017c\u0105cych i pragn\u0105cych w\u0142\u0105czy\u0107 si\u0119 do tej wsp\u00f3lnoty na Msz\u0119 \u015bw. o godz. 18:00 z kolejn\u0105 katechez\u0105 o \u015bw. J\u00f3zefie. W tym dniu mo\u017cemy przyj\u0105\u0107 SZKAPLERZ KARMELITA\u0143SKI. Zapraszamy.<\/p>\n<p>&nbsp;<\/p>\n<p>4. Spotkanie dla rodzic\u00f3w dzieci przygotowuj\u0105cych si\u0119 do I Komunii \u015awi\u0119tej odb\u0119dzie si\u0119 w dw\u00f3ch terminach:<\/p>\n<ul>\n<li>17 kwietnia 2018 r. o godz. 19.00 klasy III A, B i spoza szko\u0142y<\/li>\n<li>18 kwietnia 2018 r. o godz. 19.00 klasy III C, D, E.<\/li>\n<\/ul>\n<p><strong>Obecno\u015b\u0107 rodzica obowi\u0105zkowa.<\/strong><\/p>\n<p><strong>&nbsp;<\/strong><\/p>\n<p><strong>5. Rozpoczyna si\u0119 ostatnia prosta przygotowa\u0144 do przyj\u0119cia Sakramentu Bierzmowania dla m\u0142odzie\u017cy z roku II.<\/strong> Warunkiem dopuszczenia do tego sakramentu jest <strong>udzia\u0142 w dniach skupienia<\/strong>, kt\u00f3re dla kandydat\u00f3w do bierzmowania odb\u0119d\u0105 si\u0119 w naszej parafii w dniach: 11-12-13 maja (na tydzie\u0144 przed bierzmowaniem). W zwi\u0105zku z tym ks. Marcin prosi o mobilizacj\u0119 wszystkich kandydat\u00f3w i ich rodzic\u00f3w i tak w najbli\u017cszym czasie odb\u0119dzie si\u0119 <strong>spotkanie dla kandydat\u00f3w do bierzmowania: w czwartek 19 kwietnia o godz. 19:00; natomiast dla rodzic\u00f3w kandydat\u00f3w do sakramentu bierzmowania w czwartek 26 kwietnia o godz. 19:00. Obecno\u015b\u0107 kandydat\u00f3w i rodzic\u00f3w jest obowi\u0105zkowa.<\/strong><\/p>\n<p><strong>&nbsp;<\/strong><\/p>\n<p><strong>6. Spotkanie Kr\u0119gu Biblijnego<\/strong> odb\u0119dzie si\u0119 w \u015brod\u0119 18.04.2018 r. o godz. 19.00. Ks. \u0141ukasz zaprasza w I i III \u015brod\u0119 miesi\u0105ca na spotkania ze S\u0141OWEM BO\u017bYM.<\/p>\n<p>&nbsp;<\/p>\n<p>7. W ROKU 25-lecia powstania naszej parafii rozpoczynamy <strong>NOWENNN\u0118 przygotowuj\u0105c\u0105 do uroczystego prze\u017cycia tego JUBILEUSZU<\/strong>. Przez 9 miesi\u0119cy, ka\u017cdego 20-go dnia miesi\u0105ca na Mszy \u015bw. o godz. 18:00 b\u0119d\u0105 zapraszani kap\u0142ani, kt\u00f3rzy pos\u0142ugiwali w\u015br\u00f3d nas. <strong>Tym razem przyjedzie <u>ks. Pawe\u0142 Guminiak<\/u> ze S\u0142owem Bo\u017cym i wspomnieniami prze\u017cytych w tej parafii 3 lat.<\/strong> Zapraszam gor\u0105co do w\u0142\u0105czenia si\u0119 w t\u0105 szczeg\u00f3ln\u0105 <strong>NOWENN\u0118.<\/strong> Przypominam 20 kwietnia (pi\u0105tek) godz. 18:00. <em>Licz\u0119 na Wasz\u0105 obecno\u015b\u0107.<\/em><\/p>\n<p>&nbsp;<\/p>\n<p>8. Sk\u0142adamy serdeczne podzi\u0119kowania za ofiary z\u0142o\u017cone w Niedziel\u0119 Bo\u017cego Mi\u0142osierdzia. Przyniesiono 246 skarbonek (a rozdano 700) z ja\u0142mu\u017cn\u0105 wielkopostn\u0105 2018 w ramach og\u00f3lnopolskiej akcji \u201eDAR JUNIORA DLA SENIORA\u201d i zebrano 3513 z\u0142. Na \u015bwi\u0119ta Wielkanocne zosta\u0142o wydanych 35 paczek. Za wszystkie ofiary, kt\u00f3re s\u0105 pomoc\u0105 dla potrzebuj\u0105cych sk\u0142adamy \u201eB\u00f3g zap\u0142a\u0107\u201d. <strong>INFORMUJEMY<\/strong>: Parafialny Oddzia\u0142 Caritas znajduje si\u0119 na ul. Myliusa 1A i czynny jest w ka\u017cdy czwartek od godz. 16.00 do godz. 17.00<\/p>\n<p>&nbsp;<\/p>\n<p>9. Dzieci w wieku od 8 do 13 lat zapraszamy do skorzystania z wypoczynku wakacyjnego w <strong>Diecezjalnym O\u015brodku Caritas &#8211; Mikoszewo<\/strong>. Terminy: 07.07 \u2013 16.07. 2018(8 miejsc), 18.07. \u2013 27.07.2018 (4 miejsca), 30.07. \u2013 08.08.2018 (4miejsca) oraz 11.08. \u2013 20.08.2018 (4 miejsca). Koszt 410 z\u0142 ze skierowaniem z parafii lub 850 z\u0142 pe\u0142na odp\u0142atno\u015b\u0107. <em>Wi\u0119cej informacji u ks. Proboszcza.<\/em><\/p>\n<p>&nbsp;<\/p>\n<p>10. W najbli\u017csz\u0105 niedziel\u0119 &#8211; Niedziel\u0119 Dobrego Pasterza &#8211; rozpoczynamy <strong>55.<\/strong> <strong>Tydzie\u0144 Modlitw o Powo\u0142ania<\/strong>. Zapraszamy wszystkich do wsp\u00f3lnej modlitwy w intencji m\u0142odych ludzi, aby dobrze rozeznali swoje powo\u0142anie.<\/p>\n<p>&nbsp;<\/p>\n<p>11. W dniach 17-19 sierpnia br. b\u0119dziemy go\u015bcili w Elbl\u0105gu ugandyjskiego ewangelizatora o.<strong> Johna&nbsp; Bashobor\u0119,<\/strong> kt\u00f3ry poprowadzi rekolekcje pt. <strong>\u201ePouk\u0142adaj to sobie\u201d.<\/strong> Jest to zaproszenie do pouk\u0142adania swojego \u017cycia w mocy Ducha \u015awi\u0119tego, kt\u00f3rego otrzymali\u015bmy przez chrzest i bierzmowanie. Zapisy na stronie: <a href=\"http:\/\/www.rekolekcje-elblag.pl\">www.rekolekcje-elblag.pl<\/a> Zapisy tak\u017ce w biurze rekolekcyjnym, kt\u00f3re mie\u015bci si\u0119 w plebanii parafii katedralnej. Biuro Rekolekcyjne czynne b\u0119dzie w ka\u017cd\u0105 niedziel\u0119 w godzinach od 10.00 do 13.00, aby umo\u017cliwi\u0107 osobiste zapisy na rekolekcje. Kontakt z organizatorami: 606 181 748 oraz 663 543 480 (w godz. 16.00 &#8211; 20.00), lub mailowo: <a href=\"mailto:cne.elblag@gmail.com\">cne.elblag@gmail.com<\/a>.<\/p>\n<p><strong>&nbsp;<\/strong><\/p>\n<p><strong>12. W sobot\u0119 28 kwietnia br. z naszej parafii wyrusza pielgrzymka piesza do \u015awi\u0119tego Gaju,<\/strong> miejsca m\u0119cze\u0144stwa \u015bw. Wojciecha, g\u0142\u00f3wnego patrona naszej diecezji. Zapraszamy do pielgrzymowania ca\u0142e rodziny. Zapisy u ks. Marcina. Koszt 20 z\u0142 (autokar powrotny, ubezpieczenie). Wyj\u015bcie spod Katedry Elbl\u0105skiej o godz. 6.30.<\/p>\n<p>&nbsp;<\/p>\n<p>13. Za tydzie\u0144 b\u0119dziemy mogli w\u0142\u0105czy\u0107 si\u0119 w akcj\u0119 <strong>\u201ePola Nadziei 2018\u201d.<\/strong> Akcja ma uwra\u017cliwi\u0107 spo\u0142ecze\u0144stwo, przypominaj\u0105c o chorych i cierpi\u0105cych, a&nbsp; tak\u017ce zach\u0119ci\u0107 do wolontariatu hospicyjnego. W tym dniu (22 kwietnia) na terenie Elbl\u0105ga b\u0119dzie przeprowadzona kwesta. Przed ko\u015bcio\u0142em b\u0119dzie mo\u017cna do puszek z\u0142o\u017cy\u0107 dobrowoln\u0105 ofiar\u0119. Dzi\u0119kujemy.<\/p>\n<p><strong>&nbsp;<\/strong><\/p>\n<p><strong>14. PROPOZYCJA NA WRZESIE\u0143 2018 ROKU. Pielgrzymka do Medjugorie z ks. Piotrem Brykiem w terminie 08 &#8211; 15 wrze\u015bnia 2018.<\/strong> <strong>C<em>odziennie \u015bniadanie i obiadokolacja. <\/em><\/strong>Wsp\u00f3lna droga krzy\u017cowa na G\u00f3r\u0119 Kri\u017cevac oraz wej\u015bcie na G\u00f3r\u0119 Zjawie\u0144 \u2013 Podbrdo. Wyjazd do Mostaru i nad wodospad Kravice (<em>mo\u017cliwo\u015b\u0107 k\u0105pieli)<\/em>. <strong>Koszt pielgrzymki: 650 z\u0142 i 150 euro. Zapisy w zakrystii.<\/strong><\/p>\n<p>&nbsp;<\/p>\n<p>15. Przed ko\u015bcio\u0142em mo\u017cna naby\u0107 pras\u0119 katolick\u0105: <em>\u201eGo\u015b\u0107 Niedzielny\u201d<\/em> w cenie 5 z\u0142. oraz nowy numer \u201eCuda i \u0141aski Bo\u017ce\u201d w cenie 3,50 z\u0142.<\/p>\n<p>&nbsp;<\/p>\n<p>16. Pan powo\u0142a\u0142 do wieczno\u015bci:<\/p>\n<p>\u015bp. Zbigniewa Kraszewkiego lat 69 z ul. Sobieskiego;<\/p>\n<p>\u015bp. J\u00f3zefa Lewickiego lat 66 z ul. Krzywoustego.<\/p>\n<p>&nbsp;<\/p>\n<p>&nbsp;<\/p>\n","protected":false},"excerpt":{"rendered":"<p>&nbsp; 1. Zako\u0144czy\u0142 si\u0119 74. Tydzie\u0144 Mi\u0142osierdzia prze\u017cywany pod has\u0142em \u201eMI\u0141OSIERDZIE \u0179R\u00d3D\u0141EM WOLNO\u015aCI\u201d. Dzisiejsze ofiary zbierane do puszek przeznaczone s\u0105 na potrzeby Caritas Diecezji Elbl\u0105skiej. Dzi\u0119kujemy! &nbsp; 2. Dzisiejsza niedziela prze\u017cywana jest w Ko\u015bciele w Polsce, jako Niedziela Biblijna, a zarazem jest to Narodowy Dzie\u0144 Czytania PISMA \u015aWI\u0118TEGO \u201eWE\u0179 I CZYTAJ!\u201d. Gor\u0105co zach\u0119camy Parafian do [&hellip;]<\/p>\n","protected":false},"author":1,"featured_media":2530,"comment_status":"closed","ping_status":"closed","sticky":false,"template":"","format":"standard","meta":{"ngg_post_thumbnail":0,"footnotes":""},"categories":[11,8,3],"tags":[],"class_list":["post-3119","post","type-post","status-publish","format-standard","has-post-thumbnail","hentry","category-aktualnosci","category-blog","category-ogloszenia"],"_links":{"self":[{"href":"https:\/\/rafalk-elblag.pl\/index.php?rest_route=\/wp\/v2\/posts\/3119","targetHints":{"allow":["GET"]}}],"collection":[{"href":"https:\/\/rafalk-elblag.pl\/index.php?rest_route=\/wp\/v2\/posts"}],"about":[{"href":"https:\/\/rafalk-elblag.pl\/index.php?rest_route=\/wp\/v2\/types\/post"}],"author":[{"embeddable":true,"href":"https:\/\/rafalk-elblag.pl\/index.php?rest_route=\/wp\/v2\/users\/1"}],"replies":[{"embeddable":true,"href":"https:\/\/rafalk-elblag.pl\/index.php?rest_route=%2Fwp%2Fv2%2Fcomments&post=3119"}],"version-history":[{"count":1,"href":"https:\/\/rafalk-elblag.pl\/index.php?rest_route=\/wp\/v2\/posts\/3119\/revisions"}],"predecessor-version":[{"id":3120,"href":"https:\/\/rafalk-elblag.pl\/index.php?rest_route=\/wp\/v2\/posts\/3119\/revisions\/3120"}],"wp:featuredmedia":[{"embeddable":true,"href":"https:\/\/rafalk-elblag.pl\/index.php?rest_route=\/wp\/v2\/media\/2530"}],"wp:attachment":[{"href":"https:\/\/rafalk-elblag.pl\/index.php?rest_route=%2Fwp%2Fv2%2Fmedia&parent=3119"}],"wp:term":[{"taxonomy":"category","embeddable":true,"href":"https:\/\/rafalk-elblag.pl\/index.php?rest_route=%2Fwp%2Fv2%2Fcategories&post=3119"},{"taxonomy":"post_tag","embeddable":true,"href":"https:\/\/rafalk-elblag.pl\/index.php?rest_route=%2Fwp%2Fv2%2Ftags&post=3119"}],"curies":[{"name":"wp","href":"https:\/\/api.w.org\/{rel}","templated":true}]}}