{"id":3115,"date":"2018-04-09T21:10:23","date_gmt":"2018-04-09T21:10:23","guid":{"rendered":"http:\/\/rafalk-elblag.pl\/?p=3115"},"modified":"2018-04-09T21:12:55","modified_gmt":"2018-04-09T21:12:55","slug":"ogloszenia-parafialne-8-04-2018-r-niedziela-bozego-milosierdzia","status":"publish","type":"post","link":"https:\/\/rafalk-elblag.pl\/?p=3115","title":{"rendered":"OG\u0141OSZENIA PARAFIALNE 8.04.2018 R. \u2013 NIEDZIELA BO\u017bEGO MI\u0141OSIERDZIA"},"content":{"rendered":"<p><a href=\"http:\/\/rafalk-elblag.pl\/wp-content\/uploads\/2016\/12\/pulpit.jpg\"><img loading=\"lazy\" decoding=\"async\" class=\"alignnone size-large wp-image-2530\" src=\"http:\/\/rafalk-elblag.pl\/wp-content\/uploads\/2016\/12\/pulpit-1024x682.jpg\" alt=\"\" width=\"900\" height=\"599\" srcset=\"https:\/\/rafalk-elblag.pl\/wp-content\/uploads\/2016\/12\/pulpit-1024x682.jpg 1024w, https:\/\/rafalk-elblag.pl\/wp-content\/uploads\/2016\/12\/pulpit-300x200.jpg 300w, https:\/\/rafalk-elblag.pl\/wp-content\/uploads\/2016\/12\/pulpit-768x512.jpg 768w, https:\/\/rafalk-elblag.pl\/wp-content\/uploads\/2016\/12\/pulpit.jpg 1698w\" sizes=\"auto, (max-width: 900px) 100vw, 900px\" \/><\/a><\/p>\n<p>&nbsp;<\/p>\n<p>1. Prze\u017cywamy wyj\u0105tkow\u0105 niedziel\u0119, \u201e<strong>Niedziel\u0119 Mi\u0142osierdzia Bo\u017cego\u201d.<\/strong> Uroczysta Msza \u015bw. z odnowieniem Aktu Zawierzenia Parafii Mi\u0142osierdziu Bo\u017cemu odb\u0119dzie si\u0119 o godz. 15.00. Serdecznie zapraszamy. <strong>UWAGA:<\/strong> <em>Jest mo\u017cliwo\u015b\u0107 nabycia obrazu Jezusa Mi\u0142osiernego w cenie 55 z\u0142., kt\u00f3re zostan\u0105 po\u015bwi\u0119cone tego dnia&nbsp;<\/em><em>o godz. 15.00. Zapisy w zakrystii.<\/em><\/p>\n<p>&nbsp;<\/p>\n<p>2. Dzisiaj <strong>przynosimy do ko\u015bcio\u0142a skarbonk\u0119 z ja\u0142mu\u017cn\u0105 wielkopostn\u0105<\/strong> w ramach og\u00f3lnopolskiej akcji \u201eDAR JUNIORA DLA SENIORA\u201d. <em>Skarbonki zostawiamy pod o\u0142tarzem. B\u00f3g zap\u0142a\u0107 za podj\u0119ty trud i z\u0142o\u017con\u0105 ofiar\u0119.<\/em><\/p>\n<p>&nbsp;<\/p>\n<p><strong>3. Tegoroczny <\/strong>74 Tydzie\u0144 Mi\u0142osierdzia b\u0119dzie obchodzony w dniach od 08 do 14 kwietnia pod has\u0142em \u201e MI\u0141OSIERDZIE \u0179R\u00d3D\u0141EM WOLNO\u015aCI\u201d. <strong>Celem Tygodnia Mi\u0142osierdzia jest:<\/strong> budzenie wra\u017cliwo\u015bci na potrzeby bli\u017anich: chorych, samotnych, bezrobotnych, bezdomnych i prze\u015bladowanych. Obchody s\u0105 okazj\u0105 do g\u0142\u0119bszej refleksji na temat mi\u0142osierdzia czynionego na co dzie\u0144. S\u0142u\u017c\u0105 tak\u017ce prezentacji pracy, jak\u0105 r\u00f3\u017cne organizacje charytatywne wykonuj\u0105 na polu pomocy charytatywnej i s\u0105 zach\u0119t\u0105 do aktywnego w\u0142\u0105czania si\u0119 w dzie\u0142a mi\u0142osierdzia.<strong> Za tydzie\u0144 b\u0119d\u0105 zbierane ofiary<\/strong> do puszek na potrzeby Caritas Diecezji Elbl\u0105skiej. <em>Za wszelk\u0105 okazan\u0105 dobro\u0107: Dzi\u0119kujemy!<\/em><\/p>\n<p>&nbsp;<\/p>\n<p><strong>4. Spotkanie dla rodzic\u00f3w dzieci przygotowuj\u0105cych si\u0119 do I Komunii \u015bw.<\/strong> klas III w poniedzia\u0142ek 9 kwietnia br. o godz. 19.00 w ko\u015bciele. <u>Obecno\u015b\u0107 rodzic\u00f3w obowi\u0105zkowa. Prosz\u0119 zabra\u0107 ze sob\u0105 ksi\u0105\u017ceczk\u0119 dziecka. W tym dniu po spotkaniu b\u0119dzie mo\u017cna odebra\u0107 ALBK\u0118 na plebanii.<\/u><\/p>\n<p>&nbsp;<\/p>\n<p>5. Od przysz\u0142ej niedzieli, tj. 15 kwietnia, rozpoczynamy w Ko\u015bciele obchody X EDYCJI <strong>\u201eTygodnia Biblijnego\u201d.<\/strong> Jest to inicjatywa, maj\u0105ca nas przybli\u017cy\u0107 do Ksi\u0119gi Pisma \u015awi\u0119tego.<\/p>\n<p>&nbsp;<\/p>\n<p>6. Przed ko\u015bcio\u0142em mo\u017cna naby\u0107 pras\u0119 katolick\u0105: <em>\u201eGo\u015b\u0107 Niedzielny\u201d<\/em> w cenie 5 z\u0142.<\/p>\n<p>&nbsp;<\/p>\n<table style=\"height: 54px;\" width=\"1058\">\n<tbody>\n<tr>\n<td>\n<p style=\"text-align: center;\"><span style=\"color: #800000;\"><strong>Numer Konta Parafialnego<\/strong><\/span><\/p>\n<\/td>\n<\/tr>\n<\/tbody>\n<\/table>\n<p style=\"text-align: center;\"><span style=\"color: #800000;\"><strong>PKO BP 72 1020 1752 0000 0102 0069 6047<\/strong><\/span><\/p>\n","protected":false},"excerpt":{"rendered":"<p>&nbsp; 1. Prze\u017cywamy wyj\u0105tkow\u0105 niedziel\u0119, \u201eNiedziel\u0119 Mi\u0142osierdzia Bo\u017cego\u201d. Uroczysta Msza \u015bw. z odnowieniem Aktu Zawierzenia Parafii Mi\u0142osierdziu Bo\u017cemu odb\u0119dzie si\u0119 o godz. 15.00. Serdecznie zapraszamy. UWAGA: Jest mo\u017cliwo\u015b\u0107 nabycia obrazu Jezusa Mi\u0142osiernego w cenie 55 z\u0142., kt\u00f3re zostan\u0105 po\u015bwi\u0119cone tego dnia&nbsp;o godz. 15.00. Zapisy w zakrystii. &nbsp; 2. Dzisiaj przynosimy do ko\u015bcio\u0142a skarbonk\u0119 z ja\u0142mu\u017cn\u0105 [&hellip;]<\/p>\n","protected":false},"author":1,"featured_media":2530,"comment_status":"closed","ping_status":"closed","sticky":false,"template":"","format":"standard","meta":{"ngg_post_thumbnail":0,"footnotes":""},"categories":[11,8,3],"tags":[],"class_list":["post-3115","post","type-post","status-publish","format-standard","has-post-thumbnail","hentry","category-aktualnosci","category-blog","category-ogloszenia"],"_links":{"self":[{"href":"https:\/\/rafalk-elblag.pl\/index.php?rest_route=\/wp\/v2\/posts\/3115","targetHints":{"allow":["GET"]}}],"collection":[{"href":"https:\/\/rafalk-elblag.pl\/index.php?rest_route=\/wp\/v2\/posts"}],"about":[{"href":"https:\/\/rafalk-elblag.pl\/index.php?rest_route=\/wp\/v2\/types\/post"}],"author":[{"embeddable":true,"href":"https:\/\/rafalk-elblag.pl\/index.php?rest_route=\/wp\/v2\/users\/1"}],"replies":[{"embeddable":true,"href":"https:\/\/rafalk-elblag.pl\/index.php?rest_route=%2Fwp%2Fv2%2Fcomments&post=3115"}],"version-history":[{"count":1,"href":"https:\/\/rafalk-elblag.pl\/index.php?rest_route=\/wp\/v2\/posts\/3115\/revisions"}],"predecessor-version":[{"id":3116,"href":"https:\/\/rafalk-elblag.pl\/index.php?rest_route=\/wp\/v2\/posts\/3115\/revisions\/3116"}],"wp:featuredmedia":[{"embeddable":true,"href":"https:\/\/rafalk-elblag.pl\/index.php?rest_route=\/wp\/v2\/media\/2530"}],"wp:attachment":[{"href":"https:\/\/rafalk-elblag.pl\/index.php?rest_route=%2Fwp%2Fv2%2Fmedia&parent=3115"}],"wp:term":[{"taxonomy":"category","embeddable":true,"href":"https:\/\/rafalk-elblag.pl\/index.php?rest_route=%2Fwp%2Fv2%2Fcategories&post=3115"},{"taxonomy":"post_tag","embeddable":true,"href":"https:\/\/rafalk-elblag.pl\/index.php?rest_route=%2Fwp%2Fv2%2Ftags&post=3115"}],"curies":[{"name":"wp","href":"https:\/\/api.w.org\/{rel}","templated":true}]}}