{"id":3113,"date":"2018-04-09T21:04:07","date_gmt":"2018-04-09T21:04:07","guid":{"rendered":"http:\/\/rafalk-elblag.pl\/?p=3113"},"modified":"2018-04-09T21:04:07","modified_gmt":"2018-04-09T21:04:07","slug":"intencje-mszalne-na-ii-tydzien-wielkanocny-9-15-04-2018","status":"publish","type":"post","link":"https:\/\/rafalk-elblag.pl\/?p=3113","title":{"rendered":"INTENCJE MSZALNE NA II TYDZIE\u0143 WIELKANOCNY (9-15.04.2018)"},"content":{"rendered":"<p><a href=\"http:\/\/rafalk-elblag.pl\/wp-content\/uploads\/2016\/12\/shutterstock_49643152-1000.jpg\"><img loading=\"lazy\" decoding=\"async\" class=\"alignnone size-full wp-image-2526\" src=\"http:\/\/rafalk-elblag.pl\/wp-content\/uploads\/2016\/12\/shutterstock_49643152-1000.jpg\" alt=\"\" width=\"1000\" height=\"665\" srcset=\"https:\/\/rafalk-elblag.pl\/wp-content\/uploads\/2016\/12\/shutterstock_49643152-1000.jpg 1000w, https:\/\/rafalk-elblag.pl\/wp-content\/uploads\/2016\/12\/shutterstock_49643152-1000-300x200.jpg 300w, https:\/\/rafalk-elblag.pl\/wp-content\/uploads\/2016\/12\/shutterstock_49643152-1000-768x511.jpg 768w\" sizes=\"auto, (max-width: 1000px) 100vw, 1000px\" \/><\/a><\/p>\n<p>&nbsp;<\/p>\n<table width=\"726\">\n<tbody>\n<tr>\n<td colspan=\"2\" width=\"593\"><strong>9 kwietnia&nbsp;&nbsp; PONIEDZIA\u0141EK<\/strong><\/p>\n<p><strong>Uroczysto\u015b\u0107 Zwiastowania Naj\u015bwi\u0119tszej Maryi Pannie<\/strong><\/td>\n<td width=\"133\"><strong><em>\u0141k 1, 26-38<\/em><\/strong><\/td>\n<\/tr>\n<tr>\n<td width=\"87\">8:00<\/td>\n<td colspan=\"2\" width=\"639\"><em>intencja wolna<\/em><\/td>\n<\/tr>\n<tr>\n<td width=\"87\">18:00<\/td>\n<td colspan=\"2\" width=\"639\">\u015ap. Gerhard Bendinger w 30 dzie\u0144 po pogrzebie<\/td>\n<\/tr>\n<tr>\n<td width=\"87\">19:00<\/td>\n<td colspan=\"2\" width=\"639\">Nauka dla rodzic\u00f3w dzieci pierwszokomunijnych<\/td>\n<\/tr>\n<\/tbody>\n<\/table>\n<p>&nbsp;<\/p>\n<table width=\"726\">\n<tbody>\n<tr>\n<td colspan=\"2\" width=\"593\"><strong>10 kwietnia&nbsp;&nbsp; <\/strong><strong>WTOREK<\/strong><\/td>\n<td width=\"133\"><strong><em>J 3, 7b-15<\/em><\/strong><\/td>\n<\/tr>\n<tr>\n<td width=\"87\">8:00<\/td>\n<td colspan=\"2\" width=\"639\">\u015ap. Jerzy Karpow w dniu urodzin<\/td>\n<\/tr>\n<tr>\n<td width=\"87\">18:00<\/td>\n<td colspan=\"2\" width=\"639\">O Bo\u017ce b\u0142ogos\u0142awie\u0144stwo, zdrowie, opiek\u0119 Matki Bo\u017cej dla Ewy i ca\u0142ej rodziny<\/td>\n<\/tr>\n<\/tbody>\n<\/table>\n<p>&nbsp;<\/p>\n<table width=\"726\">\n<tbody>\n<tr>\n<td colspan=\"2\" width=\"593\"><strong>11 kwietnia&nbsp;&nbsp; \u015aRODA<\/strong><\/td>\n<td width=\"133\"><strong><em>J 3, 16-21<\/em><\/strong><\/td>\n<\/tr>\n<tr>\n<td width=\"87\">8:00<\/td>\n<td colspan=\"2\" width=\"639\">Za zmar\u0142ych rodzic\u00f3w: Wo\u0142oszyn i Gdaniec<\/td>\n<\/tr>\n<tr>\n<td width=\"87\">17:30<\/td>\n<td colspan=\"2\" width=\"639\"><em>Nabo\u017ce\u0144stwo do Matki Bo\u017cej Nieustaj\u0105cej Pomocy<\/em><\/td>\n<\/tr>\n<tr>\n<td width=\"87\"><strong>18:00<\/strong><\/td>\n<td colspan=\"2\" width=\"639\"><strong>W intencjach czcicieli Matki Bo\u017cej Nieustaj\u0105cej Pomocy<\/strong><\/td>\n<\/tr>\n<tr>\n<td width=\"87\">18:00<\/td>\n<td colspan=\"2\" width=\"639\">\u015ap. Jadwiga Starzy\u0144ska w 12 rocz. \u015bmierci<\/td>\n<\/tr>\n<\/tbody>\n<\/table>\n<p>&nbsp;<\/p>\n<table width=\"726\">\n<tbody>\n<tr>\n<td colspan=\"2\" width=\"593\"><strong>12 kwietnia&nbsp;&nbsp; CZWARTEK<\/strong><\/td>\n<td width=\"133\"><strong><em>J 3, 3, 31-36<\/em><\/strong><\/td>\n<\/tr>\n<tr>\n<td width=\"87\">8:00<\/td>\n<td colspan=\"2\" width=\"639\"><em>intencja wolna<\/em><\/td>\n<\/tr>\n<tr>\n<td width=\"87\"><strong>18:00<\/strong><\/td>\n<td colspan=\"2\" width=\"639\"><strong>Msza za Ojczyzn\u0119 i parafi\u0119 \u2013 intencja od Wsp\u00f3lnoty Krwi Chrystusa w roku Jubileuszu stulecia niepodleg\u0142o\u015bci i \u0107wier\u0107wiecza istnienia parafii<\/strong><\/td>\n<\/tr>\n<tr>\n<td width=\"87\">18:00<\/td>\n<td colspan=\"2\" width=\"639\">\u015ap. Helena i Jan Kapciak oraz \u015bp. Jan Markiewicz<\/td>\n<\/tr>\n<\/tbody>\n<\/table>\n<p>&nbsp;<\/p>\n<table width=\"726\">\n<tbody>\n<tr>\n<td colspan=\"2\" width=\"593\"><strong>13 kwietnia&nbsp;&nbsp; PI\u0104TEK<\/strong><\/td>\n<td width=\"133\"><strong><em>J 6, 1-15<\/em><\/strong><\/td>\n<\/tr>\n<tr>\n<td width=\"87\">8:00<\/td>\n<td colspan=\"2\" width=\"639\"><em>intencja wolna<\/em><\/td>\n<\/tr>\n<tr>\n<td width=\"87\">18:00<\/td>\n<td colspan=\"2\" width=\"639\">\u015ap. Irena Mackiewicz w 30 dzie\u0144 po pogrzebie<\/td>\n<\/tr>\n<tr>\n<td width=\"87\">18:00<\/td>\n<td colspan=\"2\" width=\"639\">\u015ap. Albin (m) Wodarski, \u015bp. Maria i Zbigniew Kowalscy, \u015bp. Julianna, Franciszka (k), Joanna i Edward<\/td>\n<\/tr>\n<\/tbody>\n<\/table>\n<p>&nbsp;<\/p>\n<table width=\"726\">\n<tbody>\n<tr>\n<td colspan=\"2\" width=\"593\"><strong>14 kwietnia&nbsp;&nbsp; SOBOTA<\/strong><\/td>\n<td width=\"133\"><strong><em>J 6, 16-21<\/em><\/strong><\/td>\n<\/tr>\n<tr>\n<td width=\"87\">8:00<\/td>\n<td colspan=\"2\" width=\"639\"><em>intencja wolna<\/em><\/td>\n<\/tr>\n<tr>\n<td width=\"87\">18:00<\/td>\n<td colspan=\"2\" width=\"639\">\u015ap. Genowefa w 2 rocz. \u015bmierci i Pawe\u0142 w 5 rocz. \u015bmierci Lamparcy, \u015bp. Justyna, Kazimierz, Bernard z rodz. Huszcz\u00f3w<\/td>\n<\/tr>\n<\/tbody>\n<\/table>\n<p>&nbsp;<\/p>\n<table width=\"726\">\n<tbody>\n<tr>\n<td colspan=\"2\" width=\"593\"><strong>15 kwietnia&nbsp;&nbsp; III NIEDZIELA WIELKANOCNA<\/strong><\/td>\n<td width=\"133\"><strong><em>\u0141k 24, 35-48<\/em><\/strong><\/td>\n<\/tr>\n<tr>\n<td width=\"87\">7:00<\/td>\n<td colspan=\"2\" width=\"639\">\u015ap. Marianna Ba\u0142dyga w 13 rocz. \u015bmierci, i \u015bp. Feliks Ba\u0142dyga oraz \u015bp. Lucjan Lasek<\/td>\n<\/tr>\n<tr>\n<td width=\"87\">9:00<\/td>\n<td colspan=\"2\" width=\"639\">\u015ap. Irena i Tadeusz P\u00f3\u0142torzeccy oraz zmarli z rodz. P\u00f3\u0142torzeckich, Uszpolewicz\u00f3w, Rukuj\u017co i To\u0142\u0142oczk\u00f3w<\/td>\n<\/tr>\n<tr>\n<td width=\"87\">9:00<\/td>\n<td colspan=\"2\" width=\"639\"><em>rez. <\/em><\/td>\n<\/tr>\n<tr>\n<td width=\"87\">10:30<\/td>\n<td colspan=\"2\" width=\"639\"><em>intencja wolna<\/em><\/td>\n<\/tr>\n<tr>\n<td width=\"87\"><strong>12:00<\/strong><\/td>\n<td colspan=\"2\" width=\"639\"><strong>Za parafian (chrzty)<\/strong><\/td>\n<\/tr>\n<tr>\n<td width=\"87\">12:00<\/td>\n<td colspan=\"2\" width=\"639\">Dzi\u0119kczynna z okazji 8 rocz. urodzin Mateusza Milanowskiego z pro\u015bb\u0105 o Bo\u017ce b\u0142ogos\u0142awie\u0144stwo i opiek\u0119 Matki Bo\u017cej na ka\u017cdy dzie\u0144<\/td>\n<\/tr>\n<tr>\n<td width=\"87\">15:00<\/td>\n<td colspan=\"2\" width=\"639\">\u015ap. Czes\u0142aw Buchnowski w 2 rocz. \u015bmierci<\/td>\n<\/tr>\n<tr>\n<td width=\"87\">18:00<\/td>\n<td colspan=\"2\" width=\"639\">Dzi\u0119kczynna w dniu 7 urodzin Kazimierza z pro\u015bb\u0105 o Bo\u017ce b\u0142ogos\u0142awie\u0144stwo oraz potrzebne \u0142aski dla ca\u0142ej rodziny<\/td>\n<\/tr>\n<\/tbody>\n<\/table>\n<p>&nbsp;<\/p>\n<p>&nbsp;<\/p>\n","protected":false},"excerpt":{"rendered":"<p>&nbsp; 9 kwietnia&nbsp;&nbsp; PONIEDZIA\u0141EK Uroczysto\u015b\u0107 Zwiastowania Naj\u015bwi\u0119tszej Maryi Pannie \u0141k 1, 26-38 8:00 intencja wolna 18:00 \u015ap. Gerhard Bendinger w 30 dzie\u0144 po pogrzebie 19:00 Nauka dla rodzic\u00f3w dzieci pierwszokomunijnych &nbsp; 10 kwietnia&nbsp;&nbsp; WTOREK J 3, 7b-15 8:00 \u015ap. Jerzy Karpow w dniu urodzin 18:00 O Bo\u017ce b\u0142ogos\u0142awie\u0144stwo, zdrowie, opiek\u0119 Matki Bo\u017cej dla Ewy i [&hellip;]<\/p>\n","protected":false},"author":1,"featured_media":2526,"comment_status":"closed","ping_status":"closed","sticky":false,"template":"","format":"standard","meta":{"ngg_post_thumbnail":0,"footnotes":""},"categories":[11,8,4],"tags":[],"class_list":["post-3113","post","type-post","status-publish","format-standard","has-post-thumbnail","hentry","category-aktualnosci","category-blog","category-intencje"],"_links":{"self":[{"href":"https:\/\/rafalk-elblag.pl\/index.php?rest_route=\/wp\/v2\/posts\/3113","targetHints":{"allow":["GET"]}}],"collection":[{"href":"https:\/\/rafalk-elblag.pl\/index.php?rest_route=\/wp\/v2\/posts"}],"about":[{"href":"https:\/\/rafalk-elblag.pl\/index.php?rest_route=\/wp\/v2\/types\/post"}],"author":[{"embeddable":true,"href":"https:\/\/rafalk-elblag.pl\/index.php?rest_route=\/wp\/v2\/users\/1"}],"replies":[{"embeddable":true,"href":"https:\/\/rafalk-elblag.pl\/index.php?rest_route=%2Fwp%2Fv2%2Fcomments&post=3113"}],"version-history":[{"count":1,"href":"https:\/\/rafalk-elblag.pl\/index.php?rest_route=\/wp\/v2\/posts\/3113\/revisions"}],"predecessor-version":[{"id":3114,"href":"https:\/\/rafalk-elblag.pl\/index.php?rest_route=\/wp\/v2\/posts\/3113\/revisions\/3114"}],"wp:featuredmedia":[{"embeddable":true,"href":"https:\/\/rafalk-elblag.pl\/index.php?rest_route=\/wp\/v2\/media\/2526"}],"wp:attachment":[{"href":"https:\/\/rafalk-elblag.pl\/index.php?rest_route=%2Fwp%2Fv2%2Fmedia&parent=3113"}],"wp:term":[{"taxonomy":"category","embeddable":true,"href":"https:\/\/rafalk-elblag.pl\/index.php?rest_route=%2Fwp%2Fv2%2Fcategories&post=3113"},{"taxonomy":"post_tag","embeddable":true,"href":"https:\/\/rafalk-elblag.pl\/index.php?rest_route=%2Fwp%2Fv2%2Ftags&post=3113"}],"curies":[{"name":"wp","href":"https:\/\/api.w.org\/{rel}","templated":true}]}}