{"id":3108,"date":"2018-03-26T10:57:20","date_gmt":"2018-03-26T10:57:20","guid":{"rendered":"http:\/\/rafalk-elblag.pl\/?p=3108"},"modified":"2018-03-26T10:57:20","modified_gmt":"2018-03-26T10:57:20","slug":"ogloszenia-parafialne-25-03-2018-r-niedziela-palmowa","status":"publish","type":"post","link":"https:\/\/rafalk-elblag.pl\/?p=3108","title":{"rendered":"OG\u0141OSZENIA PARAFIALNE 25.03.2018 R. \u2013 NIEDZIELA PALMOWA"},"content":{"rendered":"<p><a href=\"http:\/\/rafalk-elblag.pl\/wp-content\/uploads\/2016\/12\/pulpit.jpg\"><img loading=\"lazy\" decoding=\"async\" class=\"alignnone size-large wp-image-2530\" src=\"http:\/\/rafalk-elblag.pl\/wp-content\/uploads\/2016\/12\/pulpit-1024x682.jpg\" alt=\"\" width=\"900\" height=\"599\" srcset=\"https:\/\/rafalk-elblag.pl\/wp-content\/uploads\/2016\/12\/pulpit-1024x682.jpg 1024w, https:\/\/rafalk-elblag.pl\/wp-content\/uploads\/2016\/12\/pulpit-300x200.jpg 300w, https:\/\/rafalk-elblag.pl\/wp-content\/uploads\/2016\/12\/pulpit-768x512.jpg 768w, https:\/\/rafalk-elblag.pl\/wp-content\/uploads\/2016\/12\/pulpit.jpg 1698w\" sizes=\"auto, (max-width: 900px) 100vw, 900px\" \/><\/a><\/p>\n<p>&nbsp;<\/p>\n<p><strong>1. Gr\u00f3b Pa\u0144ski<\/strong> <strong>&nbsp;jest wyrazem wdzi\u0119czno\u015bci Chrystusowi, kt\u00f3ry umar\u0142 za nas<\/strong>. Kto zechcia\u0142by przyczyni\u0107 si\u0119 do upi\u0119kszenia GROBU i KO\u015aCIO\u0141A mo\u017ce, po ka\u017cdej Mszy \u015bwi\u0119tej z\u0142o\u017cy\u0107 dzisiaj ofiar\u0119 do puszki na kwiaty.<strong> Dzi\u0119kujemy za zrozumienie.<\/strong><\/p>\n<p>&nbsp;<\/p>\n<p>2. Zach\u0119camy do spowiedzi \u015bwi\u0119tej, gdy\u017c od Wielkiego Czwartku rozpoczynamy TRIDUUM PASCHALNE i mo\u017cliwo\u015b\u0107 skorzystania z Sakramentu Pokuty b\u0119dzie ograniczona. Spowied\u017a jeszcze we wtorek (27.03.br.) od godz. 17.00.<\/p>\n<p>&nbsp;<\/p>\n<p><strong>3. Kancelaria Parafialna czynna b\u0119dzie tylko w Wielk\u0105 \u015arod\u0119 od 16.00 do 17.30.<\/strong><\/p>\n<p>&nbsp;<\/p>\n<p><strong>4. W WIELK\u0104 \u015aROD\u0118<\/strong> <strong>(28.03.br.)<\/strong> o godzinie 19.00 z parafii Matki Bo\u017cej Kr\u00f3lowej Polski do Katedry wyruszy Droga Krzy\u017cowa ulicami miasta Elbl\u0105ga. Zach\u0119camy do wzi\u0119cia udzia\u0142u w tym Nabo\u017ce\u0144stwie Pokutnym ca\u0142e rodziny<strong>. Nasza parafia niesie krzy\u017c<br \/>\nod stacji X do stacji XI wraz z parafi\u0105 \u015bw. Rodziny (8 m\u0119\u017cczyzn).<\/strong><\/p>\n<p>&nbsp;<\/p>\n<p><strong>5. W WIELKI PI\u0104TEK<\/strong> o godz. 15.00 rozpoczniemy Nowenn\u0119, kt\u00f3ra bezpo\u015brednio przygotowywa\u0107 nas b\u0119dzie do Niedzieli Mi\u0142osierdzia Bo\u017cego. Od Niedzieli Nowenna odprawiana b\u0119dzie po Mszy \u015bw. wieczorowej.<\/p>\n<p>&nbsp;<\/p>\n<p><strong>6. Plan czuwania mieszka\u0144c\u00f3w naszej parafii na WIELKI PI\u0104TEK:<\/strong><\/p>\n<ul>\n<li><strong>9:00 \u2013 Ciemna Jutrznia<\/strong><\/li>\n<li>10:00 &#8211; 11.00 \u2013 mieszka\u0144cy ul. Broniewskiego<\/li>\n<li>11:00 &#8211; 12.00 \u2013 mieszka\u0144cy ul. Brzechwy, Tuwima<\/li>\n<li>12:00 &#8211; 13.00 \u2013 mieszka\u0144cy ul. Sobieskiego, K\u0142oczowskiego<\/li>\n<li>13:00 &#8211; 14.00 \u2013 mieszka\u0144cy ul. Myliusa, Leszczy\u0144skiego, Legion\u00f3w<\/li>\n<li>14:00 &#8211; 15.00 \u2013 mieszka\u0144cy ul. Mieszka I, \u0141okietka, Krzywoustego<\/li>\n<li><strong>15:00 &#8211; Godzina Mi\u0142osierdzia<\/strong><\/li>\n<li>15:00 &#8211; 16.00 \u2013 mieszka\u0144cy ul. Korczaka<\/li>\n<li>16:00 \u2013 17.00 \u2013 mieszka\u0144cy ul. Og\u00f3lnej, Lubelskiej, Porazi\u0144skiej.<strong><br \/>\n<\/strong><\/li>\n<\/ul>\n<p>&nbsp;<\/p>\n<p><strong>7. W NIEDZIEL\u0118 ZMARTWYCHWSTANIA<\/strong> rezurekcja o godz. 6.00. Prosimy serdecznie biel parafialn\u0105 i wszystkich odpowiedzialnych za procesj\u0119 o przygotowanie baldachimu i chor\u0105gwi. Kolejne Msze \u015bw. o godz. 9.00, 10.30, 12.00 i 18.00. <strong>UWAGA:<\/strong> NIE MA MSZY \u015aW. O GODZ. 7.00 i 15.00!!!<\/p>\n<p>&nbsp;<\/p>\n<p><strong>8. Kochani, jeszcze dzisiaj mo\u017cemy zapisa\u0107 si\u0119 na BAL JUBILEUSZOWY z okazji XXV- lecie istnienia naszej parafii.<\/strong> Odb\u0119dzie si\u0119 on w sobot\u0119 21 kwietnia br. w Restauracji \u201eEDEN\u201d.<em> Koszt: 120 z\u0142. od osoby.<\/em><\/p>\n<p>&nbsp;<\/p>\n<p><strong>9. PRZYPOMINAMY I ZACH\u0118CAMY O PIELGRZYMCE DZI\u0118KCZYNNEJ z okazji 25-lecia powstania naszej parafii <\/strong>do <em>Sanktuarium Matki Bo\u017cej Szkaplerznej i \u015bw. Rafa\u0142a Kalinowskiego w Czernej ko\u0142o Krakowa. <\/em>Zapraszamy do wzi\u0119cia udzia\u0142u w tej wyj\u0105tkowej JUBILEUSZOWEJ pielgrzymce autokarowej w <strong>dniach 28 kwietnia \u2013 2 maja 2018r <\/strong>W czasie pi\u0119ciodniowej pielgrzymki nawiedzimy: Cz\u0119stochow\u0119, Krak\u00f3w \u0141agiewniki, Wadowice, Kalisz i inne ciekawe miejsca. Koszt 570 z\u0142.(autokar, noclegi, \u015bniadania, obiadokolacje, ubezpieczenie i przewodnicy). <strong>UWAGA !!!<\/strong> <strong>Zapisy do ko\u0144ca marca.<\/strong><\/p>\n<p>&nbsp;<\/p>\n<p>10. Pami\u0119tajmy o Skarbonce na Ja\u0142mu\u017cn\u0119&nbsp; Wielkopostn\u0105 2018. W ten spos\u00f3b w\u0142\u0105czamy si\u0119 w og\u00f3lnopolsk\u0105 akcj\u0119 <strong>\u201eDAR JUNIORA DLA SENIORA\u201d.<\/strong><\/p>\n<p>&nbsp;<\/p>\n<p>11. Apostolat Bo\u017cego Mi\u0142osierdzia oraz Woluntariuszy Caritas zapraszam dzisiaj po Mszy \u015bw. o godz. 15.00 na spotkanie formacyjne.<\/p>\n<p>&nbsp;<\/p>\n<p>12. Przed ko\u015bcio\u0142em mo\u017cna naby\u0107 pras\u0119 katolick\u0105: <em>\u201eGo\u015b\u0107 Niedzielny\u201d<\/em> w cenie 5 z\u0142.<\/p>\n<p>&nbsp;<\/p>\n<p>13. Pan powo\u0142a\u0142 do wieczno\u015bci: \u015bp. Wanda B\u0119tlewska lat 63 z ul. Leszczy\u0144skiego; \u015bp. Janina Wielesik lat 80 z ul. Broniewskiego.<\/p>\n<p>&nbsp;<\/p>\n<p>&nbsp;<\/p>\n<p>&nbsp;<\/p>\n","protected":false},"excerpt":{"rendered":"<p>&nbsp; 1. Gr\u00f3b Pa\u0144ski &nbsp;jest wyrazem wdzi\u0119czno\u015bci Chrystusowi, kt\u00f3ry umar\u0142 za nas. Kto zechcia\u0142by przyczyni\u0107 si\u0119 do upi\u0119kszenia GROBU i KO\u015aCIO\u0141A mo\u017ce, po ka\u017cdej Mszy \u015bwi\u0119tej z\u0142o\u017cy\u0107 dzisiaj ofiar\u0119 do puszki na kwiaty. Dzi\u0119kujemy za zrozumienie. &nbsp; 2. Zach\u0119camy do spowiedzi \u015bwi\u0119tej, gdy\u017c od Wielkiego Czwartku rozpoczynamy TRIDUUM PASCHALNE i mo\u017cliwo\u015b\u0107 skorzystania z Sakramentu Pokuty [&hellip;]<\/p>\n","protected":false},"author":1,"featured_media":2530,"comment_status":"closed","ping_status":"closed","sticky":false,"template":"","format":"standard","meta":{"ngg_post_thumbnail":0,"footnotes":""},"categories":[11,8,3],"tags":[],"class_list":["post-3108","post","type-post","status-publish","format-standard","has-post-thumbnail","hentry","category-aktualnosci","category-blog","category-ogloszenia"],"_links":{"self":[{"href":"https:\/\/rafalk-elblag.pl\/index.php?rest_route=\/wp\/v2\/posts\/3108","targetHints":{"allow":["GET"]}}],"collection":[{"href":"https:\/\/rafalk-elblag.pl\/index.php?rest_route=\/wp\/v2\/posts"}],"about":[{"href":"https:\/\/rafalk-elblag.pl\/index.php?rest_route=\/wp\/v2\/types\/post"}],"author":[{"embeddable":true,"href":"https:\/\/rafalk-elblag.pl\/index.php?rest_route=\/wp\/v2\/users\/1"}],"replies":[{"embeddable":true,"href":"https:\/\/rafalk-elblag.pl\/index.php?rest_route=%2Fwp%2Fv2%2Fcomments&post=3108"}],"version-history":[{"count":1,"href":"https:\/\/rafalk-elblag.pl\/index.php?rest_route=\/wp\/v2\/posts\/3108\/revisions"}],"predecessor-version":[{"id":3109,"href":"https:\/\/rafalk-elblag.pl\/index.php?rest_route=\/wp\/v2\/posts\/3108\/revisions\/3109"}],"wp:featuredmedia":[{"embeddable":true,"href":"https:\/\/rafalk-elblag.pl\/index.php?rest_route=\/wp\/v2\/media\/2530"}],"wp:attachment":[{"href":"https:\/\/rafalk-elblag.pl\/index.php?rest_route=%2Fwp%2Fv2%2Fmedia&parent=3108"}],"wp:term":[{"taxonomy":"category","embeddable":true,"href":"https:\/\/rafalk-elblag.pl\/index.php?rest_route=%2Fwp%2Fv2%2Fcategories&post=3108"},{"taxonomy":"post_tag","embeddable":true,"href":"https:\/\/rafalk-elblag.pl\/index.php?rest_route=%2Fwp%2Fv2%2Ftags&post=3108"}],"curies":[{"name":"wp","href":"https:\/\/api.w.org\/{rel}","templated":true}]}}