{"id":3106,"date":"2018-03-26T10:43:09","date_gmt":"2018-03-26T10:43:09","guid":{"rendered":"http:\/\/rafalk-elblag.pl\/?p=3106"},"modified":"2018-03-26T10:43:09","modified_gmt":"2018-03-26T10:43:09","slug":"intencje-mszalne-na-wielki-tydzien-26-03-1-04-2018","status":"publish","type":"post","link":"https:\/\/rafalk-elblag.pl\/?p=3106","title":{"rendered":"INTENCJE MSZALNE NA WIELKI TYDZIE\u0143 (26.03.-1.04.2018)"},"content":{"rendered":"<p><a href=\"http:\/\/rafalk-elblag.pl\/wp-content\/uploads\/2016\/12\/shutterstock_49643152-1000.jpg\"><img loading=\"lazy\" decoding=\"async\" class=\"alignnone size-full wp-image-2526\" src=\"http:\/\/rafalk-elblag.pl\/wp-content\/uploads\/2016\/12\/shutterstock_49643152-1000.jpg\" alt=\"\" width=\"1000\" height=\"665\" srcset=\"https:\/\/rafalk-elblag.pl\/wp-content\/uploads\/2016\/12\/shutterstock_49643152-1000.jpg 1000w, https:\/\/rafalk-elblag.pl\/wp-content\/uploads\/2016\/12\/shutterstock_49643152-1000-300x200.jpg 300w, https:\/\/rafalk-elblag.pl\/wp-content\/uploads\/2016\/12\/shutterstock_49643152-1000-768x511.jpg 768w\" sizes=\"auto, (max-width: 1000px) 100vw, 1000px\" \/><\/a><\/p>\n<p>&nbsp;<\/p>\n<p>&nbsp;<\/p>\n<table width=\"726\">\n<tbody>\n<tr>\n<td colspan=\"2\" width=\"546\"><strong>26 marca&nbsp;&nbsp; WIELKI PONIEDZIA\u0141EK<\/strong><\/td>\n<td width=\"180\"><strong><em>J 12, 1-11<\/em><\/strong><\/td>\n<\/tr>\n<tr>\n<td width=\"87\">8:00<\/td>\n<td colspan=\"2\" width=\"639\">O \u0142ask\u0119 \u017cywej wiary dla Damiana i \u0141ukasza oraz o powr\u00f3t do Ko\u015bcio\u0142a i \u015bwiat\u0142o Ducha \u015awi\u0119tego dla nich<\/td>\n<\/tr>\n<tr>\n<td width=\"87\">18:00<\/td>\n<td colspan=\"2\" width=\"639\">\u015ap. Bogdan Niewi\u0144ski w 14 rocz. \u015bmierci oraz Roman Niewi\u0144ski w 9 rocz. \u015bmierci<\/td>\n<\/tr>\n<\/tbody>\n<\/table>\n<p>&nbsp;<\/p>\n<p>&nbsp;<\/p>\n<table width=\"726\">\n<tbody>\n<tr>\n<td colspan=\"2\" width=\"546\"><strong>27 marca&nbsp;&nbsp; WIELKI <\/strong><strong>WTOREK<\/strong><\/td>\n<td width=\"180\"><strong><em>J 13, 21-33. 36-38<\/em><\/strong><\/td>\n<\/tr>\n<tr>\n<td width=\"87\">8:00<\/td>\n<td colspan=\"2\" width=\"639\"><em>intencja wolna<\/em><\/td>\n<\/tr>\n<tr>\n<td width=\"87\">18:00<\/td>\n<td colspan=\"2\" width=\"639\">\u015ap. Tadeusz Ilski w 30 dzie\u0144 po pogrzebie<\/td>\n<\/tr>\n<tr>\n<td width=\"87\">18:00<\/td>\n<td colspan=\"2\" width=\"639\">\u015ap. Jerzy Duda \u2013 intencja od R\u00f3\u017c R\u00f3\u017ca\u0144cowych<\/td>\n<\/tr>\n<\/tbody>\n<\/table>\n<p>&nbsp;<\/p>\n<p>&nbsp;<\/p>\n<table width=\"726\">\n<tbody>\n<tr>\n<td colspan=\"2\" width=\"546\"><strong>28 marca&nbsp;&nbsp; WIELKA \u015aRODA<\/strong><\/td>\n<td width=\"180\"><strong><em>Mt 26, 14-25<\/em><\/strong><\/td>\n<\/tr>\n<tr>\n<td width=\"87\">8:00<\/td>\n<td colspan=\"2\" width=\"639\">\u015ap. Henryk Pawlicki, Robert Pawlicki oraz zmarli z rodziny<\/td>\n<\/tr>\n<tr>\n<td width=\"87\">8:00<\/td>\n<td colspan=\"2\" width=\"639\"><em>intencja wolna<\/em><\/td>\n<\/tr>\n<tr>\n<td width=\"87\">17:30<\/td>\n<td colspan=\"2\" width=\"639\"><em>Nabo\u017ce\u0144stwo do Matki Bo\u017cej Nieustaj\u0105cej Pomocy<\/em><\/td>\n<\/tr>\n<tr>\n<td width=\"87\">18:00<\/td>\n<td colspan=\"2\" width=\"639\">\u015ap. Bronis\u0142awa (k) i Stanis\u0142aw Zaskalscy, \u015ap. Stanis\u0142awa (k), Henryk i Wilhelm Gli\u0144scy<\/td>\n<\/tr>\n<tr>\n<td width=\"87\"><strong>19:00<\/strong><\/td>\n<td colspan=\"2\" width=\"639\"><strong><em>Droga krzy\u017cowa ulicami Elbl\u0105ga<\/em><\/strong><\/td>\n<\/tr>\n<\/tbody>\n<\/table>\n<p>&nbsp;<\/p>\n<p>&nbsp;<\/p>\n<table width=\"726\">\n<tbody>\n<tr>\n<td colspan=\"2\" width=\"546\"><strong>29 marca&nbsp;&nbsp; WIELKI CZWARTEK<\/strong><\/td>\n<td width=\"180\"><strong><em>J 13, 1-15<\/em><\/strong><\/td>\n<\/tr>\n<tr>\n<td width=\"87\"><strong>10:00<\/strong><\/td>\n<td colspan=\"2\" width=\"639\"><strong>Msza Krzy\u017cma w katedrze elbl\u0105skiej pw. \u015bw. Miko\u0142aja<\/strong><\/td>\n<\/tr>\n<tr>\n<td colspan=\"3\" width=\"726\"><strong>ROZPOCZ\u0118CIE \u015aWI\u0118TEGO TRIDUUM PASCHALNEGO<\/strong><\/td>\n<\/tr>\n<tr>\n<td width=\"87\">18:00<\/td>\n<td colspan=\"2\" width=\"639\">Za Margaretki i osoby modl\u0105ce si\u0119 za kap\u0142an\u00f3w<\/td>\n<\/tr>\n<tr>\n<td width=\"87\">18:00<\/td>\n<td colspan=\"2\" width=\"639\">Dzi\u0119kczynna w 10 rocz. urodzin Tymka Mazurkiewicza z pro\u015bb\u0105 o zdrowie i odpowiednie dla niego \u0142aski<\/td>\n<\/tr>\n<tr>\n<td width=\"87\">18:00<\/td>\n<td colspan=\"2\" width=\"639\">\u015ap. Andrzej Bara\u0144ski w 5 rocz. \u015bmierci<\/td>\n<\/tr>\n<tr>\n<td width=\"87\">18:00<\/td>\n<td colspan=\"2\" width=\"639\">\u015ap. Henryk Pawlicki \u2013 intencja od rodziny Kamieniarz<\/td>\n<\/tr>\n<\/tbody>\n<\/table>\n<p>&nbsp;<\/p>\n<p>&nbsp;<\/p>\n<table width=\"726\">\n<tbody>\n<tr>\n<td colspan=\"2\" width=\"546\"><strong>30 marca&nbsp;&nbsp; WIELKI PI\u0104TEK<\/strong><\/td>\n<td width=\"180\"><strong><em>J 18, 1 \u2013 19, 42<\/em><\/strong><\/td>\n<\/tr>\n<tr>\n<td width=\"87\">9:00<\/td>\n<td colspan=\"2\" width=\"639\">Ciemna jutrznia<\/td>\n<\/tr>\n<tr>\n<td width=\"87\">15:00<\/td>\n<td colspan=\"2\" width=\"639\"><em>Droga krzy\u017cowa i I dzie\u0144 nowenny przed niedziel\u0105 Mi\u0142osierdzia Bo\u017cego<\/em><\/td>\n<\/tr>\n<tr>\n<td width=\"87\"><strong>18:00<\/strong><\/td>\n<td colspan=\"2\" width=\"639\"><strong>LITURGIA M\u0118KI PA\u0143SKIEJ<\/strong><\/td>\n<\/tr>\n<\/tbody>\n<\/table>\n<p>&nbsp;<\/p>\n<p>&nbsp;<\/p>\n<table width=\"726\">\n<tbody>\n<tr>\n<td colspan=\"2\" width=\"546\"><strong>31 marca&nbsp;&nbsp; WIELKA SOBOTA<\/strong><\/td>\n<td width=\"180\"><strong><em>&#8211;<\/em><\/strong><\/td>\n<\/tr>\n<tr>\n<td width=\"87\">9:00<\/td>\n<td colspan=\"2\" width=\"639\">Ciemna jutrznia<\/td>\n<\/tr>\n<tr>\n<td width=\"87\">15:00<\/td>\n<td colspan=\"2\" width=\"639\"><em>II dzie\u0144 nowenny przed niedziel\u0105 Mi\u0142osierdzia Bo\u017cego<\/em><\/td>\n<\/tr>\n<\/tbody>\n<\/table>\n<p>&nbsp;<\/p>\n<p>&nbsp;<\/p>\n<table width=\"726\">\n<tbody>\n<tr>\n<td colspan=\"2\" width=\"726\"><strong>\u015aWI\u0118TA NOC ZMARTWYCHWSTANIA \u2013 WIGILIA PASCHALNA<\/strong><\/td>\n<\/tr>\n<tr>\n<td width=\"87\">20:00<\/td>\n<td width=\"639\">W intencji m\u0142odzie\u017cy: KSM, Zespo\u0142u Muzycznego, kandydat\u00f3w do bierzmowania<\/td>\n<\/tr>\n<tr>\n<td width=\"87\">20:00<\/td>\n<td width=\"639\">Dzi\u0119kczynna w 30 rocz. \u015blubu El\u017cbiety i Zbigniewa Kimso z pro\u015bb\u0105 o Bo\u017ce b\u0142ogos\u0142awie\u0144stwo i potrzebne \u0142aski dla Jubilat\u00f3w<\/td>\n<\/tr>\n<tr>\n<td width=\"87\">20:00<\/td>\n<td width=\"639\">\u015ap. Teresa Gurzy\u0144ska<\/td>\n<\/tr>\n<tr>\n<td width=\"87\">20:00<\/td>\n<td width=\"639\"><em>Rez. <\/em><\/td>\n<\/tr>\n<\/tbody>\n<\/table>\n<p>&nbsp;<\/p>\n<p>&nbsp;<\/p>\n<table width=\"726\">\n<tbody>\n<tr>\n<td colspan=\"2\" width=\"546\"><strong>1 kwietnia&nbsp; &nbsp;NIEDZIELA ZMARTWYCHWSTANIA<\/strong><\/td>\n<td width=\"180\"><strong><em>J 20, 1-9<\/em><\/strong><\/td>\n<\/tr>\n<tr>\n<td width=\"87\"><strong>6:00<\/strong><\/td>\n<td colspan=\"2\" width=\"639\"><strong>Za parafian<\/strong><\/td>\n<\/tr>\n<tr>\n<td width=\"87\">9:00<\/td>\n<td colspan=\"2\" width=\"639\">Dzi\u0119kczynna w 45 rocz. \u015blubu Krystyny i Ryszarda M\u0142ynarskich z pro\u015bb\u0105 o Bo\u017ce b\u0142ogos\u0142awie\u0144stwo i potrzebne \u0142aski dla Jubilat\u00f3w<\/td>\n<\/tr>\n<tr>\n<td width=\"87\">9:00<\/td>\n<td colspan=\"2\" width=\"639\">\u015ap. Stanis\u0142aw Hry\u0144 w 12 rocz. \u015bmierci oraz \u015bp. Emilia Hry\u0144 w 6 miesi\u0105c po pogrzebie<\/td>\n<\/tr>\n<tr>\n<td width=\"87\">10:30<\/td>\n<td colspan=\"2\" width=\"639\">\u015ap. Monika i Wiktor Jankowscy i zmarli z rodziny Kami\u0144skich<\/td>\n<\/tr>\n<tr>\n<td width=\"87\">12:00<\/td>\n<td colspan=\"2\" width=\"639\">W intencji dzieci przyjmuj\u0105cych chrzest \u015bwi\u0119ty<\/td>\n<\/tr>\n<tr>\n<td width=\"87\">12:00<\/td>\n<td colspan=\"2\" width=\"639\">\u015ap. Henryk \u015aled\u017a w 25 rocz. \u015bmierci, \u015bp. El\u017cbieta w 19 rocz. \u015bmierci, \u015bp. Franciszek w 3 rocz. \u015bmierci, \u015bp. Jan w 4 rocz. \u015bmierci i \u015bp. Franciszka (k)<\/td>\n<\/tr>\n<tr>\n<td width=\"87\">17:30<\/td>\n<td colspan=\"2\" width=\"639\"><em>III dzie\u0144 nowenny przed niedziel\u0105 Mi\u0142osierdzia Bo\u017cego<\/em><\/td>\n<\/tr>\n<tr>\n<td width=\"87\">18:00<\/td>\n<td colspan=\"2\" width=\"639\">\u015ap. Jan Tabor w 2 rocz. \u015bmierci<\/td>\n<\/tr>\n<tr>\n<td colspan=\"3\" width=\"726\"><strong>ZAKO\u0143CZENIE \u015aWI\u0118TEGO TRIDUUM PASCHALNEGO<\/strong><\/td>\n<\/tr>\n<\/tbody>\n<\/table>\n<p>&nbsp;<\/p>\n<p>&nbsp;<\/p>\n<p>&nbsp;<\/p>\n","protected":false},"excerpt":{"rendered":"<p>&nbsp; &nbsp; 26 marca&nbsp;&nbsp; WIELKI PONIEDZIA\u0141EK J 12, 1-11 8:00 O \u0142ask\u0119 \u017cywej wiary dla Damiana i \u0141ukasza oraz o powr\u00f3t do Ko\u015bcio\u0142a i \u015bwiat\u0142o Ducha \u015awi\u0119tego dla nich 18:00 \u015ap. Bogdan Niewi\u0144ski w 14 rocz. \u015bmierci oraz Roman Niewi\u0144ski w 9 rocz. \u015bmierci &nbsp; &nbsp; 27 marca&nbsp;&nbsp; WIELKI WTOREK J 13, 21-33. 36-38 8:00 [&hellip;]<\/p>\n","protected":false},"author":1,"featured_media":2526,"comment_status":"closed","ping_status":"closed","sticky":false,"template":"","format":"standard","meta":{"ngg_post_thumbnail":0,"footnotes":""},"categories":[11,8,4],"tags":[],"class_list":["post-3106","post","type-post","status-publish","format-standard","has-post-thumbnail","hentry","category-aktualnosci","category-blog","category-intencje"],"_links":{"self":[{"href":"https:\/\/rafalk-elblag.pl\/index.php?rest_route=\/wp\/v2\/posts\/3106","targetHints":{"allow":["GET"]}}],"collection":[{"href":"https:\/\/rafalk-elblag.pl\/index.php?rest_route=\/wp\/v2\/posts"}],"about":[{"href":"https:\/\/rafalk-elblag.pl\/index.php?rest_route=\/wp\/v2\/types\/post"}],"author":[{"embeddable":true,"href":"https:\/\/rafalk-elblag.pl\/index.php?rest_route=\/wp\/v2\/users\/1"}],"replies":[{"embeddable":true,"href":"https:\/\/rafalk-elblag.pl\/index.php?rest_route=%2Fwp%2Fv2%2Fcomments&post=3106"}],"version-history":[{"count":1,"href":"https:\/\/rafalk-elblag.pl\/index.php?rest_route=\/wp\/v2\/posts\/3106\/revisions"}],"predecessor-version":[{"id":3107,"href":"https:\/\/rafalk-elblag.pl\/index.php?rest_route=\/wp\/v2\/posts\/3106\/revisions\/3107"}],"wp:featuredmedia":[{"embeddable":true,"href":"https:\/\/rafalk-elblag.pl\/index.php?rest_route=\/wp\/v2\/media\/2526"}],"wp:attachment":[{"href":"https:\/\/rafalk-elblag.pl\/index.php?rest_route=%2Fwp%2Fv2%2Fmedia&parent=3106"}],"wp:term":[{"taxonomy":"category","embeddable":true,"href":"https:\/\/rafalk-elblag.pl\/index.php?rest_route=%2Fwp%2Fv2%2Fcategories&post=3106"},{"taxonomy":"post_tag","embeddable":true,"href":"https:\/\/rafalk-elblag.pl\/index.php?rest_route=%2Fwp%2Fv2%2Ftags&post=3106"}],"curies":[{"name":"wp","href":"https:\/\/api.w.org\/{rel}","templated":true}]}}