{"id":3098,"date":"2018-03-17T19:23:39","date_gmt":"2018-03-17T19:23:39","guid":{"rendered":"http:\/\/rafalk-elblag.pl\/?p=3098"},"modified":"2018-03-17T19:23:39","modified_gmt":"2018-03-17T19:23:39","slug":"ogloszenia-parafialne-18-03-2018-r-v-niedziela-wielkiego-postu","status":"publish","type":"post","link":"https:\/\/rafalk-elblag.pl\/?p=3098","title":{"rendered":"OG\u0141OSZENIA PARAFIALNE 18.03.2018 R. \u2013 V NIEDZIELA WIELKIEGO POSTU"},"content":{"rendered":"<p><a href=\"http:\/\/rafalk-elblag.pl\/wp-content\/uploads\/2016\/12\/pulpit.jpg\"><img loading=\"lazy\" decoding=\"async\" class=\"alignnone size-large wp-image-2530\" src=\"http:\/\/rafalk-elblag.pl\/wp-content\/uploads\/2016\/12\/pulpit-1024x682.jpg\" alt=\"\" width=\"900\" height=\"599\" srcset=\"https:\/\/rafalk-elblag.pl\/wp-content\/uploads\/2016\/12\/pulpit-1024x682.jpg 1024w, https:\/\/rafalk-elblag.pl\/wp-content\/uploads\/2016\/12\/pulpit-300x200.jpg 300w, https:\/\/rafalk-elblag.pl\/wp-content\/uploads\/2016\/12\/pulpit-768x512.jpg 768w, https:\/\/rafalk-elblag.pl\/wp-content\/uploads\/2016\/12\/pulpit.jpg 1698w\" sizes=\"auto, (max-width: 900px) 100vw, 900px\" \/><\/a><\/p>\n<p>&nbsp;<\/p>\n<p>1. M\u0142odzie\u017c naszej parafii przed ko\u015bcio\u0142em rozprowadza palmy i baranki na st\u00f3\u0142 wielkanocny. Zebrane ofiary przeznaczone s\u0105 na potrzeby m\u0142odzie\u017cy spotykaj\u0105cej si\u0119 w swojej salce na plebanii. <em>Zach\u0119camy i dzi\u0119kujemy za okazane wsparcie.<\/em><\/p>\n<p>&nbsp;<\/p>\n<p>2. Zapraszamy dzisiaj o godz. 19:00 spotkanie lider\u00f3w wsp\u00f3lnot parafialnych i odpowiedzialnych za grupy na plebanii.&nbsp;<\/p>\n<p>&nbsp;<\/p>\n<p>3. Dzi\u0119kujemy wszystkim, kt\u00f3rzy zaanga\u017cowali si\u0119 w przygotowanie i przeprowadzenie tegorocznych <strong>Rekolekcji Wielkopostnych oraz Drogi Krzy\u017cowej ulicami parafii.<\/strong> <em>Sk\u0142adamy tak\u017ce <\/em><em>podzi\u0119kowanie Dyrekcji Zespo\u0142u Szk\u00f3\u0142 nr 1 za<\/em><em> zaanga\u017cowanie i udzia\u0142 nauczycieli w rekolekcjach przygotowuj\u0105cych dzieci i m\u0142odzie\u017c do \u015awi\u0105t Wielkanocnych. B\u00f3g zap\u0142a\u0107. <\/em><\/p>\n<p>&nbsp;<\/p>\n<p>4. Wykorzystajmy czas WIELKIEGO POSTU do gorliwego i owocnego udzia\u0142u w Liturgii Wielkopostnej i Nabo\u017ce\u0144stwach Pokutnych<strong>. Zapraszamy w ka\u017cd\u0105 niedziel\u0119 o godz. 17.15 na Gorzkie \u017bale z kazaniem pasyjnym, a pi\u0105tek Wielkiego Postu na Drog\u0119 Krzy\u017cow\u0105 o godz. 16:30 dla dzieci a doros\u0142ych i m\u0142odzie\u017c zapraszamy wyj\u0105tkowo na godz. 20:00. <\/strong>PAMI\u0118TAJMY, \u017ce Wielki Post jest tak zwanym \u201eczasem zakazanym\u201d dla wszelkich hucznych wesel, zabaw i dyskotek !!!<\/p>\n<p>&nbsp;<\/p>\n<p>5. W poniedzia\u0142ek (19 marca) Uroczysto\u015b\u0107 \u015aw. J\u00f3zefa i jednocze\u015bnie dzie\u0144 imienin Ks. Biskupa J\u00f3zefa Wysockiego. Pami\u0119tajmy w modlitwach o dostojnym solenizancie. Niech Pan Mu b\u0142ogos\u0142awi i umacnia w pos\u0142udze dla naszej diecezji. <strong>W tym dniu zapraszamy, szczeg\u00f3lnie m\u0119\u017cczyzn naszej parafii, na Msze \u015bw. o godz. 8.00 i 18.00.<\/strong><\/p>\n<p>&nbsp;<\/p>\n<p>6. W ROKU 25-lecia powstania naszej parafii trwa <strong>NOWENNA przygotowuj\u0105ca nas do UROCZYSTEGO JUBILEUSZU<\/strong>. Przez 9 miesi\u0119cy, ka\u017cdego 20-go dnia miesi\u0105ca na Msz\u0119 \u015bw. o godz. 18:00 zapraszani s\u0105 kap\u0142ani, kt\u00f3rzy pe\u0142nili pos\u0142ug\u0119 w naszej parafii. Wyj\u0105tkowo 20 marca br. z racji trwaj\u0105cych w wielu parafiach rekolekcji zapraszam na kr\u00f3tki film \u201eO DRUGIM PROBOSZCZU\u201d. Zapraszam gor\u0105co do w\u0142\u0105czenia si\u0119 w t\u0105 szczeg\u00f3ln\u0105 <strong>NOWENN\u0118.<\/strong> Przypominam 20 marca (wtorek) godz. 18:00.<em> Licz\u0119 na Wasz\u0105 obecno\u015b\u0107.<\/em><\/p>\n<p>&nbsp;<\/p>\n<p>7. Spotkanie Kr\u0119gu Biblijnego odb\u0119dzie si\u0119 w \u015brod\u0119 21.03.2018 r. o godz. 19.00, natomiast Odnowy w Duchu \u015awi\u0119tym we wtorek 20.03.2018 r. o godz. 19:00.<\/p>\n<p>&nbsp;<\/p>\n<p>8. M\u0142odzie\u017c naszej parafii i kap\u0142ani pragn\u0105&nbsp; zaprosi\u0107 w pi\u0105tek (23 marca) o godz. 20:00 wszystkich wiernych <strong>na<\/strong> <strong>\u015bpiewan\u0105 Drog\u0119 Krzy\u017cow\u0105 \u201e\u015alad losu\u201d.<\/strong> Prze\u017cyj wraz z nami ostatnie chwile \u017cycia Pana Jezusa. <em>Je\u015bli jeszcze nie by\u0142e\u015b na Drodze Krzy\u017cowej to warto w tym dniu spotka\u0107 si\u0119 z Jezusem. ON CZEKA!!!<\/em><\/p>\n<p>&nbsp;<\/p>\n<p><strong>9. W Niedziel\u0119 Palmow\u0105 o godz. 10.00, jak co roku, wyruszy spod sklepu \u201eSTOKROTKA\u201d procesja z palmami. Zapraszamy szczeg\u00f3lnie dzieci z rodzicami.<\/strong><\/p>\n<p>&nbsp;<\/p>\n<p>10. Pami\u0119tajmy o Skarbonce na Ja\u0142mu\u017cn\u0119&nbsp; Wielkopostn\u0105 2018. W ten spos\u00f3b w\u0142\u0105czamy si\u0119 w og\u00f3lnopolsk\u0105 akcj\u0119 <strong>\u201eDAR JUNIORA DLA SENIORA\u201d.<\/strong><\/p>\n<p>&nbsp;<\/p>\n<p>11. W przysz\u0142\u0105 niedziel\u0119 spotkanie Apostolatu Bo\u017cego Mi\u0142osierdzia oraz Woluntariuszy Caritas po Mszy \u015bw. o godz. 15.00 na plebanii.<\/p>\n<p>&nbsp;<\/p>\n<p><strong>12. KOCHANI!<\/strong> <strong>Nasza parafia prze\u017cywa XXV- lecie<\/strong> Srebrny Jubileusz. Z tej okazji organizujemy BAL JUBILEUSZOWY w Restauracji \u201eEDEN\u201d dnia 21 kwietnia br. (sobota).<em> Koszt: 120 z\u0142. od osoby.<\/em> <strong>Zapisy potrwaj\u0105 do 25 marca br<\/strong>.<\/p>\n<p>&nbsp;<\/p>\n<p>13. Caritas rozprowadza dzisiaj \u015bwieczki na st\u00f3\u0142 WIELKANOCNY w cenie 10 z\u0142.<\/p>\n<p>&nbsp;<\/p>\n<p><strong>14. Ofiary na kwiaty do Grobu Pa\u0144skiego i Ko\u015bcio\u0142a b\u0119dzie mo\u017cna z\u0142o\u017cy\u0107 za tydzie\u0144 (w Niedziel\u0119 Palmow\u0105) do puszek przed ko\u015bcio\u0142em. Dzi\u0119kuj\u0119 za zrozumienie.<\/strong><\/p>\n<p>&nbsp;<\/p>\n<p>15. Przed ko\u015bcio\u0142em mo\u017cna naby\u0107 pras\u0119 katolick\u0105: <em>\u201eGo\u015b\u0107 Niedzielny\u201d<\/em> w cenie 5 z\u0142.<\/p>\n<p>&nbsp;<\/p>\n<p>16. Pan powo\u0142a\u0142 do wieczno\u015bci: \u015bp. Iren\u0119 Mackiewicz lat 86 z ul. Korczaka.<\/p>\n<p>&nbsp;<\/p>\n<p>&nbsp;<\/p>\n","protected":false},"excerpt":{"rendered":"<p>&nbsp; 1. M\u0142odzie\u017c naszej parafii przed ko\u015bcio\u0142em rozprowadza palmy i baranki na st\u00f3\u0142 wielkanocny. Zebrane ofiary przeznaczone s\u0105 na potrzeby m\u0142odzie\u017cy spotykaj\u0105cej si\u0119 w swojej salce na plebanii. Zach\u0119camy i dzi\u0119kujemy za okazane wsparcie. &nbsp; 2. Zapraszamy dzisiaj o godz. 19:00 spotkanie lider\u00f3w wsp\u00f3lnot parafialnych i odpowiedzialnych za grupy na plebanii.&nbsp; &nbsp; 3. Dzi\u0119kujemy wszystkim, [&hellip;]<\/p>\n","protected":false},"author":1,"featured_media":2530,"comment_status":"closed","ping_status":"closed","sticky":false,"template":"","format":"standard","meta":{"ngg_post_thumbnail":0,"footnotes":""},"categories":[11,8,3],"tags":[],"class_list":["post-3098","post","type-post","status-publish","format-standard","has-post-thumbnail","hentry","category-aktualnosci","category-blog","category-ogloszenia"],"_links":{"self":[{"href":"https:\/\/rafalk-elblag.pl\/index.php?rest_route=\/wp\/v2\/posts\/3098","targetHints":{"allow":["GET"]}}],"collection":[{"href":"https:\/\/rafalk-elblag.pl\/index.php?rest_route=\/wp\/v2\/posts"}],"about":[{"href":"https:\/\/rafalk-elblag.pl\/index.php?rest_route=\/wp\/v2\/types\/post"}],"author":[{"embeddable":true,"href":"https:\/\/rafalk-elblag.pl\/index.php?rest_route=\/wp\/v2\/users\/1"}],"replies":[{"embeddable":true,"href":"https:\/\/rafalk-elblag.pl\/index.php?rest_route=%2Fwp%2Fv2%2Fcomments&post=3098"}],"version-history":[{"count":1,"href":"https:\/\/rafalk-elblag.pl\/index.php?rest_route=\/wp\/v2\/posts\/3098\/revisions"}],"predecessor-version":[{"id":3099,"href":"https:\/\/rafalk-elblag.pl\/index.php?rest_route=\/wp\/v2\/posts\/3098\/revisions\/3099"}],"wp:featuredmedia":[{"embeddable":true,"href":"https:\/\/rafalk-elblag.pl\/index.php?rest_route=\/wp\/v2\/media\/2530"}],"wp:attachment":[{"href":"https:\/\/rafalk-elblag.pl\/index.php?rest_route=%2Fwp%2Fv2%2Fmedia&parent=3098"}],"wp:term":[{"taxonomy":"category","embeddable":true,"href":"https:\/\/rafalk-elblag.pl\/index.php?rest_route=%2Fwp%2Fv2%2Fcategories&post=3098"},{"taxonomy":"post_tag","embeddable":true,"href":"https:\/\/rafalk-elblag.pl\/index.php?rest_route=%2Fwp%2Fv2%2Ftags&post=3098"}],"curies":[{"name":"wp","href":"https:\/\/api.w.org\/{rel}","templated":true}]}}