{"id":3092,"date":"2018-03-13T19:13:24","date_gmt":"2018-03-13T19:13:24","guid":{"rendered":"http:\/\/rafalk-elblag.pl\/?p=3092"},"modified":"2018-03-13T19:13:24","modified_gmt":"2018-03-13T19:13:24","slug":"ogloszenia-parafialne-11-03-2018-r-iv-niedziela-wielkiego-postu","status":"publish","type":"post","link":"https:\/\/rafalk-elblag.pl\/?p=3092","title":{"rendered":"OG\u0141OSZENIA PARAFIALNE 11.03.2018 R. \u2013 IV NIEDZIELA WIELKIEGO POSTU"},"content":{"rendered":"<p><a href=\"http:\/\/rafalk-elblag.pl\/wp-content\/uploads\/2016\/12\/pulpit.jpg\"><img loading=\"lazy\" decoding=\"async\" class=\"alignnone size-large wp-image-2530\" src=\"http:\/\/rafalk-elblag.pl\/wp-content\/uploads\/2016\/12\/pulpit-1024x682.jpg\" alt=\"\" width=\"900\" height=\"599\" srcset=\"https:\/\/rafalk-elblag.pl\/wp-content\/uploads\/2016\/12\/pulpit-1024x682.jpg 1024w, https:\/\/rafalk-elblag.pl\/wp-content\/uploads\/2016\/12\/pulpit-300x200.jpg 300w, https:\/\/rafalk-elblag.pl\/wp-content\/uploads\/2016\/12\/pulpit-768x512.jpg 768w, https:\/\/rafalk-elblag.pl\/wp-content\/uploads\/2016\/12\/pulpit.jpg 1698w\" sizes=\"auto, (max-width: 900px) 100vw, 900px\" \/><\/a><\/p>\n<p><strong>&nbsp;<\/strong><\/p>\n<p><strong>1. W dniu dzisiejszym rozpoczynamy <\/strong><em><strong>Rekolekcje<\/strong><\/em> <strong>Wielkopostne dla doros\u0142ych,<\/strong> kt\u00f3re poprowadzi ks. dr Grzegorz Puchalski by\u0142y Rektor Wy\u017cszego Seminarium a obecnie Dyrektor Centrum Nowej Ewangelizacji w Elbl\u0105gu. <em>Serdecznie witamy Go w naszej wsp\u00f3lnocie. Pro\u015bmy o \u015bwiat\u0142o Ducha \u015awi\u0119tego dla Niego oraz dla ca\u0142ej parafii, aby s\u0142owa wypowiedziane w czasie tych dni, przemieni\u0142y nasze serca i przygotowa\u0142y na rado\u015b\u0107 \u015awi\u0105t Wielkanocnych. <\/em><strong>Program rekolekcji znajdziemy w Biuletynie<\/strong>.<\/p>\n<p>&nbsp;<\/p>\n<p>2. W czasie rekolekcji prosimy o zg\u0142aszanie (w zakrystii) chorych, do kt\u00f3rych ksi\u0119\u017ca udadz\u0105 si\u0119 w \u015brod\u0119 14 marca od godz. 15.00.<\/p>\n<p>&nbsp;<\/p>\n<p>3. Wykorzystajmy czas WIELKIEGO POSTU do gorliwego i owocnego udzia\u0142u w Liturgii Wielkopostnej i Nabo\u017ce\u0144stwach Pokutnych<strong>. Zapraszamy w ka\u017cd\u0105 niedziel\u0119 o godz. 17.15 na Gorzkie \u017bale z kazaniem pasyjnym, a pi\u0105tek Wielkiego Postu na Drog\u0119 Krzy\u017cow\u0105 o godz. 16:30 dla dzieci a doros\u0142ych i m\u0142odzie\u017c zapraszamy wyj\u0105tkowo na godz. 19:00. <\/strong>PAMI\u0118TAJMY, \u017ce Wielki Post jest tak zwanym \u201eczasem zakazanym\u201d dla wszelkich hucznych wesel, zabaw i dyskotek!!!<\/p>\n<p>&nbsp;<\/p>\n<p>4. Najbli\u017cszy pi\u0105tek tj. 16 marca, jest dniem zako\u0144czenia REKOLEKCJI WIELKOPOSTNYCH w naszej parafii. <strong>Tego dnia o godz. 19.00 rozpocznie si\u0119 PARAFIALNA DROGA KRZY\u017bOWA. Przejdziemy ulicami:<\/strong> Sobieskiego, Legion\u00f3w, Og\u00f3ln\u0105, Broniewskiego i Sobieskiego. <u>Prosimy przynie\u015b\u0107 ze sob\u0105 znicze.<\/u> <em>Niech rozmy\u015blanie nad M\u0119k\u0105 i \u015bmierci\u0105 Pana Jezusa wzbudzi w naszych sercach mi\u0142o\u015b\u0107 i wdzi\u0119czno\u015b\u0107 za \u0142ask\u0119 naszego odkupienia. <\/em><\/p>\n<p>&nbsp;<\/p>\n<p>5. W poniedzia\u0142ek 12 marca br. o godz. 19:00 w ko\u015bciele, odb\u0119dzie si\u0119 spotkanie dla rodzic\u00f3w dzieci pierwszokomunijnych. Obecno\u015b\u0107 obojga rodzic\u00f3w obowi\u0105zkowa.<\/p>\n<p>&nbsp;<\/p>\n<p>6. Pami\u0119tajmy o Skarbonce na Ja\u0142mu\u017cn\u0119 Wielkopostn\u0105 2018. W ten spos\u00f3b w\u0142\u0105czamy si\u0119 w og\u00f3lnopolsk\u0105 akcj\u0119 <strong>\u201eDAR JUNIORA DLA SENIORA\u201d.<\/strong> <em><u>Zrezygnuj w Wielkim Po\u015bcie z jakie\u015b przyjemno\u015bci i z\u0142\u00f3\u017c ofiar\u0119 do skarbonki. Tw\u00f3j dar pomo\u017ce osobom starszym.<\/u><\/em> Akcja ta uczy wszystkich tj. dzieci, m\u0142odzie\u017c i doros\u0142ych ofiarno\u015bci.<\/p>\n<p>&nbsp;<\/p>\n<p>7. W Wielkim Po\u015bcie zapraszamy parafian w ka\u017cd\u0105 niedziel\u0119<strong> o godz. 8.40 na GODZINKI KU CZCI M\u0118KI PA\u0143SKIEJ.<\/strong><\/p>\n<p>&nbsp;<\/p>\n<p>8. W pi\u0105tek 16 marca dzie\u0144 modlitw za <strong>Bractwo Szkaplerzne,<\/strong> a tak\u017ce za osoby nosz\u0105ce Szkaplerz \u015awi\u0119ty. Zapraszamy wszystkich nale\u017c\u0105cych i pragn\u0105cych w\u0142\u0105czy\u0107 si\u0119 do tej wsp\u00f3lnoty na Msz\u0119 \u015bw. o godz. 18.00 z kolejn\u0105 katechez\u0105 o \u015bw. J\u00f3zefie.<\/p>\n<p><strong>&nbsp;<\/strong><\/p>\n<p><strong>9. Serdecznie zapraszamy na nabo\u017ce\u0144stwo zas\u0142oni\u0119cia Krzy\u017ca, kt\u00f3re odb\u0119dzie si\u0119 17 marca o godz. 19.00. <\/strong><\/p>\n<p>&nbsp;<\/p>\n<p>10. Tradycyjnie m\u0142odzie\u017c naszej parafii b\u0119dzie rozprowadza\u0142a palmy. B\u0119dzie mo\u017cna je naby\u0107 przed ko\u015bcio\u0142em w przysz\u0142\u0105 niedziel\u0119, tj. 18 marca oraz w Niedziel\u0119 Palmow\u0105. Zach\u0119camy do nabycia.<\/p>\n<p>&nbsp;<\/p>\n<p><strong>11. KOCHANI!<\/strong> <strong>Nasza parafia prze\u017cywa XXV &#8211; lecie<\/strong> tj. Srebrny Jubileusz. Z tej okazji organizujemy BAL JUBILEUSZOWY w Restauracji \u201eEDEN\u201d dnia 21 kwietnia br. (sobota). <em>Zapraszamy ch\u0119tnych parafian lubi\u0105cych taniec i zabaw\u0119. Po negocjacjach zosta\u0142 obni\u017cony koszt udzia\u0142u i wynosi 120 z\u0142. od osoby.<\/em> <strong>Zapisy potrwaj\u0105 do 25 marca br<\/strong>. Liczba miejsc ograniczona. Nie czekajmy, tylko si\u0119 zapisujmy J.<\/p>\n<p>&nbsp;<\/p>\n<p>12. Spotkanie lider\u00f3w wsp\u00f3lnot parafialnych i odpowiedzialnych za grupy odb\u0119dzie si\u0119 18 marca (niedziela) na plebanii o godz. 19.00. Serdecznie wszystkich zapraszamy.<\/p>\n<p>&nbsp;<\/p>\n<p>13. Caritas rozprowadza dzisiaj \u015bwieczki na st\u00f3\u0142 WIELKANOCNY w cenie 10 z\u0142.<\/p>\n<p>&nbsp;<\/p>\n<p>14. Przed ko\u015bcio\u0142em mo\u017cna naby\u0107 pras\u0119 katolick\u0105: <em>\u201eGo\u015b\u0107 Niedzielny\u201d<\/em> w cenie 5 z\u0142.<\/p>\n<p>&nbsp;<\/p>\n<p>15. Pan powo\u0142a\u0142 do wieczno\u015bci: \u015bp. Henryka Pawlickiego lat 73 z ul. Brzechwy.<\/p>\n<p>&nbsp;<\/p>\n<p>&nbsp;<\/p>\n","protected":false},"excerpt":{"rendered":"<p>&nbsp; 1. W dniu dzisiejszym rozpoczynamy Rekolekcje Wielkopostne dla doros\u0142ych, kt\u00f3re poprowadzi ks. dr Grzegorz Puchalski by\u0142y Rektor Wy\u017cszego Seminarium a obecnie Dyrektor Centrum Nowej Ewangelizacji w Elbl\u0105gu. Serdecznie witamy Go w naszej wsp\u00f3lnocie. Pro\u015bmy o \u015bwiat\u0142o Ducha \u015awi\u0119tego dla Niego oraz dla ca\u0142ej parafii, aby s\u0142owa wypowiedziane w czasie tych dni, przemieni\u0142y nasze serca [&hellip;]<\/p>\n","protected":false},"author":1,"featured_media":2530,"comment_status":"closed","ping_status":"closed","sticky":false,"template":"","format":"standard","meta":{"ngg_post_thumbnail":0,"footnotes":""},"categories":[11,8,3],"tags":[],"class_list":["post-3092","post","type-post","status-publish","format-standard","has-post-thumbnail","hentry","category-aktualnosci","category-blog","category-ogloszenia"],"_links":{"self":[{"href":"https:\/\/rafalk-elblag.pl\/index.php?rest_route=\/wp\/v2\/posts\/3092","targetHints":{"allow":["GET"]}}],"collection":[{"href":"https:\/\/rafalk-elblag.pl\/index.php?rest_route=\/wp\/v2\/posts"}],"about":[{"href":"https:\/\/rafalk-elblag.pl\/index.php?rest_route=\/wp\/v2\/types\/post"}],"author":[{"embeddable":true,"href":"https:\/\/rafalk-elblag.pl\/index.php?rest_route=\/wp\/v2\/users\/1"}],"replies":[{"embeddable":true,"href":"https:\/\/rafalk-elblag.pl\/index.php?rest_route=%2Fwp%2Fv2%2Fcomments&post=3092"}],"version-history":[{"count":1,"href":"https:\/\/rafalk-elblag.pl\/index.php?rest_route=\/wp\/v2\/posts\/3092\/revisions"}],"predecessor-version":[{"id":3093,"href":"https:\/\/rafalk-elblag.pl\/index.php?rest_route=\/wp\/v2\/posts\/3092\/revisions\/3093"}],"wp:featuredmedia":[{"embeddable":true,"href":"https:\/\/rafalk-elblag.pl\/index.php?rest_route=\/wp\/v2\/media\/2530"}],"wp:attachment":[{"href":"https:\/\/rafalk-elblag.pl\/index.php?rest_route=%2Fwp%2Fv2%2Fmedia&parent=3092"}],"wp:term":[{"taxonomy":"category","embeddable":true,"href":"https:\/\/rafalk-elblag.pl\/index.php?rest_route=%2Fwp%2Fv2%2Fcategories&post=3092"},{"taxonomy":"post_tag","embeddable":true,"href":"https:\/\/rafalk-elblag.pl\/index.php?rest_route=%2Fwp%2Fv2%2Ftags&post=3092"}],"curies":[{"name":"wp","href":"https:\/\/api.w.org\/{rel}","templated":true}]}}