{"id":3090,"date":"2018-03-13T19:09:13","date_gmt":"2018-03-13T19:09:13","guid":{"rendered":"http:\/\/rafalk-elblag.pl\/?p=3090"},"modified":"2018-03-13T19:09:45","modified_gmt":"2018-03-13T19:09:45","slug":"intencje-mszalne-na-iv-tydzien-wielkiego-postu-12-03-18-03-2018","status":"publish","type":"post","link":"https:\/\/rafalk-elblag.pl\/?p=3090","title":{"rendered":"INTENCJE MSZALNE NA IV TYDZIE\u0143 WIELKIEGO POSTU (12.03.-18.03.2018)"},"content":{"rendered":"<p><a href=\"http:\/\/rafalk-elblag.pl\/wp-content\/uploads\/2016\/12\/shutterstock_49643152-1000.jpg\"><img loading=\"lazy\" decoding=\"async\" class=\"alignnone size-full wp-image-2526\" src=\"http:\/\/rafalk-elblag.pl\/wp-content\/uploads\/2016\/12\/shutterstock_49643152-1000.jpg\" alt=\"\" width=\"1000\" height=\"665\" srcset=\"https:\/\/rafalk-elblag.pl\/wp-content\/uploads\/2016\/12\/shutterstock_49643152-1000.jpg 1000w, https:\/\/rafalk-elblag.pl\/wp-content\/uploads\/2016\/12\/shutterstock_49643152-1000-300x200.jpg 300w, https:\/\/rafalk-elblag.pl\/wp-content\/uploads\/2016\/12\/shutterstock_49643152-1000-768x511.jpg 768w\" sizes=\"auto, (max-width: 1000px) 100vw, 1000px\" \/><\/a><\/p>\n<p>&nbsp;<\/p>\n<table width=\"726\">\n<tbody>\n<tr>\n<td colspan=\"2\" width=\"593\"><strong>12 marca&nbsp;&nbsp; PONIEDZIA\u0141EK &#8211; REKOLEKCJE<\/strong><\/td>\n<td width=\"133\"><strong><em>J 4, 43-54<\/em><\/strong><\/td>\n<\/tr>\n<tr>\n<td width=\"87\">8:00<\/td>\n<td colspan=\"2\" width=\"639\">\u015ap. Lidia, Ireneusz i zmarli z rodziny Babi\u0144skich i Polasik<\/td>\n<\/tr>\n<tr>\n<td width=\"87\">11:00<\/td>\n<td colspan=\"2\" width=\"639\">\u015ap. Franciszek (m) Sie\u0144kowski, Franciszka (k) i Kazimierz, Michalina z rodz. Smolicz i z rodz. Smolicz i z rodz. Janeckich<\/td>\n<\/tr>\n<tr>\n<td width=\"87\">18:00<\/td>\n<td colspan=\"2\" width=\"639\">\u015ap. Zofia Jaworska w 30 rocz. \u015bmierci; \u015bp. Jan, Andrzej Jaworscy; \u015bp. Marianna i Boles\u0142aw Stan<\/td>\n<\/tr>\n<tr>\n<td width=\"87\">18:00<\/td>\n<td colspan=\"2\" width=\"639\">\u015ap. Zdzis\u0142aw Brdak w 30 dzie\u0144 po pogrzebie<\/td>\n<\/tr>\n<tr>\n<td width=\"87\"><strong>19:00<\/strong><\/td>\n<td colspan=\"2\" width=\"639\"><strong>Nauka dla rodzic\u00f3w dzieci pierwszokomunijnych<\/strong><\/td>\n<\/tr>\n<tr>\n<td width=\"87\">20:00<\/td>\n<td colspan=\"2\" width=\"639\">\u015ap. Franciszek Bublewicz w 30 dzie\u0144 po pogrzebie<\/td>\n<\/tr>\n<\/tbody>\n<\/table>\n<p>&nbsp;<\/p>\n<table width=\"726\">\n<tbody>\n<tr>\n<td colspan=\"2\" width=\"593\"><strong>13 marca&nbsp;&nbsp; <\/strong><strong>WTOREK \u2013 REKOLEKCJE<\/strong><\/td>\n<td width=\"133\"><strong><em>J 5, 1-16<\/em><\/strong><\/td>\n<\/tr>\n<tr>\n<td width=\"87\">8:00<\/td>\n<td colspan=\"2\" width=\"639\">W intencji wnucz\u0105t: Natalii i Nikodema, Miko\u0142aja i Marty z pro\u015bb\u0105 o Bo\u017ce b\u0142ogos\u0142awie\u0144stwo i opiek\u0119 Matki Bo\u017cej<\/td>\n<\/tr>\n<tr>\n<td width=\"87\">11:00<\/td>\n<td colspan=\"2\" width=\"639\"><em>intencja wolna<\/em><\/td>\n<\/tr>\n<tr>\n<td width=\"87\">18:00<\/td>\n<td colspan=\"2\" width=\"639\">O Bo\u017ce b\u0142ogos\u0142awie\u0144stwo, dary Ducha \u015awi\u0119tego i opiek\u0119 Matki Bo\u017cej dla siostry zakonnej Matei Ku\u015bniewskiej<\/td>\n<\/tr>\n<tr>\n<td width=\"87\">20:00<\/td>\n<td colspan=\"2\" width=\"639\"><em>\u015ap.<\/em> El\u017cbieta Kisielewska<\/td>\n<\/tr>\n<\/tbody>\n<\/table>\n<p>&nbsp;<\/p>\n<table width=\"726\">\n<tbody>\n<tr>\n<td colspan=\"2\" width=\"593\"><strong>14 marca&nbsp;&nbsp; \u015aRODA \u2013 REKOLEKCJE<\/strong><\/td>\n<td width=\"133\"><strong><em>J 5, 17-30<\/em><\/strong><\/td>\n<\/tr>\n<tr>\n<td width=\"87\">8:00<\/td>\n<td colspan=\"2\" width=\"639\">\u015ap. Henryk Pawlicki \u2013 intencja od r\u00f3\u017cy Matki Bo\u017cej Nadziei<\/td>\n<\/tr>\n<tr>\n<td width=\"87\">11:00<\/td>\n<td colspan=\"2\" width=\"639\">\u015ap. Andrzej Jankowski w 30 dzie\u0144 po pogrzebie<\/td>\n<\/tr>\n<tr>\n<td width=\"87\">18:00<\/td>\n<td colspan=\"2\" width=\"639\">Dzi\u0119kczynna z okazji 82 rocznicy urodzin Czes\u0142awy \u0141ydka z pro\u015bb\u0105 o Bo\u017ce b\u0142ogos\u0142awie\u0144stwo, potrzebne \u0142aski i opiek\u0119 Matki Bo\u017cej<\/td>\n<\/tr>\n<tr>\n<td width=\"87\">20:00<\/td>\n<td colspan=\"2\" width=\"639\">\u015ap. Sabina Polonis w 30 dzie\u0144 po pogrzebie<\/td>\n<\/tr>\n<\/tbody>\n<\/table>\n<p>&nbsp;<\/p>\n<table width=\"726\">\n<tbody>\n<tr>\n<td colspan=\"2\" width=\"593\"><strong>15 marca&nbsp;&nbsp; CZWARTEK &#8211; REKOLEKCJE<\/strong><\/td>\n<td width=\"133\"><strong><em>J 5, 31-47<\/em><\/strong><\/td>\n<\/tr>\n<tr>\n<td width=\"87\">8:00<\/td>\n<td colspan=\"2\" width=\"639\"><em>rez.<\/em> W intencji Ojczyzny i 25-lecia parafii<\/td>\n<\/tr>\n<tr>\n<td width=\"87\">8:00<\/td>\n<td colspan=\"2\" width=\"639\"><em>intencja wolna<\/em><\/td>\n<\/tr>\n<tr>\n<td width=\"87\">18:00<\/td>\n<td colspan=\"2\" width=\"639\">O uzdrowienie duchowe i fizyczne dla rodziny Ewy oraz dary Ducha \u015awi\u0119tego i opiek\u0119 Matki Bo\u017cej<\/td>\n<\/tr>\n<tr>\n<td width=\"87\">18:00<\/td>\n<td colspan=\"2\" width=\"639\">\u015ap. Bronis\u0142aw Kazibut \u2013 intencja od Celiny z rodzin\u0105 i rodz. Brzezi\u0144skich z Krakowa<\/td>\n<\/tr>\n<\/tbody>\n<\/table>\n<p>&nbsp;<\/p>\n<table width=\"726\">\n<tbody>\n<tr>\n<td colspan=\"2\" width=\"593\"><strong>16 marca&nbsp;&nbsp; PI\u0104TEK \u2013 REKOLEKCJE<\/strong><\/td>\n<td width=\"133\"><strong><em>J 7, 1-2. 10. 25-30<\/em><\/strong><\/td>\n<\/tr>\n<tr>\n<td width=\"87\">8:00<\/td>\n<td colspan=\"2\" width=\"639\"><em>intencja wolna<\/em><\/td>\n<\/tr>\n<tr>\n<td width=\"87\">9:00<\/td>\n<td colspan=\"2\" width=\"639\">O Bo\u017ce b\u0142ogos\u0142awie\u0144stwo i dary Ducha \u015awi\u0119tego dla dyrekcji, nauczycieli, pracownik\u00f3w i uczni\u00f3w Szko\u0142y Podstawowej nr 11 w Elbl\u0105gu<\/td>\n<\/tr>\n<tr>\n<td width=\"87\">10:30<\/td>\n<td colspan=\"2\" width=\"639\">O Bo\u017ce b\u0142ogos\u0142awie\u0144stwo i dary Ducha \u015awi\u0119tego dla dyrekcji, nauczycieli, pracownik\u00f3w i uczni\u00f3w Gimnazjum nr 4 w Elbl\u0105gu<\/td>\n<\/tr>\n<tr>\n<td width=\"87\">16:30<\/td>\n<td colspan=\"2\" width=\"639\"><em>Droga krzy\u017cowa dla dzieci<\/em><\/td>\n<\/tr>\n<tr>\n<td width=\"87\">18:00<\/td>\n<td colspan=\"2\" width=\"639\">Za Rad\u0119 Szkaplerzn\u0105 oraz wszystkich animator\u00f3w Szkaplerza \u015bw.<\/td>\n<\/tr>\n<tr>\n<td width=\"87\"><strong>19:00<\/strong><\/td>\n<td colspan=\"2\" width=\"639\"><strong><em>Droga krzy\u017cowa ulicami parafii \u2013 zako\u0144czenie rekolekcji wielkopostnych<\/em><\/strong><\/td>\n<\/tr>\n<\/tbody>\n<\/table>\n<p>&nbsp;<\/p>\n<table width=\"726\">\n<tbody>\n<tr>\n<td colspan=\"2\" width=\"593\"><strong>17 marca&nbsp;&nbsp; SOBOTA<\/strong><\/td>\n<td width=\"133\"><strong><em>J 7, 40-53<\/em><\/strong><\/td>\n<\/tr>\n<tr>\n<td width=\"87\">8:00<\/td>\n<td colspan=\"2\" width=\"639\">\u015ap. Edward Wala oraz Edward Osowski<\/td>\n<\/tr>\n<tr>\n<td width=\"87\">18:00<\/td>\n<td colspan=\"2\" width=\"639\">\u015ap. J\u00f3zefa (k) Songin w 5 rocz. \u015bmierci<\/td>\n<\/tr>\n<tr>\n<td width=\"87\">18:00<\/td>\n<td colspan=\"2\" width=\"639\">\u015ap. J\u00f3zef (m) i Marianna Kury\u0142o oraz zmarli z rodzin: Kury\u0142o, Kotlewskich i Ha\u0142abi\u015b<\/td>\n<\/tr>\n<tr>\n<td width=\"87\"><strong>19:00<\/strong><\/td>\n<td colspan=\"2\" width=\"639\"><strong><em>Nabo\u017ce\u0144stwo zas\u0142oni\u0119cia krzy\u017ca<\/em><\/strong><\/td>\n<\/tr>\n<\/tbody>\n<\/table>\n<p>&nbsp;<\/p>\n<table width=\"726\">\n<tbody>\n<tr>\n<td colspan=\"2\" width=\"593\"><strong>18 marca&nbsp;&nbsp; V NIEDZIELA WIELKIEGO POSTU<\/strong><\/td>\n<td width=\"133\"><strong><em>J 12, 20-33<\/em><\/strong><\/td>\n<\/tr>\n<tr>\n<td width=\"87\">7:00<\/td>\n<td colspan=\"2\" width=\"639\">\u015ap. Cyryla (k) i Magdalena Kieza<\/td>\n<\/tr>\n<tr>\n<td width=\"87\">9:00<\/td>\n<td colspan=\"2\" width=\"639\">\u015ap. J\u00f3zef M\u0142ynarski i zmarli z rodziny oraz \u015bp. Anna Nadolska<\/td>\n<\/tr>\n<tr>\n<td width=\"87\">9:00<\/td>\n<td colspan=\"2\" width=\"639\">\u015ap. Weronika w 35 rocz. \u015bmierci oraz \u015bp. Jan w 23 rocz. \u015bmierci Kijuc<\/td>\n<\/tr>\n<tr>\n<td width=\"87\">10:30<\/td>\n<td colspan=\"2\" width=\"639\">\u015ap. J\u00f3zef (m) i J\u00f3zefa (k), J\u00f3zef (m) Tubilewicz oraz \u015bp. J\u00f3zefa (k) Dobrzeniecka<\/td>\n<\/tr>\n<tr>\n<td width=\"87\"><strong>12:00<\/strong><\/td>\n<td colspan=\"2\" width=\"639\"><strong>Za parafian<\/strong><\/td>\n<\/tr>\n<tr>\n<td width=\"87\">15:00<\/td>\n<td colspan=\"2\" width=\"639\">Dzi\u0119kczynna za 92 lata \u017cycia Gnowefy Tomczy\u0144skiej z pro\u015bb\u0105 o dalsze \u0142aski, zdrowie i opiek\u0119 Matki Bo\u017cej<\/td>\n<\/tr>\n<tr>\n<td width=\"87\">17:15<\/td>\n<td colspan=\"2\" width=\"639\"><em>Gorzkie \u017bale z kazaniem pasyjnym<\/em><\/td>\n<\/tr>\n<tr>\n<td width=\"87\">18:00<\/td>\n<td colspan=\"2\" width=\"639\">\u015ap. J\u00f3zef i Eufemia (k) Sejmiccy<\/td>\n<\/tr>\n<\/tbody>\n<\/table>\n<p>&nbsp;<\/p>\n<p>&nbsp;<\/p>\n","protected":false},"excerpt":{"rendered":"<p>&nbsp; 12 marca&nbsp;&nbsp; PONIEDZIA\u0141EK &#8211; REKOLEKCJE J 4, 43-54 8:00 \u015ap. Lidia, Ireneusz i zmarli z rodziny Babi\u0144skich i Polasik 11:00 \u015ap. Franciszek (m) Sie\u0144kowski, Franciszka (k) i Kazimierz, Michalina z rodz. Smolicz i z rodz. Smolicz i z rodz. Janeckich 18:00 \u015ap. Zofia Jaworska w 30 rocz. \u015bmierci; \u015bp. Jan, Andrzej Jaworscy; \u015bp. Marianna [&hellip;]<\/p>\n","protected":false},"author":1,"featured_media":2526,"comment_status":"closed","ping_status":"closed","sticky":false,"template":"","format":"standard","meta":{"ngg_post_thumbnail":0,"footnotes":""},"categories":[11,8,4],"tags":[],"class_list":["post-3090","post","type-post","status-publish","format-standard","has-post-thumbnail","hentry","category-aktualnosci","category-blog","category-intencje"],"_links":{"self":[{"href":"https:\/\/rafalk-elblag.pl\/index.php?rest_route=\/wp\/v2\/posts\/3090","targetHints":{"allow":["GET"]}}],"collection":[{"href":"https:\/\/rafalk-elblag.pl\/index.php?rest_route=\/wp\/v2\/posts"}],"about":[{"href":"https:\/\/rafalk-elblag.pl\/index.php?rest_route=\/wp\/v2\/types\/post"}],"author":[{"embeddable":true,"href":"https:\/\/rafalk-elblag.pl\/index.php?rest_route=\/wp\/v2\/users\/1"}],"replies":[{"embeddable":true,"href":"https:\/\/rafalk-elblag.pl\/index.php?rest_route=%2Fwp%2Fv2%2Fcomments&post=3090"}],"version-history":[{"count":1,"href":"https:\/\/rafalk-elblag.pl\/index.php?rest_route=\/wp\/v2\/posts\/3090\/revisions"}],"predecessor-version":[{"id":3091,"href":"https:\/\/rafalk-elblag.pl\/index.php?rest_route=\/wp\/v2\/posts\/3090\/revisions\/3091"}],"wp:featuredmedia":[{"embeddable":true,"href":"https:\/\/rafalk-elblag.pl\/index.php?rest_route=\/wp\/v2\/media\/2526"}],"wp:attachment":[{"href":"https:\/\/rafalk-elblag.pl\/index.php?rest_route=%2Fwp%2Fv2%2Fmedia&parent=3090"}],"wp:term":[{"taxonomy":"category","embeddable":true,"href":"https:\/\/rafalk-elblag.pl\/index.php?rest_route=%2Fwp%2Fv2%2Fcategories&post=3090"},{"taxonomy":"post_tag","embeddable":true,"href":"https:\/\/rafalk-elblag.pl\/index.php?rest_route=%2Fwp%2Fv2%2Ftags&post=3090"}],"curies":[{"name":"wp","href":"https:\/\/api.w.org\/{rel}","templated":true}]}}