{"id":3087,"date":"2018-03-04T15:30:07","date_gmt":"2018-03-04T15:30:07","guid":{"rendered":"http:\/\/rafalk-elblag.pl\/?p=3087"},"modified":"2018-03-04T15:30:07","modified_gmt":"2018-03-04T15:30:07","slug":"ogloszenia-parafialne-4-03-2018-r-iii-niedziela-wielkiego-postu","status":"publish","type":"post","link":"https:\/\/rafalk-elblag.pl\/?p=3087","title":{"rendered":"OG\u0141OSZENIA PARAFIALNE 4.03.2018 R. \u2013 III NIEDZIELA WIELKIEGO POSTU"},"content":{"rendered":"<p><a href=\"http:\/\/rafalk-elblag.pl\/wp-content\/uploads\/2016\/12\/pulpit.jpg\"><img loading=\"lazy\" decoding=\"async\" class=\"alignnone size-large wp-image-2530\" src=\"http:\/\/rafalk-elblag.pl\/wp-content\/uploads\/2016\/12\/pulpit-1024x682.jpg\" alt=\"\" width=\"900\" height=\"599\" srcset=\"https:\/\/rafalk-elblag.pl\/wp-content\/uploads\/2016\/12\/pulpit-1024x682.jpg 1024w, https:\/\/rafalk-elblag.pl\/wp-content\/uploads\/2016\/12\/pulpit-300x200.jpg 300w, https:\/\/rafalk-elblag.pl\/wp-content\/uploads\/2016\/12\/pulpit-768x512.jpg 768w, https:\/\/rafalk-elblag.pl\/wp-content\/uploads\/2016\/12\/pulpit.jpg 1698w\" sizes=\"auto, (max-width: 900px) 100vw, 900px\" \/><\/a><\/p>\n<p>&nbsp;<\/p>\n<p><strong>1. Serdecznie zapraszamy na Adoracj\u0119 Naj\u015bwi\u0119tszego Sakramentu od 16.15 do 17.15<\/strong><\/p>\n<p>&nbsp;<\/p>\n<p><em>2. Ofiary zbierane dzisiaj na tac\u0119 przeznaczone s\u0105 na uregulowanie rachunku za ogrzewanie ko\u015bcio\u0142a. B\u00f3g zap\u0142a\u0107.<\/em><\/p>\n<p>&nbsp;<\/p>\n<p>3. Wykorzystajmy czas WIELKIEGO POSTU do gorliwego i owocnego udzia\u0142u w Liturgii Wielkopostnej i Nabo\u017ce\u0144stwach Pokutnych<strong>. Zapraszamy w ka\u017cd\u0105 niedziel\u0119 o godz. 17.15 na Gorzkie \u017bale z kazaniem pasyjnym, a w ka\u017cdy pi\u0105tek Wielkiego Postu na Drog\u0119 Krzy\u017cow\u0105:<\/strong><em> godz. 16.30 dla dzieci,&nbsp; godz. 17.15 dla doros\u0142ych oraz o<\/em> <em>godz. 19.00 dla m\u0142odzie\u017cy <\/em><strong>PAMI\u0118TAJMY, \u017ce Wielki Post jest tak zwanym \u201eczasem zakazanym\u201d dla wszelkich hucznych wesel, zabaw i dyskotek !!!<\/strong><\/p>\n<p>&nbsp;<\/p>\n<p>4. Pami\u0119tajmy o Skarbonce na Ja\u0142mu\u017cn\u0119&nbsp; Wielkopostn\u0105 2018. W ten spos\u00f3b w\u0142\u0105czamy si\u0119 w og\u00f3lnopolsk\u0105 akcj\u0119 <strong>\u201eDAR JUNIORA DLA SENIORA\u201d.<\/strong> <em><u>Zrezygnuj w Wielkim Po\u015bcie z jakie\u015b przyjemno\u015bci i z\u0142\u00f3\u017c ofiar\u0119 do skarbonki. Tw\u00f3j dar pomo\u017ce osobom starszym.<\/u><\/em> Akcja ta uczy wszystkich tj. dzieci, m\u0142odzie\u017c i doros\u0142ych ofiarno\u015bci.<\/p>\n<p>&nbsp;<\/p>\n<p><strong>5. PRZYPOMINAMY!!! Spotkania Kr\u0119gu Biblijnego odbywaj\u0105 si\u0119 w ka\u017cd\u0105 I i III \u015brod\u0119 miesi\u0105ca. Najbli\u017csze spotkanie ju\u017c w \u015brod\u0119 \u2013 7 marca o godz. 19.00 w salce na plebanii. Ks. dr \u0141ukasz Garbacki serdecznie zaprasza.<\/strong><\/p>\n<p>&nbsp;<\/p>\n<p><strong>6. Z okazji Dnia Kobiet<\/strong> w tym tygodniu sk\u0142adamy najserdeczniejsze \u017cyczenia wielu \u0142ask Bo\u017cych oraz opieki Matki Naj\u015bwi\u0119tszej. Niech ten dzie\u0144 b\u0119dzie wyrazem wdzi\u0119czno\u015bci za wielk\u0105 mi\u0142o\u015b\u0107 i dobro\u0107, jak\u0105 wnosz\u0105 w nasze rodziny niewiasty.<\/p>\n<p>&nbsp;<\/p>\n<p><strong>7. Pos\u0142uga w konfesjonale <\/strong>w tygodniu: rano od 7.45 a wieczorem od 17.30. Zapraszamy. <em>Przyjd\u017a wcze\u015bniej i skorzystaj z Sakramentu Pokuty.<\/em><\/p>\n<p>&nbsp;<\/p>\n<p><strong>8. Za tydzie\u0144 rozpoczynamy Rekolekcje Wielkopostne dla doros\u0142ych <\/strong>natomiast dla dzieci i m\u0142odzie\u017cy od \u015brody 14 marca. Poprowadzi je ks. dr Grzegorz Puchalski by\u0142y Rektor Wy\u017cszego Seminarium a obecnie Dyrektor Centrum Nowej Ewangelizacji w Elbl\u0105gu. <strong>Przypominamy, \u017ce w poniedzia\u0142ek, wtorek i w \u015brod\u0119 Msze \u015awi\u0119te z naukami o godz. 8.00, 11.00, 18.00, 20.00.<\/strong> <em>Uczy\u0144my wszystko, aby wzi\u0105\u0107 w nich udzia\u0142. Pro\u015bmy o potrzebne dary Ducha \u015awi\u0119tego dla ksi\u0119dza Rekolekcjonisty i dla nas, by\u015bmy byli otwarci na g\u0142oszone s\u0142owo. <\/em><\/p>\n<p>&nbsp;<\/p>\n<p>9. W nocy z 23 na 24 2018 roku rozpocznie si\u0119 w Elbl\u0105gu \u2013 <strong>EKSTREMALNA DROGA KRZY\u017bOWA. <\/strong><u>W tym roku cztery propozycje: Trasa 1: Elbl\u0105g \u2013 Frombork (40 km), Trasa 2: Elbl\u0105g \u2013 Zielonka Pas\u0142\u0119cka (42 km), Trasa 3: Elbl\u0105g \u2013 Tolkmicko (40 km)<\/u> i trasa 4: wok\u00f3\u0142 Elbl\u0105ga (41km). Powy\u017csza \u201edroga\u201d rozpocznie si\u0119 Msz\u0105 \u015bw. o godz. 20.00 w ko\u015bciele \u015bw. Brata Alberta (Salwatorianie). Jest to propozycja dla ludzi, kt\u00f3rzy s\u0105 aktywni i ci\u0105gle stawiaj\u0105 sobie nowe wyzwania. Wi\u0119cej informacji: <a href=\"mailto:elblag.edk@gmail.com\">elblag.edk@gmail.com<\/a><em>. Kontakt: 519&nbsp;858 899. Zapisy: edk.org.pl <\/em><\/p>\n<p>&nbsp;<\/p>\n<p>10. W ostatni\u0105 niedziele do puszek CARITAS zebrano 2570 z\u0142. Z\u0142o\u017cone ofiary przekazano panu Andrzejowi &#8211; pogorzelcowi. <em>Za okazane serce i wsparcie w tak trudnej sytuacji w imieniu pana Andrzeja sk\u0142adam serdeczne B\u00f3g zap\u0142a\u0107.<\/em><\/p>\n<p>&nbsp;<\/p>\n<p>11. Caritas Parafialna za tydzie\u0144 b\u0119dzie rozprowadza\u0142 \u015bwieczki na st\u00f3\u0142 WIELKANOCNY<br \/>\nw cenie 10 z\u0142.<\/p>\n<p>&nbsp;<\/p>\n<p>12. Przed ko\u015bcio\u0142em mo\u017cna naby\u0107 pras\u0119 katolick\u0105: <em>\u201eGo\u015b\u0107 Niedzielny\u201d<\/em> w cenie 5 z\u0142. oraz nowy numer \u201eCuda i \u0141aski Bo\u017ce\u201d w cenie 3,50 z\u0142.<\/p>\n<p>&nbsp;<\/p>\n<p>&nbsp;<\/p>\n","protected":false},"excerpt":{"rendered":"<p>&nbsp; 1. Serdecznie zapraszamy na Adoracj\u0119 Naj\u015bwi\u0119tszego Sakramentu od 16.15 do 17.15 &nbsp; 2. Ofiary zbierane dzisiaj na tac\u0119 przeznaczone s\u0105 na uregulowanie rachunku za ogrzewanie ko\u015bcio\u0142a. B\u00f3g zap\u0142a\u0107. &nbsp; 3. Wykorzystajmy czas WIELKIEGO POSTU do gorliwego i owocnego udzia\u0142u w Liturgii Wielkopostnej i Nabo\u017ce\u0144stwach Pokutnych. Zapraszamy w ka\u017cd\u0105 niedziel\u0119 o godz. 17.15 na Gorzkie [&hellip;]<\/p>\n","protected":false},"author":1,"featured_media":2530,"comment_status":"closed","ping_status":"closed","sticky":false,"template":"","format":"standard","meta":{"ngg_post_thumbnail":0,"footnotes":""},"categories":[11,8,3],"tags":[],"class_list":["post-3087","post","type-post","status-publish","format-standard","has-post-thumbnail","hentry","category-aktualnosci","category-blog","category-ogloszenia"],"_links":{"self":[{"href":"https:\/\/rafalk-elblag.pl\/index.php?rest_route=\/wp\/v2\/posts\/3087","targetHints":{"allow":["GET"]}}],"collection":[{"href":"https:\/\/rafalk-elblag.pl\/index.php?rest_route=\/wp\/v2\/posts"}],"about":[{"href":"https:\/\/rafalk-elblag.pl\/index.php?rest_route=\/wp\/v2\/types\/post"}],"author":[{"embeddable":true,"href":"https:\/\/rafalk-elblag.pl\/index.php?rest_route=\/wp\/v2\/users\/1"}],"replies":[{"embeddable":true,"href":"https:\/\/rafalk-elblag.pl\/index.php?rest_route=%2Fwp%2Fv2%2Fcomments&post=3087"}],"version-history":[{"count":1,"href":"https:\/\/rafalk-elblag.pl\/index.php?rest_route=\/wp\/v2\/posts\/3087\/revisions"}],"predecessor-version":[{"id":3088,"href":"https:\/\/rafalk-elblag.pl\/index.php?rest_route=\/wp\/v2\/posts\/3087\/revisions\/3088"}],"wp:featuredmedia":[{"embeddable":true,"href":"https:\/\/rafalk-elblag.pl\/index.php?rest_route=\/wp\/v2\/media\/2530"}],"wp:attachment":[{"href":"https:\/\/rafalk-elblag.pl\/index.php?rest_route=%2Fwp%2Fv2%2Fmedia&parent=3087"}],"wp:term":[{"taxonomy":"category","embeddable":true,"href":"https:\/\/rafalk-elblag.pl\/index.php?rest_route=%2Fwp%2Fv2%2Fcategories&post=3087"},{"taxonomy":"post_tag","embeddable":true,"href":"https:\/\/rafalk-elblag.pl\/index.php?rest_route=%2Fwp%2Fv2%2Ftags&post=3087"}],"curies":[{"name":"wp","href":"https:\/\/api.w.org\/{rel}","templated":true}]}}