{"id":3082,"date":"2018-02-23T22:19:33","date_gmt":"2018-02-23T22:19:33","guid":{"rendered":"http:\/\/rafalk-elblag.pl\/?p=3082"},"modified":"2018-02-23T22:19:33","modified_gmt":"2018-02-23T22:19:33","slug":"ogloszenia-parafialne-25-02-2018-r-ii-niedziela-wielkiego-postu","status":"publish","type":"post","link":"https:\/\/rafalk-elblag.pl\/?p=3082","title":{"rendered":"OG\u0141OSZENIA PARAFIALNE 25.02.2018 R. \u2013 II NIEDZIELA WIELKIEGO POSTU"},"content":{"rendered":"<p><a href=\"http:\/\/rafalk-elblag.pl\/wp-content\/uploads\/2016\/12\/pulpit.jpg\"><img loading=\"lazy\" decoding=\"async\" class=\"alignnone size-large wp-image-2530\" src=\"http:\/\/rafalk-elblag.pl\/wp-content\/uploads\/2016\/12\/pulpit-1024x682.jpg\" alt=\"\" width=\"900\" height=\"599\" srcset=\"https:\/\/rafalk-elblag.pl\/wp-content\/uploads\/2016\/12\/pulpit-1024x682.jpg 1024w, https:\/\/rafalk-elblag.pl\/wp-content\/uploads\/2016\/12\/pulpit-300x200.jpg 300w, https:\/\/rafalk-elblag.pl\/wp-content\/uploads\/2016\/12\/pulpit-768x512.jpg 768w, https:\/\/rafalk-elblag.pl\/wp-content\/uploads\/2016\/12\/pulpit.jpg 1698w\" sizes=\"auto, (max-width: 900px) 100vw, 900px\" \/><\/a><\/p>\n<p>1. Wolontariusze Caritas zbieraj\u0105 ofiary do puszek dla os\u00f3b potrzebuj\u0105cych pomocy. Zwracam si\u0119 z pro\u015bba o pomoc dla pana Andrzeja St\u0119pkowskiego \u2013 farmaceuty, pracuj\u0105cego w APTECE przy ul. Myliusa 20 w Elbl\u0105gu. Pan Andrzej 14 lutego 2018 r. w wyniku po\u017caru straci\u0142 dorobek \u017cycia \u2013 pozosta\u0142 bez domu. Dzisiaj w naszej parafii organizujemy zbi\u00f3rk\u0119 do puszek CARITAS. Z\u0142o\u017cone ofiary przeznaczymy na pomoc pogorzelcowi. <em>Za okazane serce i wsparcie w tak trudnej sytuacji DZI\u0118KUJ\u0118.<\/em><\/p>\n<p>&nbsp;<\/p>\n<p><strong>2. Wsp\u00f3lnota Odnowy w Duchu \u015awi\u0119tym <em>Kana Galilejska<\/em> zaprasza na swoje spotkanie we wtorek o godz. 19.00 do salki na plebanii. <\/strong><\/p>\n<p>&nbsp;<\/p>\n<p>3. Wykorzystajmy czas WIELKIEGO POSTU do gorliwego i owocnego udzia\u0142u w Liturgii Wielkopostnej i Nabo\u017ce\u0144stwach Pokutnych<strong>. Zapraszamy w ka\u017cd\u0105 niedziel\u0119 o godz. 17.15 na Gorzkie \u017bale z kazaniem pasyjnym, a w ka\u017cdy pi\u0105tek Wielkiego Postu na Drog\u0119 Krzy\u017cow\u0105:<\/strong><em> godz. 16.30 dla dzieci,&nbsp; godz. 17.15 dla doros\u0142ych oraz o<\/em> <em>godz. 19.00 dla m\u0142odzie\u017cy <\/em><strong>PAMI\u0118TAJMY, \u017ce Wielki Post jest tak zwanym \u201eczasem&nbsp;&nbsp;&nbsp; zakazanym\u201d dla wszelkich hucznych wesel, zabaw i dyskotek !!!<\/strong><\/p>\n<p>&nbsp;<\/p>\n<p>4. W Wielkim Po\u015bcie zapraszamy parafian w ka\u017cd\u0105 niedziel\u0119<strong> o godz. 8.40 na GODZINKI KU CZCI M\u0118KI PA\u0143SKIEJ.<\/strong><\/p>\n<p>&nbsp;<\/p>\n<p>5. W czasie Wielkiego Postu po raz kolejny zapraszamy na Drog\u0119 Krzy\u017cow\u0105 w formie biegu.&nbsp;<strong>Temat rozwa\u017ca\u0144: \u201eGRZECHY CUDZE\u201d.<\/strong> Spotykamy si\u0119 w soboty o 8:00 w Ba\u017cantarni przy muszli koncertowej. <em>Przyjd\u017a czekamy na Ciebie.<\/em><\/p>\n<p>&nbsp;<\/p>\n<p>6. W tym tygodniu przypada pierwszy czwartek, pi\u0105tek i sobota miesi\u0105ca.<\/p>\n<ul>\n<li><strong>w pierwszy czwartek<\/strong> b\u0119dziemy modli\u0107 si\u0119 wsp\u00f3lnie za Ko\u015bci\u00f3\u0142 i Ojca \u015awi\u0119tego Franciszka. <strong>Zapraszamy na Msz\u0119 \u015aw., a po niej ,,Godzin\u0119 \u015awi\u0119t\u0105\u201d<\/strong>, czyli na ADORACJ\u0118 przed Naj\u015bwi\u0119tszym Sakramentem w powy\u017cszych intencjach.<\/li>\n<li><strong>w pierwszy pi\u0105tek<\/strong> spowied\u017a dla dzieci od godz. 16.00 i Droga Krzy\u017cowa o godz. 16:30, doros\u0142ych zapraszamy od godz. 17.30 i Msz\u0119 \u015awi\u0119t\u0105 Wotywn\u0105 o NSPJ o godz.18.00, natomiast m\u0142odzie\u017c od godz. 19:00<\/li>\n<li><strong>PRZYPOMINAMY <\/strong>\u017ce dzieci klas IV spowiadaj\u0105 si\u0119 w tygodniu wed\u0142ug ustalonego porz\u0105dku<em>: poniedzia\u0142ek od godz. 17.30 klasa IV A, wtorek od godz. 17.30 klasa IV B \u015broda od godz. 17.30 klasa IV C, czwartek od godz. 17.30 klasa IV D i w pi\u0105tek od godz. 16.00.<\/em> Droga Krzy\u017cowa z Komunia \u015awi\u0119ta o godz. 16.30,<\/li>\n<li><strong>w pierwsz\u0105 sobot\u0119<\/strong> przed Msz\u0105 \u015aw. o godz. 17.00 zapraszamy na nabo\u017ce\u0144stwo wynagradzaj\u0105ce Niepokalanemu Sercu Maryi za zniewagi grzesznik\u00f3w. <em>Tego dnia zmiana tajemnic dla \u017bywego R\u00f3\u017ca\u0144ca. <\/em><\/li>\n<\/ul>\n<p>&nbsp;<\/p>\n<p>7. Z racji pierwszego pi\u0105tku kap\u0142ani udadz\u0105 si\u0119 do chorych 2 marca br.<\/p>\n<p>&nbsp;<\/p>\n<p>8. Pami\u0119tajmy o Skarbonce na Ja\u0142mu\u017cn\u0119&nbsp; Wielkopostn\u0105 2018. W ten spos\u00f3b w\u0142\u0105czamy si\u0119 w og\u00f3lnopolsk\u0105 akcj\u0119 <strong>\u201eDAR JUNIORA DLA SENIORA\u201d.<\/strong> <em><u>Zrezygnuj w Wielkim Po\u015bcie z jakie\u015b przyjemno\u015bci i z\u0142\u00f3\u017c ofiar\u0119 do skarbonki. Tw\u00f3j dar pomo\u017ce osobom starszym.<\/u><\/em> Akcja ta uczy wszystkich tj. dzieci, m\u0142odzie\u017c i doros\u0142ych ofiarno\u015bci.<\/p>\n<p><strong>&nbsp;<\/strong><\/p>\n<p><strong>9. Pos\u0142uga w konfesjonale <\/strong>w tygodniu: rano od 7.45 a wieczorem od 17.30. Zapraszamy. <em>Przyjd\u017a wcze\u015bniej i skorzystaj z Sakramentu Pokuty.<\/em><strong>&nbsp; <\/strong><\/p>\n<p>&nbsp;<\/p>\n<p>10. W dniu 27 lutego 2018 r (wtorek) od godz. 14.00 w przechodni lekarskiej <strong>\u201e DU\u017bY MEDYK\u201d<\/strong> przy ul. Myliusa 20 w Elbl\u0105gu, odb\u0119d\u0105 si\u0119 badania USG, DOPLPLER przep\u0142yw\u00f3w szyjnych i ko\u0144czyn dolnych, USG tarczycy,&nbsp; nerek, staw\u00f3w, piersi oraz ECHO serca. Badania s\u0105 odp\u0142atne. Cena jednego badania to 55 z\u0142.<\/p>\n<p><strong>&nbsp;<\/strong><\/p>\n<p><strong>11. Osoby, kt\u00f3re \u015bpiewa\u0142y w minionych latach w czasie Triduum Paschalnego<\/strong> oraz wszystkich ch\u0119tnych prosimy o kontakt z p. Piotrem \u2013 organist\u0105.<\/p>\n<p>&nbsp;<\/p>\n<p>12. Grupa rodzinna Al-Anon <em>\u015amieszki<\/em> zaprasza na mityng otwarty z okazji 27 lat istnienia, kt\u00f3ry odb\u0119dzie si\u0119 01 marca (czwartek) 2018 r. o godz. 17.00 w salce na plebanii.<\/p>\n<p><strong>&nbsp;<\/strong><\/p>\n<p><strong>13. W tym roku Rekolekcje Wielkopostne dla doros\u0142ych od 11 marca br. <\/strong>Natomiast dla dzieci i m\u0142odzie\u017cy od \u015brody 14 marca. Poprowadzi je ks. dr Grzegorz Puchalski by\u0142y Rektor Wy\u017cszego Seminarium a obecnie Dyrektor Centrum Nowej Ewangelizacji w Elbl\u0105gu. <strong>Przypominamy, \u017ce w poniedzia\u0142ek, wtorek i w \u015brod\u0119 Msze \u015awi\u0119te z naukami o godz. 8.00, 11.00, 18.00, 20.00.<\/strong> <em>Uczy\u0144my wszystko, aby wzi\u0105\u0107 w nich udzia\u0142. Pro\u015bmy o potrzebne dary Ducha \u015awi\u0119tego dla ksi\u0119dza Rekolekcjonisty i dla nas, by\u015bmy byli otwarci na g\u0142oszone s\u0142owo.<\/em><\/p>\n<p>&nbsp;<\/p>\n<p>14. Za tydzie\u0144&nbsp; taca przeznaczona b\u0119dzie na uregulowanie rachunku za ogrzewanie ko\u015bcio\u0142a.<\/p>\n<p>&nbsp;<\/p>\n<p>15. Przed ko\u015bcio\u0142em mo\u017cna naby\u0107 pras\u0119 katolick\u0105: <em>\u201eGo\u015b\u0107 Niedzielny\u201d<\/em> w cenie 5 z\u0142. oraz nowy numer \u201eCuda i \u0141aski Bo\u017ce\u201d w cenie 3,50 z\u0142.<\/p>\n<p><strong>&nbsp;<\/strong><\/p>\n<p><strong>16. Pan powo\u0142a\u0142 do wieczno\u015bci<\/strong>: <em>\u015bp. Jerzego Duda lat 58 z ul. \u0141okietka; <\/em>\u015bp. <em>Gerhard Bendingerlat 84 z ul. <\/em><em>\u0141okietka<\/em>; <em>\u015bp. Tadeusz Ilski lat 68 z ul. K\u0142oczowskiego.<\/em><\/p>\n<p>&nbsp;<\/p>\n<p>&nbsp;<\/p>\n<p>&nbsp;<\/p>\n","protected":false},"excerpt":{"rendered":"<p>1. Wolontariusze Caritas zbieraj\u0105 ofiary do puszek dla os\u00f3b potrzebuj\u0105cych pomocy. Zwracam si\u0119 z pro\u015bba o pomoc dla pana Andrzeja St\u0119pkowskiego \u2013 farmaceuty, pracuj\u0105cego w APTECE przy ul. Myliusa 20 w Elbl\u0105gu. Pan Andrzej 14 lutego 2018 r. w wyniku po\u017caru straci\u0142 dorobek \u017cycia \u2013 pozosta\u0142 bez domu. Dzisiaj w naszej parafii organizujemy zbi\u00f3rk\u0119 do [&hellip;]<\/p>\n","protected":false},"author":1,"featured_media":2530,"comment_status":"closed","ping_status":"closed","sticky":false,"template":"","format":"standard","meta":{"ngg_post_thumbnail":0,"footnotes":""},"categories":[11,8,3],"tags":[],"class_list":["post-3082","post","type-post","status-publish","format-standard","has-post-thumbnail","hentry","category-aktualnosci","category-blog","category-ogloszenia"],"_links":{"self":[{"href":"https:\/\/rafalk-elblag.pl\/index.php?rest_route=\/wp\/v2\/posts\/3082","targetHints":{"allow":["GET"]}}],"collection":[{"href":"https:\/\/rafalk-elblag.pl\/index.php?rest_route=\/wp\/v2\/posts"}],"about":[{"href":"https:\/\/rafalk-elblag.pl\/index.php?rest_route=\/wp\/v2\/types\/post"}],"author":[{"embeddable":true,"href":"https:\/\/rafalk-elblag.pl\/index.php?rest_route=\/wp\/v2\/users\/1"}],"replies":[{"embeddable":true,"href":"https:\/\/rafalk-elblag.pl\/index.php?rest_route=%2Fwp%2Fv2%2Fcomments&post=3082"}],"version-history":[{"count":1,"href":"https:\/\/rafalk-elblag.pl\/index.php?rest_route=\/wp\/v2\/posts\/3082\/revisions"}],"predecessor-version":[{"id":3083,"href":"https:\/\/rafalk-elblag.pl\/index.php?rest_route=\/wp\/v2\/posts\/3082\/revisions\/3083"}],"wp:featuredmedia":[{"embeddable":true,"href":"https:\/\/rafalk-elblag.pl\/index.php?rest_route=\/wp\/v2\/media\/2530"}],"wp:attachment":[{"href":"https:\/\/rafalk-elblag.pl\/index.php?rest_route=%2Fwp%2Fv2%2Fmedia&parent=3082"}],"wp:term":[{"taxonomy":"category","embeddable":true,"href":"https:\/\/rafalk-elblag.pl\/index.php?rest_route=%2Fwp%2Fv2%2Fcategories&post=3082"},{"taxonomy":"post_tag","embeddable":true,"href":"https:\/\/rafalk-elblag.pl\/index.php?rest_route=%2Fwp%2Fv2%2Ftags&post=3082"}],"curies":[{"name":"wp","href":"https:\/\/api.w.org\/{rel}","templated":true}]}}