{"id":3080,"date":"2018-02-23T22:13:45","date_gmt":"2018-02-23T22:13:45","guid":{"rendered":"http:\/\/rafalk-elblag.pl\/?p=3080"},"modified":"2018-02-23T22:13:45","modified_gmt":"2018-02-23T22:13:45","slug":"intencje-mszalne-na-ii-tydzien-wielkiego-postu-26-02-4-03-2018","status":"publish","type":"post","link":"https:\/\/rafalk-elblag.pl\/?p=3080","title":{"rendered":"INTENCJE MSZALNE NA II TYDZIE\u0143 WIELKIEGO POSTU (26.02.-4.03.2018)"},"content":{"rendered":"<p><a href=\"http:\/\/rafalk-elblag.pl\/wp-content\/uploads\/2016\/12\/shutterstock_49643152-1000.jpg\"><img loading=\"lazy\" decoding=\"async\" class=\"alignnone size-full wp-image-2526\" src=\"http:\/\/rafalk-elblag.pl\/wp-content\/uploads\/2016\/12\/shutterstock_49643152-1000.jpg\" alt=\"\" width=\"1000\" height=\"665\" srcset=\"https:\/\/rafalk-elblag.pl\/wp-content\/uploads\/2016\/12\/shutterstock_49643152-1000.jpg 1000w, https:\/\/rafalk-elblag.pl\/wp-content\/uploads\/2016\/12\/shutterstock_49643152-1000-300x200.jpg 300w, https:\/\/rafalk-elblag.pl\/wp-content\/uploads\/2016\/12\/shutterstock_49643152-1000-768x511.jpg 768w\" sizes=\"auto, (max-width: 1000px) 100vw, 1000px\" \/><\/a><\/p>\n<p>&nbsp;<\/p>\n<table width=\"726\">\n<tbody>\n<tr>\n<td colspan=\"2\" width=\"593\"><strong>26 lutego&nbsp;&nbsp; PONIEDZIA\u0141EK<\/strong><\/td>\n<td width=\"133\"><strong><em>\u0141k 6, 36-38<\/em><\/strong><\/td>\n<\/tr>\n<tr>\n<td width=\"87\">8:00<\/td>\n<td colspan=\"2\" width=\"639\">\u015ap. Stefan Wawer 26 greg.<\/td>\n<\/tr>\n<tr>\n<td width=\"87\">18:00<\/td>\n<td colspan=\"2\" width=\"639\">Dzi\u0119kczynna za dar \u017cycia Jasia i Grzegorza z pro\u015bb\u0105 o Bo\u017ce prowadzenie<\/td>\n<\/tr>\n<tr>\n<td width=\"87\">18:00<\/td>\n<td colspan=\"2\" width=\"639\">\u015ap. Tadeusz Skowro\u0144ski w 1 rocz. \u015bmierci oraz \u015bp. Irena, Leopold i Kazimierz Skowro\u0144scy<\/td>\n<\/tr>\n<\/tbody>\n<\/table>\n<p>&nbsp;<\/p>\n<table width=\"726\">\n<tbody>\n<tr>\n<td colspan=\"2\" width=\"593\"><strong>27 lutego&nbsp;&nbsp; <\/strong><strong>WTOREK<\/strong><\/td>\n<td width=\"133\"><strong><em>Mt 23, 1-12<\/em><\/strong><\/td>\n<\/tr>\n<tr>\n<td width=\"87\">8:00<\/td>\n<td colspan=\"2\" width=\"639\">\u015ap. Stefan Wawer 27 greg.<\/td>\n<\/tr>\n<tr>\n<td width=\"87\">18:00<\/td>\n<td colspan=\"2\" width=\"639\">\u015ap. Marta w 7 rocz. \u015bmierci i J\u00f3zef w 8 rocz. \u015bmierci Lipi\u0144scy<\/td>\n<\/tr>\n<tr>\n<td width=\"87\">18:00<\/td>\n<td colspan=\"2\" width=\"639\">\u015ap. Piotr w 16 rocz. \u015bmierci<\/td>\n<\/tr>\n<\/tbody>\n<\/table>\n<p>&nbsp;<\/p>\n<table width=\"726\">\n<tbody>\n<tr>\n<td colspan=\"2\" width=\"593\"><strong>28 lutego&nbsp;&nbsp; \u015aRODA<\/strong><\/td>\n<td width=\"133\"><strong><em>Mt 20, 17-28<\/em><\/strong><\/td>\n<\/tr>\n<tr>\n<td width=\"87\">8:00<\/td>\n<td colspan=\"2\" width=\"639\">\u015ap. Stefan Wawer 28 greg.<\/td>\n<\/tr>\n<tr>\n<td width=\"87\">17:30<\/td>\n<td colspan=\"2\" width=\"639\"><em>Nabo\u017ce\u0144stwo do Matki Bo\u017cej Nieustaj\u0105cej Pomocy<\/em><\/td>\n<\/tr>\n<tr>\n<td width=\"87\"><strong>18:00<\/strong><\/td>\n<td colspan=\"2\" width=\"639\"><strong>W intencjach czcicieli Matki Bo\u017cej Nieustaj\u0105cej Pomocy<\/strong><\/td>\n<\/tr>\n<tr>\n<td width=\"87\">18:00<\/td>\n<td colspan=\"2\" width=\"639\">\u015ap. Julian Tykarski w 30 rocz. \u015bmierci<\/td>\n<\/tr>\n<\/tbody>\n<\/table>\n<p>&nbsp;<\/p>\n<table width=\"726\">\n<tbody>\n<tr>\n<td colspan=\"2\" width=\"593\"><strong>1 marca&nbsp;&nbsp; PIERWSZY CZWARTEK MIESI\u0104CA<\/strong><\/td>\n<td width=\"133\"><strong><em>\u0141k 16, 19-31<\/em><\/strong><\/td>\n<\/tr>\n<tr>\n<td width=\"87\">8:00<\/td>\n<td colspan=\"2\" width=\"639\">\u015ap. Stefan Wawer 29 greg.<\/td>\n<\/tr>\n<tr>\n<td width=\"87\"><strong>18:00<\/strong><\/td>\n<td colspan=\"2\" width=\"639\"><strong>O nowe i \u015bwi\u0119te powo\u0142ania do Wy\u017cszego Seminarium Duchownego w Elbl\u0105gu oraz za powo\u0142anych i formuj\u0105cych si\u0119<\/strong><\/td>\n<\/tr>\n<tr>\n<td width=\"87\">18:00<\/td>\n<td colspan=\"2\" width=\"639\">\u015ap. Pelagia Herman w 6 rocz. \u015bmierci oraz za zmar\u0142ych z rodzin K\u0119dzierskich i Herman<\/td>\n<\/tr>\n<tr>\n<td width=\"87\"><strong>18:45<\/strong><\/td>\n<td colspan=\"2\" width=\"639\"><strong>Godzina \u015awi\u0119ta \u2013 adoracja w intencji powo\u0142a\u0144<\/strong><\/td>\n<\/tr>\n<tr>\n<td width=\"87\"><strong>19:00<\/strong><\/td>\n<td colspan=\"2\" width=\"639\"><strong>Spotkanie dla kandydat\u00f3w do sakramentu bierzmowania \u2013 rok I<\/strong><\/td>\n<\/tr>\n<\/tbody>\n<\/table>\n<p>&nbsp;<\/p>\n<table width=\"726\">\n<tbody>\n<tr>\n<td colspan=\"2\" width=\"593\"><strong>2 marca&nbsp;&nbsp; PIERWSZY PI\u0104TEK MIESI\u0104CA<\/strong><\/td>\n<td width=\"133\"><strong><em>Mt 21, 33-43. 45-46<\/em><\/strong><\/td>\n<\/tr>\n<tr>\n<td width=\"87\">8:00<\/td>\n<td colspan=\"2\" width=\"639\">\u015ap. Stefan Wawer 30 greg.<\/td>\n<\/tr>\n<tr>\n<td width=\"87\">16:30<\/td>\n<td colspan=\"2\" width=\"639\"><em>Droga Krzy\u017cowa dla dzieci (z mo\u017cliwo\u015bci\u0105 przyj\u0119cia Komunii \u015aw. pierwszopi\u0105tkowej)<\/em><\/td>\n<\/tr>\n<tr>\n<td width=\"87\">17:15<\/td>\n<td colspan=\"2\" width=\"639\"><em>Droga Krzy\u017cowa dla doros\u0142ych<\/em><\/td>\n<\/tr>\n<tr>\n<td width=\"87\">18:00<\/td>\n<td colspan=\"2\" width=\"639\">Dzi\u0119kczynna za Piotra Abucewicza w 10 rocz. urodzin, z pro\u015bb\u0105 o Bo\u017ce b\u0142ogos\u0142awie\u0144stwo i potrzebne \u0142aski<\/td>\n<\/tr>\n<tr>\n<td width=\"87\">18:00<\/td>\n<td colspan=\"2\" width=\"639\">Dzi\u0119kczynna z pro\u015bb\u0105 o zdrowie i si\u0142y w chorobie dla Lucyny i Zdzis\u0142awa Urba\u0144skich<\/td>\n<\/tr>\n<tr>\n<td width=\"87\">19:00<\/td>\n<td colspan=\"2\" width=\"639\"><em>Droga krzy\u017cowa dla m\u0142odzie\u017cy (z mo\u017cliwo\u015bci\u0105 przyj\u0119cia Komunii \u015aw. pierwszopi\u0105tkowej)<\/em><\/td>\n<\/tr>\n<\/tbody>\n<\/table>\n<p>&nbsp;<\/p>\n<table width=\"726\">\n<tbody>\n<tr>\n<td colspan=\"2\" width=\"593\"><strong>3 marca&nbsp;&nbsp; PIERWSZA SOBOTA MIESI\u0104CA<\/strong><\/td>\n<td width=\"133\"><strong><em>\u0141k 15, 1-3. 11-32<\/em><\/strong><\/td>\n<\/tr>\n<tr>\n<td width=\"87\">8:00<\/td>\n<td colspan=\"2\" width=\"639\">\u015ap. Jerzy Ro\u017centalski w 1 rocz. \u015bmierci<\/td>\n<\/tr>\n<tr>\n<td width=\"87\">17:00<\/td>\n<td colspan=\"2\" width=\"639\"><em>Nabo\u017ce\u0144stwo pierwszych sob\u00f3t miesi\u0105ca<\/em><\/td>\n<\/tr>\n<tr>\n<td width=\"87\">18:00<\/td>\n<td colspan=\"2\" width=\"639\">Dzi\u0119kczynna z okazji 44 rocznicy \u015blubu Barbary i Henryka z pro\u015bb\u0105 o Bo\u017ce b\u0142ogos\u0142awie\u0144stwo, wszelkie \u0142aski i opiek\u0119 Matki Bo\u017cej<\/td>\n<\/tr>\n<tr>\n<td width=\"87\">18:00<\/td>\n<td colspan=\"2\" width=\"639\">Za odprawiaj\u0105cych rekolekcje, aby spotkanie z mi\u0142osiernym Ojcem zaowocowa\u0142o w ich \u017cyciu osobistym oraz spo\u0142ecznym<\/td>\n<\/tr>\n<\/tbody>\n<\/table>\n<p>&nbsp;<\/p>\n<table width=\"726\">\n<tbody>\n<tr>\n<td colspan=\"2\" width=\"593\"><strong>4 marca&nbsp;&nbsp; III NIEDZIELA WIELKIEGO POSTU<\/strong><\/td>\n<td width=\"133\"><strong><em>J 2, 13-25<\/em><\/strong><\/td>\n<\/tr>\n<tr>\n<td width=\"87\">7:00<\/td>\n<td colspan=\"2\" width=\"639\">\u015ap. Kazimiera Zembrzycka w dniu imienin<\/td>\n<\/tr>\n<tr>\n<td width=\"87\">9:00<\/td>\n<td colspan=\"2\" width=\"639\">\u015ap. Wiktoria i Bronis\u0142aw (w 18 rocz. \u015bmierci) Janiccy, Wiktoria i Jan Szcz\u0119\u015bni oraz c\u00f3rki, Marta i Antoni Janiccy<\/td>\n<\/tr>\n<tr>\n<td width=\"87\">9:00<\/td>\n<td colspan=\"2\" width=\"639\">\u015ap. Wac\u0142aw w 35 rocz. \u015bmierci i Kazimierz G\u0105sior<\/td>\n<\/tr>\n<tr>\n<td width=\"87\">10:30<\/td>\n<td colspan=\"2\" width=\"639\">\u015ap. Lucyna Niewiadomska w 20 rocz. \u015bmierci<\/td>\n<\/tr>\n<tr>\n<td width=\"87\"><strong>12:00<\/strong><\/td>\n<td colspan=\"2\" width=\"639\"><strong>Za parafian<\/strong><\/td>\n<\/tr>\n<tr>\n<td width=\"87\">15:00<\/td>\n<td colspan=\"2\" width=\"639\">Dzi\u0119kczynna w 89 urodziny Alli Bejger z pro\u015bb\u0105 o zdrowie i Bo\u017ce b\u0142ogos\u0142awie\u0144stwo<\/td>\n<\/tr>\n<tr>\n<td width=\"87\">18:00<\/td>\n<td colspan=\"2\" width=\"639\">\u015ap. Janina Godos w 20 rocz. \u015bmierci<\/td>\n<\/tr>\n<\/tbody>\n<\/table>\n<p>&nbsp;<\/p>\n<p>&nbsp;<\/p>\n","protected":false},"excerpt":{"rendered":"<p>&nbsp; 26 lutego&nbsp;&nbsp; PONIEDZIA\u0141EK \u0141k 6, 36-38 8:00 \u015ap. Stefan Wawer 26 greg. 18:00 Dzi\u0119kczynna za dar \u017cycia Jasia i Grzegorza z pro\u015bb\u0105 o Bo\u017ce prowadzenie 18:00 \u015ap. Tadeusz Skowro\u0144ski w 1 rocz. \u015bmierci oraz \u015bp. Irena, Leopold i Kazimierz Skowro\u0144scy &nbsp; 27 lutego&nbsp;&nbsp; WTOREK Mt 23, 1-12 8:00 \u015ap. Stefan Wawer 27 greg. 18:00 [&hellip;]<\/p>\n","protected":false},"author":1,"featured_media":2526,"comment_status":"closed","ping_status":"closed","sticky":false,"template":"","format":"standard","meta":{"ngg_post_thumbnail":0,"footnotes":""},"categories":[11,8,4],"tags":[],"class_list":["post-3080","post","type-post","status-publish","format-standard","has-post-thumbnail","hentry","category-aktualnosci","category-blog","category-intencje"],"_links":{"self":[{"href":"https:\/\/rafalk-elblag.pl\/index.php?rest_route=\/wp\/v2\/posts\/3080","targetHints":{"allow":["GET"]}}],"collection":[{"href":"https:\/\/rafalk-elblag.pl\/index.php?rest_route=\/wp\/v2\/posts"}],"about":[{"href":"https:\/\/rafalk-elblag.pl\/index.php?rest_route=\/wp\/v2\/types\/post"}],"author":[{"embeddable":true,"href":"https:\/\/rafalk-elblag.pl\/index.php?rest_route=\/wp\/v2\/users\/1"}],"replies":[{"embeddable":true,"href":"https:\/\/rafalk-elblag.pl\/index.php?rest_route=%2Fwp%2Fv2%2Fcomments&post=3080"}],"version-history":[{"count":1,"href":"https:\/\/rafalk-elblag.pl\/index.php?rest_route=\/wp\/v2\/posts\/3080\/revisions"}],"predecessor-version":[{"id":3081,"href":"https:\/\/rafalk-elblag.pl\/index.php?rest_route=\/wp\/v2\/posts\/3080\/revisions\/3081"}],"wp:featuredmedia":[{"embeddable":true,"href":"https:\/\/rafalk-elblag.pl\/index.php?rest_route=\/wp\/v2\/media\/2526"}],"wp:attachment":[{"href":"https:\/\/rafalk-elblag.pl\/index.php?rest_route=%2Fwp%2Fv2%2Fmedia&parent=3080"}],"wp:term":[{"taxonomy":"category","embeddable":true,"href":"https:\/\/rafalk-elblag.pl\/index.php?rest_route=%2Fwp%2Fv2%2Fcategories&post=3080"},{"taxonomy":"post_tag","embeddable":true,"href":"https:\/\/rafalk-elblag.pl\/index.php?rest_route=%2Fwp%2Fv2%2Ftags&post=3080"}],"curies":[{"name":"wp","href":"https:\/\/api.w.org\/{rel}","templated":true}]}}