{"id":3078,"date":"2018-02-23T22:10:30","date_gmt":"2018-02-23T22:10:30","guid":{"rendered":"http:\/\/rafalk-elblag.pl\/?p=3078"},"modified":"2018-02-23T22:10:30","modified_gmt":"2018-02-23T22:10:30","slug":"ogloszenia-parafialne-18-02-2018-r-i-niedziela-wielkiego-postu","status":"publish","type":"post","link":"https:\/\/rafalk-elblag.pl\/?p=3078","title":{"rendered":"OG\u0141OSZENIA PARAFIALNE 18.02.2018 R. \u2013 I NIEDZIELA WIELKIEGO POSTU"},"content":{"rendered":"<p><a href=\"http:\/\/rafalk-elblag.pl\/wp-content\/uploads\/2016\/12\/pulpit.jpg\"><img loading=\"lazy\" decoding=\"async\" class=\"alignnone size-large wp-image-2530\" src=\"http:\/\/rafalk-elblag.pl\/wp-content\/uploads\/2016\/12\/pulpit-1024x682.jpg\" alt=\"\" width=\"900\" height=\"599\" srcset=\"https:\/\/rafalk-elblag.pl\/wp-content\/uploads\/2016\/12\/pulpit-1024x682.jpg 1024w, https:\/\/rafalk-elblag.pl\/wp-content\/uploads\/2016\/12\/pulpit-300x200.jpg 300w, https:\/\/rafalk-elblag.pl\/wp-content\/uploads\/2016\/12\/pulpit-768x512.jpg 768w, https:\/\/rafalk-elblag.pl\/wp-content\/uploads\/2016\/12\/pulpit.jpg 1698w\" sizes=\"auto, (max-width: 900px) 100vw, 900px\" \/><\/a><\/p>\n<p>&nbsp;<\/p>\n<p>1. Wykorzystajmy czas WIELKIEGO POSTU do gorliwego i owocnego udzia\u0142u w Liturgii Wielkopostnej i Nabo\u017ce\u0144stwach Pokutnych<strong>. Zapraszamy w ka\u017cd\u0105 niedziel\u0119 o godz. 17.15 na Gorzkie \u017bale z kazaniem pasyjnym, a w ka\u017cdy pi\u0105tek Wielkiego Postu na Drog\u0119 Krzy\u017cow\u0105:<\/strong><em> godz. 16.30 dla dzieci; godz. 17.15 dla doros\u0142ych<\/em><strong>;<\/strong><em> godz. 19.00 dla m\u0142odzie\u017cy. <\/em><strong>PAMI\u0118TAJMY, \u017ce Wielki Post jest tak zwanym \u201eczasem zakazanym\u201d dla wszelkich hucznych wesel, zabaw i dyskotek !!!<\/strong><\/p>\n<p>&nbsp;<\/p>\n<p>2. W Wielkim Po\u015bcie zapraszamy parafian w ka\u017cd\u0105 niedziel\u0119<strong> o godz. 8.40 na GODZINKI KU CZCI M\u0118KI PA\u0143SKIEJ. <\/strong><\/p>\n<p>&nbsp;<\/p>\n<p>3. W czasie Wielkiego Postu po raz kolejny zapraszamy na Drog\u0119 Krzy\u017cow\u0105 w formie biegu.&nbsp;<strong>Temat rozwa\u017ca\u0144: \u201eGRZECHY CUDZE\u201d.<\/strong> Spotykamy si\u0119 w soboty o 8:00 w Ba\u017cantarni przy muszli koncertowej, po kr\u00f3tkim wprowadzeniu do tematu, biegniemy w ciszy spokojnym tempem do kolejnej stacji. Dystans ok. 2-3 km. <strong>Zapraszamy:<\/strong> <em>17 lutego, 24 lutego, 3 marca, 10 marca, 17 marca. Przyjd\u017a czekamy na Ciebie.<\/em><\/p>\n<p><strong>&nbsp;<\/strong><\/p>\n<p><strong>4. M\u0142odzie\u017c przygotowuj\u0105c\u0105 si\u0119 do sakramentu bierzmowania \u2013 ROK I \u2013 zapraszamy na spotkanie formacyjne w czwartek 22 lutego na godz. 19:00 do saki m\u0142odzie\u017cowej.<\/strong><\/p>\n<p>&nbsp;<\/p>\n<p>5. W ROKU 25-lecia powstania naszej parafii rozpoczynamy <strong>NOWENNN\u0118 przygotowuj\u0105c\u0105 do uroczystego prze\u017cycia tego JUBILEUSZU<\/strong>. Przez 9 miesi\u0119cy, ka\u017cdego 20-go dnia miesi\u0105ca na Mszy \u015bw. o godz. 18:00 b\u0119d\u0105 zapraszani kap\u0142ani, kt\u00f3rzy pos\u0142ugiwali w\u015br\u00f3d nas. Jako pierwszy przyjedzie ze S\u0142owem Bo\u017cym i wspomnieniami prze\u017cytych tu lat <em><u>ks. kan. Adam \u015aniechowski \u2013 pierwszy proboszcz tej parafii.<\/u><\/em> Zapraszam gor\u0105co do w\u0142\u0105czenia si\u0119 w t\u0105 szczeg\u00f3ln\u0105 <strong>NOWENN\u0118.<\/strong> Przypominam 20 lutego (wtorek) godz. 18:00. <em>Licz\u0119 na Wasz\u0105 obecno\u015b\u0107.<\/em><\/p>\n<p>&nbsp;<\/p>\n<p>6. Dzisiaj w&nbsp; Biuletynie Parafialnym znajdziemy&nbsp; Skarbonk\u0119 na Ja\u0142mu\u017cn\u0119&nbsp; Wielkopostn\u0105 2018. W ten spos\u00f3b w\u0142\u0105czamy si\u0119 w og\u00f3lnopolsk\u0105 akcj\u0119 <strong>\u201eDAR JUNIORA DLA SENIORA\u201d.<\/strong> <em><u>Zrezygnuj w Wielkim Po\u015bcie z jakie\u015b przyjemno\u015bci i z\u0142\u00f3\u017c ofiar\u0119 do skarbonki. Tw\u00f3j dar pomo\u017ce osobom starszym.<\/u><\/em> Akcja ta uczy wszystkich tj. dzieci, m\u0142odzie\u017c i doros\u0142ych ofiarno\u015bci.<em> Ja\u0142mu\u017cn\u0119 wielkopostn\u0105 przyniesiemy do ko\u015bcio\u0142a w Niedziel\u0119 Bo\u017cego Mi\u0142osierdzia, tj. 8 kwietnia 2018r.<\/em><\/p>\n<p><strong>&nbsp;<\/strong><\/p>\n<p><strong>7. Przed nami XXV- lecie parafii<\/strong>. Z tej okazji organizujemy BAL JUBILEUSZOWY w Restauracji \u201eEDEN\u201d dnia 21 kwietnia br. (sobota). <em>Zapraszamy ch\u0119tnych parafian lubi\u0105cych taniec i zabaw\u0119. Koszt: 150 z\u0142. od osoby.<\/em> Zapisy trwaj\u0105. Liczba miejsc ograniczona. <em>Nie czekajmy, tylko ruszajmy do zapisania si\u0119 <\/em><em>J<\/em><\/p>\n<p>&nbsp;<\/p>\n<p><strong>8. Organizujemy PIELGRZYMK\u0118 DZI\u0118KCZYNN\u0104 z okazji 25-lecia powstania naszej parafii <\/strong>do <em>Sanktuarium Matki Bo\u017cej Szkaplerznej i \u015bw. Rafa\u0142a Kalinowskiego w Czernej ko\u0142o Krakowa <\/em>w <strong>dniach 28 kwietnia \u2013 3 maja 2018r. <\/strong>W czasie sze\u015bciodniowej pielgrzymki nawiedzimy: Cz\u0119stochow\u0119, Krak\u00f3w \u0141agiewniki, Kalwari\u0119 Zebrzydowsk\u0105, Wadowice, Kalisz i inne ciekawe miejsca. Zapisy w zakrystii. Koszt 650 z\u0142.<\/p>\n<p>&nbsp;<\/p>\n<p>9. 22 lutego o godz.17.00 odb\u0119d\u0105 si\u0119 <strong>DRZWI OTWARTE<\/strong> w Szkole Podstawowej nr 11 im. Kornela Makuszy\u0144skiego. Zapraszamy dzieci 6 i 7 letnie (Czekaj\u0105 super niespodzianki).<\/p>\n<p>&nbsp;<\/p>\n<p>10. W dniu 27 lutego 2018 r (wtorek) od godz. 14.00 w przechodni lekarskiej <strong>\u201e DU\u017bY MEDYK\u201d<\/strong> przy ul. Myliusa 20 w Elbl\u0105gu, odb\u0119d\u0105 si\u0119 badania USG, DOPLPLER przep\u0142yw\u00f3w szyjnych i ko\u0144czyn dolnych, USG tarczycy,&nbsp; nerek, staw\u00f3w, piersi oraz ECHO serca. Badania s\u0105 odp\u0142atne. Cena jednego badania to 55 z\u0142.<\/p>\n<p>&nbsp;<\/p>\n<p><strong>11. Osoby, kt\u00f3re \u015bpiewa\u0142y w minionych latach w czasie Triduum Paschalnego<\/strong> oraz wszystkich ch\u0119tnych prosimy o kontakt z p. Piotrem \u2013 organist\u0105.<\/p>\n<p><strong>&nbsp;<\/strong><\/p>\n<p>12. Przed ko\u015bcio\u0142em mo\u017cna naby\u0107 pras\u0119 katolick\u0105: <em>\u201eGo\u015b\u0107 Niedzielny\u201d<\/em> w cenie 5 z\u0142. oraz nowy numer \u201eCuda i \u0141aski Bo\u017ce\u201d w cenie 3,50 z\u0142.<\/p>\n<p>&nbsp;<\/p>\n<p><strong>13. Pan powo\u0142a\u0142 do wieczno\u015bci<\/strong>: <em>\u015bp. Zdzis\u0142awa Brdak lat 72 z ul. Leszczy\u0144skiego, \u015bp. Andrzeja Jankowskiego lat 66 z ul. Brzechwy, \u015bp. Franciszka Bublewicz lat 97 z ul. Og\u00f3lnej oraz \u015bp. Sabin\u0119 Polonis lat 62 z ul. Brzechwy.<\/em><\/p>\n","protected":false},"excerpt":{"rendered":"<p>&nbsp; 1. Wykorzystajmy czas WIELKIEGO POSTU do gorliwego i owocnego udzia\u0142u w Liturgii Wielkopostnej i Nabo\u017ce\u0144stwach Pokutnych. Zapraszamy w ka\u017cd\u0105 niedziel\u0119 o godz. 17.15 na Gorzkie \u017bale z kazaniem pasyjnym, a w ka\u017cdy pi\u0105tek Wielkiego Postu na Drog\u0119 Krzy\u017cow\u0105: godz. 16.30 dla dzieci; godz. 17.15 dla doros\u0142ych; godz. 19.00 dla m\u0142odzie\u017cy. PAMI\u0118TAJMY, \u017ce Wielki Post [&hellip;]<\/p>\n","protected":false},"author":1,"featured_media":2530,"comment_status":"closed","ping_status":"closed","sticky":false,"template":"","format":"standard","meta":{"ngg_post_thumbnail":0,"footnotes":""},"categories":[11,8,3],"tags":[],"class_list":["post-3078","post","type-post","status-publish","format-standard","has-post-thumbnail","hentry","category-aktualnosci","category-blog","category-ogloszenia"],"_links":{"self":[{"href":"https:\/\/rafalk-elblag.pl\/index.php?rest_route=\/wp\/v2\/posts\/3078","targetHints":{"allow":["GET"]}}],"collection":[{"href":"https:\/\/rafalk-elblag.pl\/index.php?rest_route=\/wp\/v2\/posts"}],"about":[{"href":"https:\/\/rafalk-elblag.pl\/index.php?rest_route=\/wp\/v2\/types\/post"}],"author":[{"embeddable":true,"href":"https:\/\/rafalk-elblag.pl\/index.php?rest_route=\/wp\/v2\/users\/1"}],"replies":[{"embeddable":true,"href":"https:\/\/rafalk-elblag.pl\/index.php?rest_route=%2Fwp%2Fv2%2Fcomments&post=3078"}],"version-history":[{"count":1,"href":"https:\/\/rafalk-elblag.pl\/index.php?rest_route=\/wp\/v2\/posts\/3078\/revisions"}],"predecessor-version":[{"id":3079,"href":"https:\/\/rafalk-elblag.pl\/index.php?rest_route=\/wp\/v2\/posts\/3078\/revisions\/3079"}],"wp:featuredmedia":[{"embeddable":true,"href":"https:\/\/rafalk-elblag.pl\/index.php?rest_route=\/wp\/v2\/media\/2530"}],"wp:attachment":[{"href":"https:\/\/rafalk-elblag.pl\/index.php?rest_route=%2Fwp%2Fv2%2Fmedia&parent=3078"}],"wp:term":[{"taxonomy":"category","embeddable":true,"href":"https:\/\/rafalk-elblag.pl\/index.php?rest_route=%2Fwp%2Fv2%2Fcategories&post=3078"},{"taxonomy":"post_tag","embeddable":true,"href":"https:\/\/rafalk-elblag.pl\/index.php?rest_route=%2Fwp%2Fv2%2Ftags&post=3078"}],"curies":[{"name":"wp","href":"https:\/\/api.w.org\/{rel}","templated":true}]}}