{"id":3076,"date":"2018-02-23T22:06:51","date_gmt":"2018-02-23T22:06:51","guid":{"rendered":"http:\/\/rafalk-elblag.pl\/?p=3076"},"modified":"2018-02-23T22:06:51","modified_gmt":"2018-02-23T22:06:51","slug":"intencje-mszalne-na-i-tydzien-wielkiego-postu-19-25-02-2018","status":"publish","type":"post","link":"https:\/\/rafalk-elblag.pl\/?p=3076","title":{"rendered":"INTENCJE MSZALNE NA I TYDZIE\u0143 WIELKIEGO POSTU (19-25.02.2018)"},"content":{"rendered":"<p><a href=\"http:\/\/rafalk-elblag.pl\/wp-content\/uploads\/2016\/12\/shutterstock_49643152-1000.jpg\"><img loading=\"lazy\" decoding=\"async\" class=\"alignnone size-full wp-image-2526\" src=\"http:\/\/rafalk-elblag.pl\/wp-content\/uploads\/2016\/12\/shutterstock_49643152-1000.jpg\" alt=\"\" width=\"1000\" height=\"665\" srcset=\"https:\/\/rafalk-elblag.pl\/wp-content\/uploads\/2016\/12\/shutterstock_49643152-1000.jpg 1000w, https:\/\/rafalk-elblag.pl\/wp-content\/uploads\/2016\/12\/shutterstock_49643152-1000-300x200.jpg 300w, https:\/\/rafalk-elblag.pl\/wp-content\/uploads\/2016\/12\/shutterstock_49643152-1000-768x511.jpg 768w\" sizes=\"auto, (max-width: 1000px) 100vw, 1000px\" \/><\/a><\/p>\n<p>&nbsp;<\/p>\n<table width=\"726\">\n<tbody>\n<tr>\n<td colspan=\"2\" width=\"593\"><strong>19 lutego&nbsp;&nbsp; PONIEDZIA\u0141EK<\/strong><\/td>\n<td width=\"133\"><strong><em>Mt 25, 31-46<\/em><\/strong><\/td>\n<\/tr>\n<tr>\n<td width=\"87\">8:00<\/td>\n<td colspan=\"2\" width=\"639\">\u015ap. Stefan Wawer 19 greg.<\/td>\n<\/tr>\n<tr>\n<td width=\"87\">18:00<\/td>\n<td colspan=\"2\" width=\"639\">O Bo\u017ce b\u0142ogos\u0142awie\u0144stwo i opiek\u0119 Matki Bo\u017cej dla Patrycji przed operacj\u0105 oraz o \u015bwiat\u0142o Ducha \u015awi\u0119tego dla lekarzy<\/td>\n<\/tr>\n<tr>\n<td width=\"87\">18:00<\/td>\n<td colspan=\"2\" width=\"639\">\u015ap. \u0141ukasz \u0141ubi\u0144ski w 1 rocz. \u015bmierci<\/td>\n<\/tr>\n<tr>\n<td width=\"87\"><strong>19:00<\/strong><\/td>\n<td colspan=\"2\" width=\"639\"><strong>Spotkanie dla Mam dzieci przygotowuj\u0105cych si\u0119 do I Komunii \u015awi\u0119tej<\/strong><\/td>\n<\/tr>\n<\/tbody>\n<\/table>\n<p>&nbsp;<\/p>\n<table width=\"726\">\n<tbody>\n<tr>\n<td colspan=\"2\" width=\"593\"><strong>20 lutego&nbsp;&nbsp; <\/strong><strong>WTOREK<\/strong><\/td>\n<td width=\"133\"><strong><em>Mt 6, 7-15<\/em><\/strong><\/td>\n<\/tr>\n<tr>\n<td width=\"87\">8:00<\/td>\n<td colspan=\"2\" width=\"639\">\u015ap. Stefan Wawer 20 greg.<\/td>\n<\/tr>\n<tr>\n<td width=\"87\"><strong>18:00<\/strong><\/td>\n<td colspan=\"2\" width=\"639\"><strong>I miesi\u0105c Nowenny Jubileuszowej przed uroczysto\u015bci\u0105 25-lecia parafii &#8211; Za parafian<\/strong><\/td>\n<\/tr>\n<tr>\n<td width=\"87\">18:00<\/td>\n<td colspan=\"2\" width=\"639\">O zawierzenie wszystkich spraw Bo\u017cemu Mi\u0142osierdziu i opiek\u0119 Matki Bo\u017cej dla Moniki<\/td>\n<\/tr>\n<tr>\n<td width=\"87\">18:00<\/td>\n<td colspan=\"2\" width=\"639\">\u015ap. Bronis\u0142aw Kazibut (int. od rodz. W\u00f3jcik\u00f3w z Andrychowa)<\/td>\n<\/tr>\n<\/tbody>\n<\/table>\n<p>&nbsp;<\/p>\n<table width=\"726\">\n<tbody>\n<tr>\n<td colspan=\"2\" width=\"593\"><strong>21 lutego&nbsp;&nbsp; \u015aRODA<\/strong><\/td>\n<td width=\"133\"><strong><em>\u0141k 11, 29-32<\/em><\/strong><\/td>\n<\/tr>\n<tr>\n<td width=\"87\">8:00<\/td>\n<td colspan=\"2\" width=\"639\">\u015ap. Stefan Wawer 21 greg.<\/td>\n<\/tr>\n<tr>\n<td width=\"87\">17:30<\/td>\n<td colspan=\"2\" width=\"639\"><em>Nabo\u017ce\u0144stwo do Matki Bo\u017cej Nieustaj\u0105cej Pomocy<\/em><\/td>\n<\/tr>\n<tr>\n<td width=\"87\"><strong>18:00<\/strong><\/td>\n<td colspan=\"2\" width=\"639\"><strong>W intencjach czcicieli Matki Bo\u017cej Nieustaj\u0105cej Pomocy<\/strong><\/td>\n<\/tr>\n<tr>\n<td width=\"87\">18:00<\/td>\n<td colspan=\"2\" width=\"639\">\u015ap. Jan Zaj\u0105c w 1 rocz. \u015bmierci<\/td>\n<\/tr>\n<\/tbody>\n<\/table>\n<p>&nbsp;<\/p>\n<table width=\"726\">\n<tbody>\n<tr>\n<td colspan=\"2\" width=\"593\"><strong>22 lutego&nbsp;&nbsp; CZWARTEK<\/strong><\/td>\n<td width=\"133\"><strong><em>Mt 16, 13-19<\/em><\/strong><\/td>\n<\/tr>\n<tr>\n<td width=\"87\">8:00<\/td>\n<td colspan=\"2\" width=\"639\">\u015ap. ks. Tomasz Browarek w kolejnej Mszy \u015aw. gregoria\u0144skiej<\/td>\n<\/tr>\n<tr>\n<td width=\"87\">8:00<\/td>\n<td colspan=\"2\" width=\"639\">\u015ap. Stefan Wawer 22 greg.<\/td>\n<\/tr>\n<tr>\n<td width=\"87\">18:00<\/td>\n<td colspan=\"2\" width=\"639\">O zdrowie i Bo\u017ce b\u0142ogos\u0142awie\u0144stwo dla El\u017ciety w dniu urodzin<\/td>\n<\/tr>\n<tr>\n<td width=\"87\"><strong>19:00<\/strong><\/td>\n<td colspan=\"2\" width=\"639\"><strong>Spotkanie dla kandydat\u00f3w do sakramentu bierzmowania \u2013 rok I<\/strong><\/td>\n<\/tr>\n<\/tbody>\n<\/table>\n<p>&nbsp;<\/p>\n<table width=\"726\">\n<tbody>\n<tr>\n<td colspan=\"2\" width=\"593\"><strong>23 lutego&nbsp;&nbsp; PI\u0104TEK<\/strong><\/td>\n<td width=\"133\"><strong><em>Mt 5, 20-26<\/em><\/strong><\/td>\n<\/tr>\n<tr>\n<td width=\"87\">8:00<\/td>\n<td colspan=\"2\" width=\"639\">\u015ap. Stefan Wawer 23 greg.<\/td>\n<\/tr>\n<tr>\n<td width=\"87\">8:00<\/td>\n<td colspan=\"2\" width=\"639\">\u015ap. Krystyna Bogdanowicz oraz \u015bp. Robert Bogdanowicz w 5 rocz. \u015bmierci<\/td>\n<\/tr>\n<tr>\n<td width=\"87\">18:00<\/td>\n<td colspan=\"2\" width=\"639\">\u015ap. Stefan, Dominik, Lucjan, zmarli z rodziny Bonieckich oraz \u015bp. Polikarp, Stanis\u0142awa (k) Jacak<\/td>\n<\/tr>\n<\/tbody>\n<\/table>\n<p>&nbsp;<\/p>\n<table width=\"726\">\n<tbody>\n<tr>\n<td colspan=\"2\" width=\"593\"><strong>24 lutego&nbsp;&nbsp; SOBOTA<\/strong><\/td>\n<td width=\"133\"><strong><em>Mt 5, 43-48<\/em><\/strong><\/td>\n<\/tr>\n<tr>\n<td width=\"87\">8:00<\/td>\n<td colspan=\"2\" width=\"639\">\u015ap. Stefan Wawer 24 greg.<\/td>\n<\/tr>\n<tr>\n<td width=\"87\">18:00<\/td>\n<td colspan=\"2\" width=\"639\">\u015ap. Barbara i Andrzej Zieli\u0144scy w 6 rocz. \u015bmierci<\/td>\n<\/tr>\n<tr>\n<td width=\"87\">18:00<\/td>\n<td colspan=\"2\" width=\"639\">\u015ap. Zofia Kowalska w 6 rocz. \u015bmierci, \u015bp. W\u0142adys\u0142aw Kowalski, zmarli rodzice z obojga stron oraz \u015bp. Jerzy Kami\u0144ski<\/td>\n<\/tr>\n<\/tbody>\n<\/table>\n<p>&nbsp;<\/p>\n<table width=\"726\">\n<tbody>\n<tr>\n<td colspan=\"2\" width=\"593\"><strong>25 lutego&nbsp;&nbsp; II NIEDZIELA WIELKIEGO POSTU<\/strong><\/td>\n<td width=\"133\"><strong><em>Mk 9, 2-10<\/em><\/strong><\/td>\n<\/tr>\n<tr>\n<td width=\"87\">7:00<\/td>\n<td colspan=\"2\" width=\"639\">\u015ap. Wac\u0142aw i Emilia Czeszejko-Sochaccy<\/td>\n<\/tr>\n<tr>\n<td width=\"87\">9:00<\/td>\n<td colspan=\"2\" width=\"639\">\u015ap. Stefan Wawer 18 greg.<\/td>\n<\/tr>\n<tr>\n<td width=\"87\">9:00<\/td>\n<td colspan=\"2\" width=\"639\">\u015ap. Maciej Malanowski<\/td>\n<\/tr>\n<tr>\n<td width=\"87\">10:30<\/td>\n<td colspan=\"2\" width=\"639\">\u015ap. Zygfryd Dobrzeniecki i zmarli z rodziny Dobrzenieckich<\/td>\n<\/tr>\n<tr>\n<td width=\"87\"><strong>12:00<\/strong><\/td>\n<td colspan=\"2\" width=\"639\"><strong>Za parafian<\/strong><\/td>\n<\/tr>\n<tr>\n<td width=\"87\">15:00<\/td>\n<td colspan=\"2\" width=\"639\">\u015ap. Wiktoria i W\u0142adys\u0142aw Bielscy oraz zmarli z obojga stron i \u015bp. S\u0142awomir Kulpa<\/td>\n<\/tr>\n<tr>\n<td width=\"87\">18:00<\/td>\n<td colspan=\"2\" width=\"639\">\u015ap. Emilia Hry\u0144 oraz zmarli z rodzin Hry\u0144 i Buczy\u0144skich<\/td>\n<\/tr>\n<\/tbody>\n<\/table>\n<p>&nbsp;<\/p>\n<p>&nbsp;<\/p>\n","protected":false},"excerpt":{"rendered":"<p>&nbsp; 19 lutego&nbsp;&nbsp; PONIEDZIA\u0141EK Mt 25, 31-46 8:00 \u015ap. Stefan Wawer 19 greg. 18:00 O Bo\u017ce b\u0142ogos\u0142awie\u0144stwo i opiek\u0119 Matki Bo\u017cej dla Patrycji przed operacj\u0105 oraz o \u015bwiat\u0142o Ducha \u015awi\u0119tego dla lekarzy 18:00 \u015ap. \u0141ukasz \u0141ubi\u0144ski w 1 rocz. \u015bmierci 19:00 Spotkanie dla Mam dzieci przygotowuj\u0105cych si\u0119 do I Komunii \u015awi\u0119tej &nbsp; 20 lutego&nbsp;&nbsp; WTOREK [&hellip;]<\/p>\n","protected":false},"author":1,"featured_media":2526,"comment_status":"closed","ping_status":"closed","sticky":false,"template":"","format":"standard","meta":{"ngg_post_thumbnail":0,"footnotes":""},"categories":[11,8,4],"tags":[],"class_list":["post-3076","post","type-post","status-publish","format-standard","has-post-thumbnail","hentry","category-aktualnosci","category-blog","category-intencje"],"_links":{"self":[{"href":"https:\/\/rafalk-elblag.pl\/index.php?rest_route=\/wp\/v2\/posts\/3076","targetHints":{"allow":["GET"]}}],"collection":[{"href":"https:\/\/rafalk-elblag.pl\/index.php?rest_route=\/wp\/v2\/posts"}],"about":[{"href":"https:\/\/rafalk-elblag.pl\/index.php?rest_route=\/wp\/v2\/types\/post"}],"author":[{"embeddable":true,"href":"https:\/\/rafalk-elblag.pl\/index.php?rest_route=\/wp\/v2\/users\/1"}],"replies":[{"embeddable":true,"href":"https:\/\/rafalk-elblag.pl\/index.php?rest_route=%2Fwp%2Fv2%2Fcomments&post=3076"}],"version-history":[{"count":1,"href":"https:\/\/rafalk-elblag.pl\/index.php?rest_route=\/wp\/v2\/posts\/3076\/revisions"}],"predecessor-version":[{"id":3077,"href":"https:\/\/rafalk-elblag.pl\/index.php?rest_route=\/wp\/v2\/posts\/3076\/revisions\/3077"}],"wp:featuredmedia":[{"embeddable":true,"href":"https:\/\/rafalk-elblag.pl\/index.php?rest_route=\/wp\/v2\/media\/2526"}],"wp:attachment":[{"href":"https:\/\/rafalk-elblag.pl\/index.php?rest_route=%2Fwp%2Fv2%2Fmedia&parent=3076"}],"wp:term":[{"taxonomy":"category","embeddable":true,"href":"https:\/\/rafalk-elblag.pl\/index.php?rest_route=%2Fwp%2Fv2%2Fcategories&post=3076"},{"taxonomy":"post_tag","embeddable":true,"href":"https:\/\/rafalk-elblag.pl\/index.php?rest_route=%2Fwp%2Fv2%2Ftags&post=3076"}],"curies":[{"name":"wp","href":"https:\/\/api.w.org\/{rel}","templated":true}]}}