{"id":3073,"date":"2018-02-11T22:54:08","date_gmt":"2018-02-11T22:54:08","guid":{"rendered":"http:\/\/rafalk-elblag.pl\/?p=3073"},"modified":"2018-02-11T22:54:08","modified_gmt":"2018-02-11T22:54:08","slug":"ogloszenia-parafialne-11-02-2018-r-vi-niedziela-zwykla","status":"publish","type":"post","link":"https:\/\/rafalk-elblag.pl\/?p=3073","title":{"rendered":"OG\u0141OSZENIA PARAFIALNE 11.02.2018 R. \u2013 VI NIEDZIELA ZWYK\u0141A"},"content":{"rendered":"<p><a href=\"http:\/\/rafalk-elblag.pl\/wp-content\/uploads\/2016\/12\/pulpit.jpg\"><img loading=\"lazy\" decoding=\"async\" class=\"alignnone size-large wp-image-2530\" src=\"http:\/\/rafalk-elblag.pl\/wp-content\/uploads\/2016\/12\/pulpit-1024x682.jpg\" alt=\"\" width=\"900\" height=\"599\" srcset=\"https:\/\/rafalk-elblag.pl\/wp-content\/uploads\/2016\/12\/pulpit-1024x682.jpg 1024w, https:\/\/rafalk-elblag.pl\/wp-content\/uploads\/2016\/12\/pulpit-300x200.jpg 300w, https:\/\/rafalk-elblag.pl\/wp-content\/uploads\/2016\/12\/pulpit-768x512.jpg 768w, https:\/\/rafalk-elblag.pl\/wp-content\/uploads\/2016\/12\/pulpit.jpg 1698w\" sizes=\"auto, (max-width: 900px) 100vw, 900px\" \/><\/a><\/p>\n<p>&nbsp;<\/p>\n<p>1. Dzisiaj przypada 160 rocznica Objawie\u0144 Matki Bo\u017cej z Lourdes, a zarazem prze\u017cywamy <strong>\u015aWIATOWY DZIE\u0143 CHOREGO<\/strong>. Chorych i ich opiekun\u00f3w zapraszamy na Msz\u0119 \u015bw. o godz.15:00, w trakcie kt\u00f3rej zostanie <strong>udzielony Sakrament Namaszczenia Chorych<\/strong> <em>(jest to sakrament tylko dla tych, kt\u00f3rzy b\u0119d\u0105 w stanie \u0142aski u\u015bwi\u0119caj\u0105cej). Mo\u017cliwo\u015b\u0107 skorzystania z sakramentu spowiedzi przed Msz\u0105 \u015bw.<\/em><\/p>\n<p><strong>&nbsp;<\/strong><\/p>\n<p><strong>2. Rozpoczynamy 51. Tydzie\u0144 Modlitw o Trze\u017awo\u015b\u0107 Narodu<\/strong>. B\u0119dzie on prze\u017cywany pod has\u0142em: <u>\u201eTRZE\u0179WO\u015a\u0106 EGZAMINEM Z WOLNO\u015aCI\u201d.<\/u> Zach\u0119camy do podj\u0119cia modlitwy o trze\u017awo\u015b\u0107 w naszych rodzinach i udzia\u0142u w Drodze Krzy\u017cowej w pi\u0105tek 16 lutego o godz. 17.15. <strong>W naszej parafii dzia\u0142a Al\u2013Anon, kt\u00f3ry spotyka si\u0119 w ka\u017cdy czwartek o godz. 17:00 na plebanii.<\/strong><\/p>\n<p><strong>&nbsp;<\/strong><\/p>\n<p><strong>3. Zapraszamy jutro 12 lutego br. (poniedzia\u0142ek) Mamy dzieci przygotowuj\u0105cych si\u0119 do I Komunii \u015awi\u0119tej na comiesi\u0119czne spotkanie formacyjne do salki na plebanii o godz. 19.00. Obecno\u015b\u0107 obowi\u0105zkowa.<\/strong><\/p>\n<p>&nbsp;<\/p>\n<p>4. W ramach tygodnia ma\u0142\u017ce\u0144stw Arka Gier i Plansz\u00f3wkowy Zawr\u00f3t G\u0142owy zapraszaj\u0105 ma\u0142\u017ce\u0144stwa na Gierki Ma\u0142\u017ce\u0144skie jutro \u2013 w poniedzia\u0142ek 12 lutego w godz. 17:30 \u2013 20:30 na plebani\u0119. W programie m.in. turniej w gr\u0119 :list mi\u0142osny\u201d.<\/p>\n<p>&nbsp;<\/p>\n<p>5. Z dniem 14 lutego &#8211; <strong>\u015arod\u0105 Popielcow\u0105<\/strong> &#8211; rozpoczynamy WIELKI POST. Przed nami 40 dni przygotowania si\u0119 do Wielkiej Nocy. Zapraszamy w tym dniu na Msze \u015bw. <strong>o godzinie 8:00, 11:00, 16:30 (z udzia\u0142em dzieci), 18:00 i 20:00<\/strong> <strong>(z udzia\u0142em m\u0142odzie\u017cy).<\/strong> Wykorzystajmy ten czas do gorliwego i owocnego udzia\u0142u w Liturgii Wielkopostnej i Nabo\u017ce\u0144stwach Pokutnych<strong>. Zapraszamy w ka\u017cd\u0105 niedziel\u0119 o godz. 17:15 na Gorzkie \u017bale z kazaniem pasyjnym, a w tym tygodniu na Drog\u0119 Krzy\u017cow\u0105: <\/strong>godz. 16:30 dla dzieci, o godz. 17:15 dla doros\u0142ych i godz. 19:00 dla m\u0142odzie\u017cy<\/p>\n<p><strong>&nbsp;<\/strong><\/p>\n<p><strong>6. Przypominamy, \u017ce w \u015arod\u0119 Popielcow\u0105 obowi\u0105zuje nas post \u015bcis\u0142y. <\/strong>Oznacza wstrzemi\u0119\u017aliwo\u015b\u0107 od potraw mi\u0119snych i obowi\u0105zuje wszystkich od 14 roku \u017cycia, bez g\u00f3rnej granicy wieku; natomiast post ilo\u015bciowy obowi\u0105zuje od 18 do 60 roku \u017cycia. W ci\u0105gu dnia mo\u017cemy spo\u017cy\u0107 wy\u0142\u0105cznie jeden posi\u0142ek do syta, a pozosta\u0142e dwa niepe\u0142ne. Obowi\u0105zek ten nie dotyczy os\u00f3b chorych.<\/p>\n<p>&nbsp;<\/p>\n<p><strong>7. UWAGA!!! Kancelaria parafialna w \u015arod\u0119 Popielcow\u0105 nieczynna. <\/strong>Zapraszamy w sobot\u0119 od godz. 10:30 do 12:00.<\/p>\n<p>&nbsp;<\/p>\n<p>8. W pi\u0105tek 16 lutego dzie\u0144 modlitw za <strong>Bractwo Szkaplerzne,<\/strong> a tak\u017ce za osoby nosz\u0105ce Szkaplerz \u015awi\u0119ty. Zapraszamy wszystkich nale\u017c\u0105cych i pragn\u0105cych w\u0142\u0105czy\u0107 si\u0119 do tej wsp\u00f3lnoty na Msz\u0119 \u015bw. o godz. 18:00 \u2013 dzi\u0119kczynnej w IV rocznic\u0119 nadania drugiego tytu\u0142u naszej \u015bwi\u0105tyni:<strong> MATKI BO\u017bEJ SZKAPLERZNEJ <\/strong>a wcze\u015bniej zapraszamy na Drog\u0119 Krzy\u017cow\u0105 o godz. 17:15.<\/p>\n<p><strong>&nbsp;<\/strong><\/p>\n<p><strong>9. KOCHANI!<\/strong> <strong>Przed nami XXV- lecie parafii<\/strong> tj. Srebrny Jubileusz. Z tej okazji organizujemy BAL JUBILEUSZOWY w Restauracji \u201eEDEN\u201d dnia 21 kwietnia br. (sobota). <em>Zapraszamy ch\u0119tnych parafian lubi\u0105cych taniec i zabaw\u0119. Koszt: 150 z\u0142. od osoby.<\/em> Zapisy trwaj\u0105. Liczba miejsc ograniczona. Nie czekajmy, tylko ruszajmy do zapisania si\u0119 J<\/p>\n<p><strong>&nbsp;<\/strong><\/p>\n<p><strong>10. Organizujemy PIELGRZYMK\u0118 DZI\u0118KCZYNN\u0104 z okazji 25-lecia powstania naszej parafii <\/strong>do <em>Sanktuarium Matki Bo\u017cej Szkaplerznej i \u015bw. Rafa\u0142a Kalinowskiego w Czernej ko\u0142o Krakowa. <\/em>Zapraszamy do wzi\u0119cia udzia\u0142u w tej wyj\u0105tkowej JUBILEUSZOWEJ pielgrzymce autokarowej w <strong>dniach 28 kwietnia \u2013 3 maja 2018r. <\/strong>W czasie sze\u015bciodniowej pielgrzymki nawiedzimy: Cz\u0119stochow\u0119, Krak\u00f3w \u0141agiewniki, Kalwari\u0119 Zebrzydowsk\u0105, Wadowice, Kalisz i inne ciekawe miejsca. Zapisy w zakrystii. Koszt 650 z\u0142.(autokar, noclegi, \u015bniadania, obiadokolacje, ubezpieczenie i przewodnicy).<\/p>\n<p>&nbsp;<\/p>\n<p>11. Przed ko\u015bcio\u0142em mo\u017cna naby\u0107 pras\u0119 katolick\u0105: <em>\u201eGo\u015b\u0107 Niedzielny\u201d<\/em> w cenie 5 z\u0142.<\/p>\n<p>&nbsp;<\/p>\n<p>&nbsp;<\/p>\n<p>&nbsp;<\/p>\n","protected":false},"excerpt":{"rendered":"<p>&nbsp; 1. Dzisiaj przypada 160 rocznica Objawie\u0144 Matki Bo\u017cej z Lourdes, a zarazem prze\u017cywamy \u015aWIATOWY DZIE\u0143 CHOREGO. Chorych i ich opiekun\u00f3w zapraszamy na Msz\u0119 \u015bw. o godz.15:00, w trakcie kt\u00f3rej zostanie udzielony Sakrament Namaszczenia Chorych (jest to sakrament tylko dla tych, kt\u00f3rzy b\u0119d\u0105 w stanie \u0142aski u\u015bwi\u0119caj\u0105cej). Mo\u017cliwo\u015b\u0107 skorzystania z sakramentu spowiedzi przed Msz\u0105 \u015bw. [&hellip;]<\/p>\n","protected":false},"author":1,"featured_media":2530,"comment_status":"closed","ping_status":"closed","sticky":false,"template":"","format":"standard","meta":{"ngg_post_thumbnail":0,"footnotes":""},"categories":[11,8,3],"tags":[],"class_list":["post-3073","post","type-post","status-publish","format-standard","has-post-thumbnail","hentry","category-aktualnosci","category-blog","category-ogloszenia"],"_links":{"self":[{"href":"https:\/\/rafalk-elblag.pl\/index.php?rest_route=\/wp\/v2\/posts\/3073","targetHints":{"allow":["GET"]}}],"collection":[{"href":"https:\/\/rafalk-elblag.pl\/index.php?rest_route=\/wp\/v2\/posts"}],"about":[{"href":"https:\/\/rafalk-elblag.pl\/index.php?rest_route=\/wp\/v2\/types\/post"}],"author":[{"embeddable":true,"href":"https:\/\/rafalk-elblag.pl\/index.php?rest_route=\/wp\/v2\/users\/1"}],"replies":[{"embeddable":true,"href":"https:\/\/rafalk-elblag.pl\/index.php?rest_route=%2Fwp%2Fv2%2Fcomments&post=3073"}],"version-history":[{"count":1,"href":"https:\/\/rafalk-elblag.pl\/index.php?rest_route=\/wp\/v2\/posts\/3073\/revisions"}],"predecessor-version":[{"id":3074,"href":"https:\/\/rafalk-elblag.pl\/index.php?rest_route=\/wp\/v2\/posts\/3073\/revisions\/3074"}],"wp:featuredmedia":[{"embeddable":true,"href":"https:\/\/rafalk-elblag.pl\/index.php?rest_route=\/wp\/v2\/media\/2530"}],"wp:attachment":[{"href":"https:\/\/rafalk-elblag.pl\/index.php?rest_route=%2Fwp%2Fv2%2Fmedia&parent=3073"}],"wp:term":[{"taxonomy":"category","embeddable":true,"href":"https:\/\/rafalk-elblag.pl\/index.php?rest_route=%2Fwp%2Fv2%2Fcategories&post=3073"},{"taxonomy":"post_tag","embeddable":true,"href":"https:\/\/rafalk-elblag.pl\/index.php?rest_route=%2Fwp%2Fv2%2Ftags&post=3073"}],"curies":[{"name":"wp","href":"https:\/\/api.w.org\/{rel}","templated":true}]}}