{"id":3069,"date":"2018-02-06T21:23:32","date_gmt":"2018-02-06T21:23:32","guid":{"rendered":"http:\/\/rafalk-elblag.pl\/?p=3069"},"modified":"2018-02-06T21:23:32","modified_gmt":"2018-02-06T21:23:32","slug":"ogloszenia-parafialne-4-02-2018-r-v-niedziela-zwykla","status":"publish","type":"post","link":"https:\/\/rafalk-elblag.pl\/?p=3069","title":{"rendered":"OG\u0141OSZENIA PARAFIALNE 4.02.2018 R. \u2013 V NIEDZIELA ZWYK\u0141A"},"content":{"rendered":"<p><a href=\"http:\/\/rafalk-elblag.pl\/wp-content\/uploads\/2016\/12\/pulpit.jpg\"><img loading=\"lazy\" decoding=\"async\" class=\"alignnone size-large wp-image-2530\" src=\"http:\/\/rafalk-elblag.pl\/wp-content\/uploads\/2016\/12\/pulpit-1024x682.jpg\" alt=\"\" width=\"900\" height=\"599\" srcset=\"https:\/\/rafalk-elblag.pl\/wp-content\/uploads\/2016\/12\/pulpit-1024x682.jpg 1024w, https:\/\/rafalk-elblag.pl\/wp-content\/uploads\/2016\/12\/pulpit-300x200.jpg 300w, https:\/\/rafalk-elblag.pl\/wp-content\/uploads\/2016\/12\/pulpit-768x512.jpg 768w, https:\/\/rafalk-elblag.pl\/wp-content\/uploads\/2016\/12\/pulpit.jpg 1698w\" sizes=\"auto, (max-width: 900px) 100vw, 900px\" \/><\/a><\/p>\n<p>&nbsp;<\/p>\n<p><strong>1. Zapraszamy dzisiaj na Adoracj\u0119 Naj\u015bwi\u0119tszego Sakramentu od 16.00 do 18.00<\/strong><\/p>\n<p>&nbsp;<\/p>\n<p>2. Ks. Marcin zaprasza m\u0142odzie\u017c na spotkanie Katolickiego Stowarzyszenia M\u0142odzie\u017cy <strong>\u201eBoanerges\u201d<\/strong> w ka\u017cd\u0105 \u015brod\u0119 na godz. 19:00 do sali na plebanii.<\/p>\n<p>&nbsp;<\/p>\n<p>3. Wypocz\u0119t\u0105 m\u0142odzie\u017c przygotowuj\u0105c\u0105 si\u0119 ju\u017c drugi rok do SAKRAMENTU BIERZMOWANIA zapraszamy w pi\u0105tek ( 9 lutego) na godz. 19:00. Ks. Marcin liczy na 100% obecno\u015b\u0107!<\/p>\n<p>&nbsp;<\/p>\n<p>4. Po feriach zapraszamy do sta\u0142ych spotka\u0144:<\/p>\n<ul>\n<li>Dzieci ze Scholki Parafialnej \u2013 pr\u00f3by w pi\u0105tek o godz. 17:00 i niedziel\u0119 o godz. 10:00<\/li>\n<li>Ministranci \u2013 sobota godz. 10:00<\/li>\n<li>Zesp\u00f3\u0142 M\u0142odzie\u017cowy \u2013 pr\u00f3by w niedziel\u0119 o godz. 17:15<\/li>\n<\/ul>\n<p>&nbsp;<\/p>\n<p>5. Zapraszamy na dzie\u0144 skupienia dla ma\u0142\u017conk\u00f3w 10 lutego br.(sobota) w ko\u015bciele Bo\u017cego Cia\u0142a w Elbl\u0105gu. <strong>TEMAT: Budowanie jedno\u015bci.<\/strong> Konieczne s\u0105 wcze\u015bniejsze zg\u0142oszenia. <em>Wi\u0119cej informacji na plakacie w gablocie. Przewidywany czas trwanie od godz. 10.00 do godz. 20.00<\/em><\/p>\n<p>&nbsp;<\/p>\n<p>6. W sobot\u0119 10 lutego przypada 78 rocznica pierwszej deportacji Polak\u00f3w na Sybir. Tego dnia<br \/>\no godz. 18.00 b\u0119dzie sprawowana Msza \u015bw. w intencji Sybirak\u00f3w. <em>Serdecznie zapraszamy do wsp\u00f3lnej modlitwy.<\/em><\/p>\n<p>&nbsp;<\/p>\n<p>7. W niedziel\u0119 11 lutego przypada 160 rocznica Objawie\u0144 Matki Bo\u017cej z Lourdes, a zarazem jest to <strong>\u015aWIATOWY DZIE\u0143 CHOREGO<\/strong>. Chorych i ich opiekun\u00f3w zapraszamy szczeg\u00f3lnie na Msz\u0119 \u015bw. o godz. 15.00, w trakcie kt\u00f3rej zostanie <strong>udzielony Sakrament Namaszczenia Chorych<\/strong> <em>(jest to sakrament tylko dla tych, kt\u00f3rzy b\u0119d\u0105 w stanie \u0142aski u\u015bwi\u0119caj\u0105cej). Mo\u017cliwo\u015b\u0107 skorzystania z sakramentu spowiedzi przed Msz\u0105 \u015bw.. Zapraszamy. <\/em><\/p>\n<p>&nbsp;<\/p>\n<p>8. Centrum Nowej Ewangelizacji w Elbl\u0105gu wraz z grup\u0105 \u201eM\u0119\u017cczy\u017ani Boga\u201d zamierza <strong>przeprowadzi\u0107 trzeci\u0105 ju\u017c edycj\u0119 Kursu Alpha<\/strong>. Tym razem zapraszamy do udzia\u0142u zar\u00f3wno m\u0119\u017cczyzn jak i kobiety. Kurs Alpha to cykl 11 interaktywnych spotka\u0144, opartych na go\u015bcinno\u015bci, wymianie pogl\u0105d\u00f3w i modlitwie, w czasie kt\u00f3rych odkrywamy podstawy chrze\u015bcija\u0144skiej wiary. Ka\u017cde spotkanie obejmuje posi\u0142ek, wyk\u0142ad i dyskusj\u0119 w ma\u0142ych grupach. Ta edycja Alpha jest skierowana do kobiet i m\u0119\u017cczyzn, kt\u00f3rzy chc\u0105 zaznajomi\u0107 si\u0119 z chrze\u015bcija\u0144stwem, lub tych kt\u00f3rzy pragn\u0105 od\u015bwie\u017cy\u0107 sobie podstawy wiary. Pierwsze spotkanie odb\u0119dzie si\u0119 w ko\u015bciele Bo\u017cego Cia\u0142a dnia 26 lutego &nbsp;br. o godz. 19.00.<\/p>\n<p><strong>&nbsp;<\/strong><\/p>\n<p><strong>9. Organizujemy PIELGRZYMK\u0118 DZI\u0118KCZYNN\u0104 z okazji 25-lecia powstania naszej parafii <\/strong>do <em>Sanktuarium Matki Bo\u017cej Szkaplerznej i \u015bw. Rafa\u0142a Kalinowskiego w Czernej ko\u0142o Krakowa. <\/em>Zapraszamy do wzi\u0119cia udzia\u0142u w tej wyj\u0105tkowej JUBILEUSZOWEJ pielgrzymce autokarowej w <strong>dniach 28 kwietnia \u2013 3 maja 2018r. <\/strong>W czasie sze\u015bciodniowej pielgrzymki nawiedzimy: Cz\u0119stochow\u0119, Krak\u00f3w \u0141agiewniki, Kalwari\u0119 Zebrzydowsk\u0105, Wadowice, Kalisz i inne ciekawe miejsca. Koszt 650 z\u0142.(autokar, noclegi, \u015bniadania, obiadokolacje, ubezpieczenie i przewodnicy). Zapisy u ks. Proboszcza do ko\u0144ca marca.<\/p>\n<p><strong>&nbsp;<\/strong><\/p>\n<p><strong>10 KOCHANI !<\/strong> <strong>Przed nami XXV- lecie parafii<\/strong> tj. Srebrny Jubileusz. Z tej okazji organizujemy BAL JUBILEUSZOWY w Restauracji \u201eEDEN\u201d dnia 21 kwietnia br. (sobota). <em>Zapraszamy ch\u0119tnych parafian lubi\u0105cych taniec i zabaw\u0119. Koszt: 150 z\u0142. od osoby.<\/em> Wodzirejami b\u0119d\u0105 ks. Proboszcz, ks. Marcin i ks. \u0141ukasz. Zapisy od dzisiaj w zakrystii. Liczba miejsc ograniczona. Nie czekajmy, tylko ruszajmy do zapisania si\u0119 J<\/p>\n<p>&nbsp;<\/p>\n<p>11. W dniu 27 lutego 2018 r (wtorek) od godz. 14.00 w przechodni lekarskiej <strong>\u201e DU\u017bY MEDYK\u201d<\/strong> przy ul. Myliusa 20 w Elbl\u0105gu, odb\u0119d\u0105 si\u0119 badania USG, DOPLPLER przep\u0142yw\u00f3w szyjnych i ko\u0144czyn dolnych, USG tarczycy,&nbsp; nerek, staw\u00f3w, piersi oraz ECHO serca. Badania s\u0105 odp\u0142atne. Cena jednego badania to 55 z\u0142.<\/p>\n<p>&nbsp;<\/p>\n<p>12. Przed ko\u015bcio\u0142em mo\u017cna naby\u0107 pras\u0119 katolick\u0105: <em>\u201eGo\u015b\u0107 Niedzielny\u201d<\/em> w cenie 5 z\u0142.<\/p>\n<p>&nbsp;<\/p>\n<p style=\"text-align: center;\"><span style=\"color: #008000;\"><strong>Numer Konta Parafialnego<\/strong><\/span><\/p>\n<p style=\"text-align: center;\"><span style=\"color: #008000;\"><strong>PKO BP 72 1020 1752 0000 0102 0069 6047<\/strong><\/span><\/p>\n<p style=\"text-align: center;\">&nbsp;<\/p>\n<p style=\"text-align: center;\">&nbsp;<\/p>\n<p style=\"text-align: center;\">&nbsp;<\/p>\n","protected":false},"excerpt":{"rendered":"<p>&nbsp; 1. Zapraszamy dzisiaj na Adoracj\u0119 Naj\u015bwi\u0119tszego Sakramentu od 16.00 do 18.00 &nbsp; 2. Ks. Marcin zaprasza m\u0142odzie\u017c na spotkanie Katolickiego Stowarzyszenia M\u0142odzie\u017cy \u201eBoanerges\u201d w ka\u017cd\u0105 \u015brod\u0119 na godz. 19:00 do sali na plebanii. &nbsp; 3. Wypocz\u0119t\u0105 m\u0142odzie\u017c przygotowuj\u0105c\u0105 si\u0119 ju\u017c drugi rok do SAKRAMENTU BIERZMOWANIA zapraszamy w pi\u0105tek ( 9 lutego) na godz. 19:00. [&hellip;]<\/p>\n","protected":false},"author":1,"featured_media":2530,"comment_status":"closed","ping_status":"closed","sticky":false,"template":"","format":"standard","meta":{"ngg_post_thumbnail":0,"footnotes":""},"categories":[11,8,3],"tags":[],"class_list":["post-3069","post","type-post","status-publish","format-standard","has-post-thumbnail","hentry","category-aktualnosci","category-blog","category-ogloszenia"],"_links":{"self":[{"href":"https:\/\/rafalk-elblag.pl\/index.php?rest_route=\/wp\/v2\/posts\/3069","targetHints":{"allow":["GET"]}}],"collection":[{"href":"https:\/\/rafalk-elblag.pl\/index.php?rest_route=\/wp\/v2\/posts"}],"about":[{"href":"https:\/\/rafalk-elblag.pl\/index.php?rest_route=\/wp\/v2\/types\/post"}],"author":[{"embeddable":true,"href":"https:\/\/rafalk-elblag.pl\/index.php?rest_route=\/wp\/v2\/users\/1"}],"replies":[{"embeddable":true,"href":"https:\/\/rafalk-elblag.pl\/index.php?rest_route=%2Fwp%2Fv2%2Fcomments&post=3069"}],"version-history":[{"count":1,"href":"https:\/\/rafalk-elblag.pl\/index.php?rest_route=\/wp\/v2\/posts\/3069\/revisions"}],"predecessor-version":[{"id":3070,"href":"https:\/\/rafalk-elblag.pl\/index.php?rest_route=\/wp\/v2\/posts\/3069\/revisions\/3070"}],"wp:featuredmedia":[{"embeddable":true,"href":"https:\/\/rafalk-elblag.pl\/index.php?rest_route=\/wp\/v2\/media\/2530"}],"wp:attachment":[{"href":"https:\/\/rafalk-elblag.pl\/index.php?rest_route=%2Fwp%2Fv2%2Fmedia&parent=3069"}],"wp:term":[{"taxonomy":"category","embeddable":true,"href":"https:\/\/rafalk-elblag.pl\/index.php?rest_route=%2Fwp%2Fv2%2Fcategories&post=3069"},{"taxonomy":"post_tag","embeddable":true,"href":"https:\/\/rafalk-elblag.pl\/index.php?rest_route=%2Fwp%2Fv2%2Ftags&post=3069"}],"curies":[{"name":"wp","href":"https:\/\/api.w.org\/{rel}","templated":true}]}}