{"id":3060,"date":"2018-01-28T15:26:04","date_gmt":"2018-01-28T15:26:04","guid":{"rendered":"http:\/\/rafalk-elblag.pl\/?p=3060"},"modified":"2018-01-28T15:27:08","modified_gmt":"2018-01-28T15:27:08","slug":"3060","status":"publish","type":"post","link":"https:\/\/rafalk-elblag.pl\/?p=3060","title":{"rendered":"INTENCJE MSZALNE NA IV TYDZIE\u0143 OKRESU ZWYK\u0141EGO (29.01. &#8211; 4.02.2018)"},"content":{"rendered":"<p><a href=\"http:\/\/rafalk-elblag.pl\/wp-content\/uploads\/2016\/12\/shutterstock_49643152-1000.jpg\"><img loading=\"lazy\" decoding=\"async\" class=\"alignnone size-full wp-image-2526\" src=\"http:\/\/rafalk-elblag.pl\/wp-content\/uploads\/2016\/12\/shutterstock_49643152-1000.jpg\" alt=\"\" width=\"1000\" height=\"665\" srcset=\"https:\/\/rafalk-elblag.pl\/wp-content\/uploads\/2016\/12\/shutterstock_49643152-1000.jpg 1000w, https:\/\/rafalk-elblag.pl\/wp-content\/uploads\/2016\/12\/shutterstock_49643152-1000-300x200.jpg 300w, https:\/\/rafalk-elblag.pl\/wp-content\/uploads\/2016\/12\/shutterstock_49643152-1000-768x511.jpg 768w\" sizes=\"auto, (max-width: 1000px) 100vw, 1000px\" \/><\/a><\/p>\n<p>&nbsp;<\/p>\n<table width=\"726\">\n<tbody>\n<tr>\n<td colspan=\"2\" width=\"593\"><strong>29 stycznia&nbsp;&nbsp; PONIEDZIA\u0141EK<\/strong><\/td>\n<td width=\"133\"><strong><em>Mk 5, 1-20<\/em><\/strong><\/td>\n<\/tr>\n<tr>\n<td width=\"87\">8:00<\/td>\n<td colspan=\"2\" width=\"639\">\u015ap. Eugeniusz Dembi\u0144ski 29 greg.<\/td>\n<\/tr>\n<tr>\n<td width=\"87\">18:00<\/td>\n<td colspan=\"2\" width=\"639\">\u015ap. Franciszek Zwolicki w 1 rocz. \u015bmierci<\/td>\n<\/tr>\n<\/tbody>\n<\/table>\n<p>&nbsp;<\/p>\n<table width=\"726\">\n<tbody>\n<tr>\n<td colspan=\"2\" width=\"593\"><strong>30 stycznia&nbsp;&nbsp; <\/strong><strong>WTOREK<\/strong><\/td>\n<td width=\"133\"><strong><em>Mk 5, 21-43<\/em><\/strong><\/td>\n<\/tr>\n<tr>\n<td width=\"87\">8:00<\/td>\n<td colspan=\"2\" width=\"639\">\u015ap. Feliksa (k) Ogiermann w 30 dzie\u0144 po pogrzebie<\/td>\n<\/tr>\n<tr>\n<td width=\"87\">18:00<\/td>\n<td colspan=\"2\" width=\"639\">\u015ap. Eugeniusz Dembi\u0144ski 30 greg.<\/td>\n<\/tr>\n<\/tbody>\n<\/table>\n<p>&nbsp;<\/p>\n<table width=\"726\">\n<tbody>\n<tr>\n<td colspan=\"2\" width=\"593\"><strong>31 stycznia&nbsp;&nbsp; \u015aRODA<\/strong><\/p>\n<p><strong>wsp. \u015bw. Jana Bosko [prezbitera]<\/strong><\/td>\n<td width=\"133\"><strong><em>Mk 6, 1-6<\/em><\/strong><\/td>\n<\/tr>\n<tr>\n<td width=\"87\">8:00<\/td>\n<td colspan=\"2\" width=\"639\">\u015ap. Franciszka (k) i Stanis\u0142aw (m) Zaborowscy i zmarli rodzice<\/td>\n<\/tr>\n<tr>\n<td width=\"87\">17:30<\/td>\n<td colspan=\"2\" width=\"639\"><em>Nabo\u017ce\u0144stwo do Matki Bo\u017cej Nieustaj\u0105cej Pomocy<\/em><\/td>\n<\/tr>\n<tr>\n<td width=\"87\">18:00<\/td>\n<td colspan=\"2\" width=\"639\">\u015ap. Zofia Pniak w 5 rocz. \u015bmierci<\/td>\n<\/tr>\n<\/tbody>\n<\/table>\n<p>&nbsp;<\/p>\n<table width=\"726\">\n<tbody>\n<tr>\n<td colspan=\"2\" width=\"593\"><strong>1 lutego&nbsp;&nbsp; PIERWSZY CZWARTEK MIESI\u0104CA<\/strong><\/td>\n<td width=\"133\"><strong><em>Mk 6, 7-13<\/em><\/strong><\/td>\n<\/tr>\n<tr>\n<td width=\"87\">8:00<\/td>\n<td colspan=\"2\" width=\"639\">\u015ap. Stefan Wawer 1 greg.<\/td>\n<\/tr>\n<tr>\n<td width=\"87\"><strong>18:00<\/strong><\/td>\n<td colspan=\"2\" width=\"639\"><strong>Za kap\u0142an\u00f3w pos\u0142uguj\u0105cych w naszej parafii oraz za S\u0142u\u017cb\u0119 Liturgiczn\u0105 O\u0142tarza<\/strong><\/td>\n<\/tr>\n<tr>\n<td width=\"87\"><strong>18:45<\/strong><\/td>\n<td colspan=\"2\" width=\"639\"><strong>Godzina \u015awi\u0119ta \u2013 adoracja w intencji powo\u0142a\u0144<\/strong><\/td>\n<\/tr>\n<\/tbody>\n<\/table>\n<p>&nbsp;<\/p>\n<table width=\"726\">\n<tbody>\n<tr>\n<td colspan=\"2\" width=\"593\"><strong>2 lutego&nbsp;&nbsp; PIERWSZY PI\u0104TEK MIESI\u0104CA<\/strong><\/p>\n<p><strong>\u015awi\u0119to Ofiarowanie Pa\u0144skie \u2013 Dzie\u0144 \u017bycia Konsekrowanego<\/strong><\/td>\n<td width=\"133\"><strong><em>\u0141k 2, 22-40<\/em><\/strong><\/td>\n<\/tr>\n<tr>\n<td width=\"87\">8:00<\/td>\n<td colspan=\"2\" width=\"639\">\u015ap. Stefan Wawer 2 greg.<\/td>\n<\/tr>\n<tr>\n<td width=\"87\"><strong>11:00<\/strong><\/td>\n<td colspan=\"2\" width=\"639\"><strong>Za osoby konsekrowane, w spos\u00f3b szczeg\u00f3lny o Bo\u017ce b\u0142ogos\u0142awie\u0144stwo dla zakon\u00f3w i zgromadze\u0144 m\u0119skich i \u017ce\u0144skich pos\u0142uguj\u0105cych w Elbl\u0105gu<\/strong><\/td>\n<\/tr>\n<tr>\n<td width=\"87\">18:00<\/td>\n<td colspan=\"2\" width=\"639\">Msza \u015awi\u0119ta dzi\u0119kczynna za otrzymane \u0142aski z pro\u015bb\u0105 o Bo\u017ce b\u0142ogos\u0142awie\u0144stwo w Nowym Roku dla rodzin Urbanowskich i D\u0119bi\u0144skich<\/td>\n<\/tr>\n<tr>\n<td width=\"87\"><strong>19:30<\/strong><\/td>\n<td colspan=\"2\" width=\"639\"><strong>Multikino: wyj\u015bcie parafialne na film: Ignacy Loyola<\/strong><\/td>\n<\/tr>\n<\/tbody>\n<\/table>\n<p>&nbsp;<\/p>\n<table width=\"726\">\n<tbody>\n<tr>\n<td colspan=\"2\" width=\"593\"><strong>3 lutego&nbsp;&nbsp; PIERWSZA SOBOTA MIESI\u0104CA<\/strong><\/p>\n<p><strong>wsp. \u015bw. B\u0142a\u017ceja [biskupa i m\u0119czennika]<\/strong><\/td>\n<td width=\"133\"><strong><em>Mk 6, 30-34<\/em><\/strong><\/td>\n<\/tr>\n<tr>\n<td width=\"87\">8:00<\/td>\n<td colspan=\"2\" width=\"639\">\u015ap. Stefan Wawer 3 greg.<\/td>\n<\/tr>\n<tr>\n<td width=\"87\">17:00<\/td>\n<td colspan=\"2\" width=\"639\"><em>Nabo\u017ce\u0144stwo wynagradzaj\u0105ce pierwszych sob\u00f3t miesi\u0105ca<\/em><\/td>\n<\/tr>\n<tr>\n<td width=\"87\">18:00<\/td>\n<td colspan=\"2\" width=\"639\">O pok\u00f3j na \u015bwiecie, w Ojczy\u017anie, naszych rodzinach i w naszych sercach \u2013 intencja I R\u00f3\u017cy \u201eMatki Pokoju\u201d<\/td>\n<\/tr>\n<\/tbody>\n<\/table>\n<p>&nbsp;<\/p>\n<table width=\"726\">\n<tbody>\n<tr>\n<td colspan=\"2\" width=\"593\"><strong>4 lutego&nbsp;&nbsp; V NIEDZIELA ZWYK\u0141A<\/strong><\/td>\n<td width=\"133\"><strong><em>Mk 1, 29-39<\/em><\/strong><\/td>\n<\/tr>\n<tr>\n<td width=\"87\">7:00<\/td>\n<td colspan=\"2\" width=\"639\">\u015ap. Stefan Wawer 4 greg.<\/td>\n<\/tr>\n<tr>\n<td width=\"87\">9:00<\/td>\n<td colspan=\"2\" width=\"639\">\u015ap.Janina Pastuszka w 1 rocz. \u015bmierci oraz \u015bp. Jan, Tadeusz, Zbigniew Pastuszka i \u015bp. Wojciech Lewicki<\/td>\n<\/tr>\n<tr>\n<td width=\"87\">9:00<\/td>\n<td colspan=\"2\" width=\"639\">\u015ap. Franciszek i Halina Kre\u0144scy<\/td>\n<\/tr>\n<tr>\n<td width=\"87\">10:30<\/td>\n<td colspan=\"2\" width=\"639\">\u015ap. Walentyna (k) Myszk w 14 rocz. \u015bmierci<\/td>\n<\/tr>\n<tr>\n<td width=\"87\"><strong>12:00<\/strong><\/td>\n<td colspan=\"2\" width=\"639\"><strong>Za parafian<\/strong><\/td>\n<\/tr>\n<tr>\n<td width=\"87\">15:00<\/td>\n<td colspan=\"2\" width=\"639\">Msza \u015awi\u0119ta dzi\u0119kczynna w 40 rocz. \u015blubu Bo\u017ceny i Wies\u0142awa Tomczak z pro\u015bb\u0105 o Bo\u017ce b\u0142ogos\u0142awie\u0144stwo i potrzebne \u0142aski dla rubinowych Jubilat\u00f3w<\/td>\n<\/tr>\n<tr>\n<td width=\"87\">18:00<\/td>\n<td colspan=\"2\" width=\"639\">\u015ap. Piotr Kar\u017cewicz w 15 rocz. \u015bmierci oraz \u015bp. Longina Kar\u017cewicz i zmarli z rodziny<\/td>\n<\/tr>\n<\/tbody>\n<\/table>\n<p>&nbsp;<\/p>\n<p>&nbsp;<\/p>\n","protected":false},"excerpt":{"rendered":"<p>&nbsp; 29 stycznia&nbsp;&nbsp; PONIEDZIA\u0141EK Mk 5, 1-20 8:00 \u015ap. Eugeniusz Dembi\u0144ski 29 greg. 18:00 \u015ap. Franciszek Zwolicki w 1 rocz. \u015bmierci &nbsp; 30 stycznia&nbsp;&nbsp; WTOREK Mk 5, 21-43 8:00 \u015ap. Feliksa (k) Ogiermann w 30 dzie\u0144 po pogrzebie 18:00 \u015ap. Eugeniusz Dembi\u0144ski 30 greg. &nbsp; 31 stycznia&nbsp;&nbsp; \u015aRODA wsp. \u015bw. Jana Bosko [prezbitera] Mk 6, [&hellip;]<\/p>\n","protected":false},"author":1,"featured_media":2526,"comment_status":"closed","ping_status":"closed","sticky":false,"template":"","format":"standard","meta":{"ngg_post_thumbnail":0,"footnotes":""},"categories":[11,8,4],"tags":[],"class_list":["post-3060","post","type-post","status-publish","format-standard","has-post-thumbnail","hentry","category-aktualnosci","category-blog","category-intencje"],"_links":{"self":[{"href":"https:\/\/rafalk-elblag.pl\/index.php?rest_route=\/wp\/v2\/posts\/3060","targetHints":{"allow":["GET"]}}],"collection":[{"href":"https:\/\/rafalk-elblag.pl\/index.php?rest_route=\/wp\/v2\/posts"}],"about":[{"href":"https:\/\/rafalk-elblag.pl\/index.php?rest_route=\/wp\/v2\/types\/post"}],"author":[{"embeddable":true,"href":"https:\/\/rafalk-elblag.pl\/index.php?rest_route=\/wp\/v2\/users\/1"}],"replies":[{"embeddable":true,"href":"https:\/\/rafalk-elblag.pl\/index.php?rest_route=%2Fwp%2Fv2%2Fcomments&post=3060"}],"version-history":[{"count":2,"href":"https:\/\/rafalk-elblag.pl\/index.php?rest_route=\/wp\/v2\/posts\/3060\/revisions"}],"predecessor-version":[{"id":3063,"href":"https:\/\/rafalk-elblag.pl\/index.php?rest_route=\/wp\/v2\/posts\/3060\/revisions\/3063"}],"wp:featuredmedia":[{"embeddable":true,"href":"https:\/\/rafalk-elblag.pl\/index.php?rest_route=\/wp\/v2\/media\/2526"}],"wp:attachment":[{"href":"https:\/\/rafalk-elblag.pl\/index.php?rest_route=%2Fwp%2Fv2%2Fmedia&parent=3060"}],"wp:term":[{"taxonomy":"category","embeddable":true,"href":"https:\/\/rafalk-elblag.pl\/index.php?rest_route=%2Fwp%2Fv2%2Fcategories&post=3060"},{"taxonomy":"post_tag","embeddable":true,"href":"https:\/\/rafalk-elblag.pl\/index.php?rest_route=%2Fwp%2Fv2%2Ftags&post=3060"}],"curies":[{"name":"wp","href":"https:\/\/api.w.org\/{rel}","templated":true}]}}