{"id":3057,"date":"2018-01-20T19:41:49","date_gmt":"2018-01-20T19:41:49","guid":{"rendered":"http:\/\/rafalk-elblag.pl\/?p=3057"},"modified":"2018-01-20T19:41:49","modified_gmt":"2018-01-20T19:41:49","slug":"program-wizyty-duszpasterskiej-koledy-22-26-01-2018-r","status":"publish","type":"post","link":"https:\/\/rafalk-elblag.pl\/?p=3057","title":{"rendered":"PROGRAM WIZYTY DUSZPASTERSKIEJ \u2013 KOL\u0118DY (22-26.01.2018 R.)"},"content":{"rendered":"<p><a href=\"http:\/\/rafalk-elblag.pl\/wp-content\/uploads\/2016\/12\/Wizyta-duszpasterska-01.jpg\"><img loading=\"lazy\" decoding=\"async\" class=\"alignnone size-full wp-image-2620\" src=\"http:\/\/rafalk-elblag.pl\/wp-content\/uploads\/2016\/12\/Wizyta-duszpasterska-01.jpg\" alt=\"\" width=\"882\" height=\"582\" srcset=\"https:\/\/rafalk-elblag.pl\/wp-content\/uploads\/2016\/12\/Wizyta-duszpasterska-01.jpg 882w, https:\/\/rafalk-elblag.pl\/wp-content\/uploads\/2016\/12\/Wizyta-duszpasterska-01-300x198.jpg 300w, https:\/\/rafalk-elblag.pl\/wp-content\/uploads\/2016\/12\/Wizyta-duszpasterska-01-768x507.jpg 768w\" sizes=\"auto, (max-width: 882px) 100vw, 882px\" \/><\/a><\/p>\n<p>&nbsp;<\/p>\n<p style=\"text-align: center;\"><span style=\"color: #ff6600;\"><strong><u>PROGRAM WIZYTY DUSZPASTERSKIEJ<\/u><\/strong><\/span><\/p>\n<p style=\"text-align: center;\"><span style=\"color: #ff6600;\"><strong><u>W PARAFII \u015aW. RAFA\u0141A KALINOWSKIEGO (15-20.01.2018)<\/u><\/strong><\/span><\/p>\n<p>&nbsp;<\/p>\n<table>\n<tbody>\n<tr>\n<td width=\"221\">Poniedzia\u0142ek<\/p>\n<p>22.01. 2018 r. od 16.00<\/td>\n<td width=\"353\">ul. Legion\u00f3w 42<\/p>\n<p>ul. Myliusa 19, 18, 17, 16, 15<\/p>\n<p>ul. Myliusa 14, 13, 12, 11<\/td>\n<\/tr>\n<\/tbody>\n<\/table>\n<p>&nbsp;<\/p>\n<p>&nbsp;<\/p>\n<table>\n<tbody>\n<tr>\n<td width=\"221\">Wtorek<\/p>\n<p>23.01. 2018 r. od 16.00<\/td>\n<td width=\"353\">ul. Myliusa 10, 8, 7, 6<\/p>\n<p>ul. Myliusa 5, 4, 3, 2<\/p>\n<p>ul. Myliusa 1<\/td>\n<\/tr>\n<\/tbody>\n<\/table>\n<p>&nbsp;<\/p>\n<p>&nbsp;<\/p>\n<table>\n<tbody>\n<tr>\n<td width=\"221\">\u015aroda<\/p>\n<p>24.01. 2018 r. od 16.00<\/td>\n<td width=\"353\">ul. Leszczy\u0144skiego 31, 30, 29, 28<\/p>\n<p>ul. Leszczy\u0144skiego 27, 26, 25, 24<\/p>\n<p>ul. Leszczy\u0144skiego 23, 22, 21, 20<\/td>\n<\/tr>\n<\/tbody>\n<\/table>\n<p>&nbsp;<\/p>\n<p>&nbsp;<\/p>\n<table>\n<tbody>\n<tr>\n<td width=\"221\">Czwartek<\/p>\n<p>25.01.2018 r. od 16.00<\/td>\n<td width=\"353\">ul. Leszczy\u0144skiego 16, 15, 14, 13<\/p>\n<p>ul. Leszczy\u0144skiego 12, 11, 10, 9<\/p>\n<p>ul. Leszczy\u0144skiego 8, 7, 6, 5<\/td>\n<\/tr>\n<\/tbody>\n<\/table>\n<p>&nbsp;<\/p>\n<p>&nbsp;<\/p>\n<table>\n<tbody>\n<tr>\n<td width=\"221\">Pi\u0105tek<\/p>\n<p>26.01.2018 r. od 16.00<\/td>\n<td width=\"353\">ul. Leszczy\u0144skiego 4, 3, 2, 1<\/p>\n<p><strong>UZUPE\u0141NIENIA NA ZAPROSZENIA<\/strong><\/td>\n<\/tr>\n<\/tbody>\n<\/table>\n<p>&nbsp;<\/p>\n<h1>&nbsp;<\/h1>\n<p><span style=\"color: #ff6600;\"><strong>Prosimy o przygotowanie si\u0119 do wizyty duszpasterskiej:<\/strong><\/span><\/p>\n<p>&nbsp;<\/p>\n<p>\u2013 Obecna ca\u0142a rodzina<\/p>\n<p>&nbsp;<\/p>\n<p>\u2013 Dzieci i m\u0142odzie\u017c przygotowuj\u0105 zeszyty do religii, ksi\u0105\u017ceczki potwierdzaj\u0105ce udzia\u0142 we Mszy \u015bw. niedzielnej oraz do Sakramentu Bierzmowania<\/p>\n<p>&nbsp;<\/p>\n<p>\u2013 Bia\u0142y obrus, Pismo \u015awi\u0119te, Krzy\u017c, \u015bwiecznik, woda \u015bwi\u0119cona i kropid\u0142o<\/p>\n<p>&nbsp;<\/p>\n<p>\u2013 Tematem tegorocznej kol\u0119dy jest&nbsp;<strong>25-lecie powstania naszej parafii: 1993 \u2013 2018,&nbsp;<\/strong>o kt\u00f3rym przypomina baner umieszczony przy ko\u015bciele.<\/p>\n<p>&nbsp;<\/p>\n<p><strong>\u2013 UWAGA !!!<\/strong>&nbsp;Kol\u0119dy od poniedzia\u0142ku do pi\u0105tku rozpoczynamy od godz. 16;00.<\/p>\n<p>&nbsp;<\/p>\n<p>&nbsp;<\/p>\n","protected":false},"excerpt":{"rendered":"<p>&nbsp; PROGRAM WIZYTY DUSZPASTERSKIEJ W PARAFII \u015aW. RAFA\u0141A KALINOWSKIEGO (15-20.01.2018) &nbsp; Poniedzia\u0142ek 22.01. 2018 r. od 16.00 ul. Legion\u00f3w 42 ul. Myliusa 19, 18, 17, 16, 15 ul. Myliusa 14, 13, 12, 11 &nbsp; &nbsp; Wtorek 23.01. 2018 r. od 16.00 ul. Myliusa 10, 8, 7, 6 ul. Myliusa 5, 4, 3, 2 ul. Myliusa [&hellip;]<\/p>\n","protected":false},"author":1,"featured_media":2620,"comment_status":"closed","ping_status":"closed","sticky":false,"template":"","format":"standard","meta":{"ngg_post_thumbnail":0,"footnotes":""},"categories":[11,8,6],"tags":[],"class_list":["post-3057","post","type-post","status-publish","format-standard","has-post-thumbnail","hentry","category-aktualnosci","category-blog","category-wizyta-duszpasterska"],"_links":{"self":[{"href":"https:\/\/rafalk-elblag.pl\/index.php?rest_route=\/wp\/v2\/posts\/3057","targetHints":{"allow":["GET"]}}],"collection":[{"href":"https:\/\/rafalk-elblag.pl\/index.php?rest_route=\/wp\/v2\/posts"}],"about":[{"href":"https:\/\/rafalk-elblag.pl\/index.php?rest_route=\/wp\/v2\/types\/post"}],"author":[{"embeddable":true,"href":"https:\/\/rafalk-elblag.pl\/index.php?rest_route=\/wp\/v2\/users\/1"}],"replies":[{"embeddable":true,"href":"https:\/\/rafalk-elblag.pl\/index.php?rest_route=%2Fwp%2Fv2%2Fcomments&post=3057"}],"version-history":[{"count":1,"href":"https:\/\/rafalk-elblag.pl\/index.php?rest_route=\/wp\/v2\/posts\/3057\/revisions"}],"predecessor-version":[{"id":3058,"href":"https:\/\/rafalk-elblag.pl\/index.php?rest_route=\/wp\/v2\/posts\/3057\/revisions\/3058"}],"wp:featuredmedia":[{"embeddable":true,"href":"https:\/\/rafalk-elblag.pl\/index.php?rest_route=\/wp\/v2\/media\/2620"}],"wp:attachment":[{"href":"https:\/\/rafalk-elblag.pl\/index.php?rest_route=%2Fwp%2Fv2%2Fmedia&parent=3057"}],"wp:term":[{"taxonomy":"category","embeddable":true,"href":"https:\/\/rafalk-elblag.pl\/index.php?rest_route=%2Fwp%2Fv2%2Fcategories&post=3057"},{"taxonomy":"post_tag","embeddable":true,"href":"https:\/\/rafalk-elblag.pl\/index.php?rest_route=%2Fwp%2Fv2%2Ftags&post=3057"}],"curies":[{"name":"wp","href":"https:\/\/api.w.org\/{rel}","templated":true}]}}