{"id":3055,"date":"2018-01-20T19:36:46","date_gmt":"2018-01-20T19:36:46","guid":{"rendered":"http:\/\/rafalk-elblag.pl\/?p=3055"},"modified":"2018-01-20T19:36:46","modified_gmt":"2018-01-20T19:36:46","slug":"ogloszenia-parafialne-21-01-2018-r-iii-niedziela-zwykla","status":"publish","type":"post","link":"https:\/\/rafalk-elblag.pl\/?p=3055","title":{"rendered":"OG\u0141OSZENIA PARAFIALNE 21.01.2018 R. \u2013 III NIEDZIELA ZWYK\u0141A"},"content":{"rendered":"<p><a href=\"http:\/\/rafalk-elblag.pl\/wp-content\/uploads\/2016\/12\/pulpit.jpg\"><img loading=\"lazy\" decoding=\"async\" class=\"alignnone size-large wp-image-2530\" src=\"http:\/\/rafalk-elblag.pl\/wp-content\/uploads\/2016\/12\/pulpit-1024x682.jpg\" alt=\"\" width=\"900\" height=\"599\" srcset=\"https:\/\/rafalk-elblag.pl\/wp-content\/uploads\/2016\/12\/pulpit-1024x682.jpg 1024w, https:\/\/rafalk-elblag.pl\/wp-content\/uploads\/2016\/12\/pulpit-300x200.jpg 300w, https:\/\/rafalk-elblag.pl\/wp-content\/uploads\/2016\/12\/pulpit-768x512.jpg 768w, https:\/\/rafalk-elblag.pl\/wp-content\/uploads\/2016\/12\/pulpit.jpg 1698w\" sizes=\"auto, (max-width: 900px) 100vw, 900px\" \/><\/a><\/p>\n<p>&nbsp;<\/p>\n<p>1. Scholka parafialna \u201eRAFAEL\u201d zaprasza dzisiaj do wsp\u00f3lnego kol\u0119dowania wszystkich parafian, przyjaci\u00f3\u0142, dzieci, doros\u0142ych oraz rodzic\u00f3w i dzieci przygotowuj\u0105cych si\u0119 do I Komunii \u015awi\u0119tej o godz. 16.15, do naszego Ko\u015bcio\u0142a. PRZYJD\u0179 I W\u0141\u0104CZ SI\u0118 WE WSP\u00d3LNY \u015aPIEW KOL\u0118D.<\/p>\n<p>&nbsp;<\/p>\n<p>2. Trwa wizyta duszpasterska w naszej parafii. <strong>W tym tygodniu ko\u0144czymy kol\u0119d\u0119, dlatego prosimy o zg\u0142aszanie do zakrystii rodzin kt\u00f3re z r\u00f3\u017cnych przyczyn w wyznaczonym terminie nie przyj\u0119\u0142y kap\u0142ana a pragn\u0105 spotka\u0107 si\u0119 na wsp\u00f3lnej modlitwie i po\u015bwieci\u0107 mieszkanie. Do tych rodzin udamy si\u0119 w pi\u0105tek (26.01.) od godz. 16.00. <\/strong><em>W trakcie kol\u0119dy codziennie o godz. 8.00 jest sprawowana Eucharystia za rodziny, do kt\u00f3rych udamy si\u0119 z Wizyt\u0105 Duszpastersk\u0105. Tym bardziej zach\u0119camy osoby dysponuj\u0105ce czasem do wsp\u00f3lnej modlitwy.<\/em><\/p>\n<p>&nbsp;<\/p>\n<p><strong>3. UWAGA!!! Woda po\u015bwi\u0119cona znajduje w specjalnym naczyniu pod ch\u00f3rem. Prosimy tylko o zabranie odpowiedniego pojemnika by nabra\u0107 sobie wod\u0119.<\/strong><\/p>\n<p>&nbsp;<\/p>\n<p>4. Informujemy o mo\u017cliwo\u015bci rezerwacji i zamawiania Mszy \u015bw. na ca\u0142y bie\u017c\u0105cy rok. Niech Eucharystia stanie si\u0119 dzi\u0119kczynieniem za prze\u017cyte lata, rocznice sakramentu ma\u0142\u017ce\u0144stwa a nawet dnia urodzin czy imienin. <em>Msza \u015bw. jest najpi\u0119kniejszym darem, w kt\u00f3rym mo\u017cemy tu na ziemi uczestniczy\u0107.<\/em><\/p>\n<p>&nbsp;<\/p>\n<p><strong>5. W dniu dzisiejszym o godz. 19:30 w ko\u015bciele katedralnym pw. \u015bw. Miko\u0142aja odb\u0119dzie si\u0119 czuwanie modlitewne w duchu Taiz\u00e9. <\/strong>Zapraszamy w spos\u00f3b szczeg\u00f3lny do wzi\u0119cia udzia\u0142u w tym wydarzeniu nasz\u0105 m\u0142odzie\u017c, kt\u00f3ra bra\u0142a udzia\u0142 w ostatnim Europejskim Spotkaniu M\u0142odych w Bazylei.<\/p>\n<p>&nbsp;<\/p>\n<p><strong>6. Powo\u0142ani do przyw\u00f3dztwa<\/strong> \u2013 to program inspiruj\u0105cy m\u0119\u017cczyzn do przyw\u00f3dztwa w \u017cyciu osobistym. Wielu m\u0119\u017cczyzn mierzy si\u0119 dzi\u015b z wieloma trudno\u015bciami w realizowaniu swojego powo\u0142ania. <em>Nie jest to typowy kurs lub rekolekcje, ale raczej program rozwoju w\u0142asnego inspirowany S\u0141OWEM BO\u017bYM.<\/em> <strong>Prowadzi:<\/strong> Micha\u0142 Piekara i Mariusz Marcinkowski \u2013 liderzy m\u0119skiej, katolickiej wsp\u00f3lnoty. Rozpoczynamy w sobot\u0119 17 lutego 2018 r. w Elbl\u0105gu. <em>Szczeg\u00f3\u0142y na ulotkach.<\/em><\/p>\n<p>&nbsp;<\/p>\n<p>7. Seminarium Duchowne w Elbl\u0105gu zaprasza m\u0142odych m\u0119\u017cczyzn [od III klasy Gimnazjum] do udzia\u0142u w rekolekcjach, kt\u00f3re odb\u0119d\u0105 si\u0119 w dniach 3-7 lutego br. Szczeg\u00f3\u0142owe informacje w Internecie.<\/p>\n<p>&nbsp;<\/p>\n<p><strong>8. Na czas ferii zimowych &#8211; wszystkim dzieciom, m\u0142odzie\u017cy i nauczycielom \u017cyczymy bezpiecznego, pe\u0142nego rado\u015bci wypoczynku i b\u0142ogos\u0142awie\u0144stwa Bo\u017cego na ten czas.<\/strong><\/p>\n<p>&nbsp;<\/p>\n<p>9. Przed ko\u015bcio\u0142em mo\u017cna naby\u0107 pras\u0119 katolick\u0105: <em>\u201eGo\u015b\u0107 Niedzielny\u201d<\/em> w cenie 5 z\u0142.<\/p>\n<p>&nbsp;<\/p>\n<p><strong>10. Kancelaria Parafialna w trakcie trwania kol\u0119dy czynna tylko w sobot\u0119 <\/strong><strong>od godz. 10.30 do 12.00. Zapraszamy.<\/strong><\/p>\n<p style=\"text-align: center;\">&nbsp;<\/p>\n<p style=\"text-align: center;\"><span style=\"color: #339966;\"><strong>Numer Konta Parafialnego<\/strong><\/span><\/p>\n<p style=\"text-align: center;\"><span style=\"color: #339966;\"><strong>PKO BP 72 1020 1752 0000 0102 0069 6047<\/strong><\/span><\/p>\n<p style=\"text-align: center;\">&nbsp;<\/p>\n<p style=\"text-align: center;\">&nbsp;<\/p>\n","protected":false},"excerpt":{"rendered":"<p>&nbsp; 1. Scholka parafialna \u201eRAFAEL\u201d zaprasza dzisiaj do wsp\u00f3lnego kol\u0119dowania wszystkich parafian, przyjaci\u00f3\u0142, dzieci, doros\u0142ych oraz rodzic\u00f3w i dzieci przygotowuj\u0105cych si\u0119 do I Komunii \u015awi\u0119tej o godz. 16.15, do naszego Ko\u015bcio\u0142a. PRZYJD\u0179 I W\u0141\u0104CZ SI\u0118 WE WSP\u00d3LNY \u015aPIEW KOL\u0118D. &nbsp; 2. Trwa wizyta duszpasterska w naszej parafii. W tym tygodniu ko\u0144czymy kol\u0119d\u0119, dlatego prosimy o [&hellip;]<\/p>\n","protected":false},"author":1,"featured_media":2530,"comment_status":"closed","ping_status":"closed","sticky":false,"template":"","format":"standard","meta":{"ngg_post_thumbnail":0,"footnotes":""},"categories":[11,8,3],"tags":[],"class_list":["post-3055","post","type-post","status-publish","format-standard","has-post-thumbnail","hentry","category-aktualnosci","category-blog","category-ogloszenia"],"_links":{"self":[{"href":"https:\/\/rafalk-elblag.pl\/index.php?rest_route=\/wp\/v2\/posts\/3055","targetHints":{"allow":["GET"]}}],"collection":[{"href":"https:\/\/rafalk-elblag.pl\/index.php?rest_route=\/wp\/v2\/posts"}],"about":[{"href":"https:\/\/rafalk-elblag.pl\/index.php?rest_route=\/wp\/v2\/types\/post"}],"author":[{"embeddable":true,"href":"https:\/\/rafalk-elblag.pl\/index.php?rest_route=\/wp\/v2\/users\/1"}],"replies":[{"embeddable":true,"href":"https:\/\/rafalk-elblag.pl\/index.php?rest_route=%2Fwp%2Fv2%2Fcomments&post=3055"}],"version-history":[{"count":1,"href":"https:\/\/rafalk-elblag.pl\/index.php?rest_route=\/wp\/v2\/posts\/3055\/revisions"}],"predecessor-version":[{"id":3056,"href":"https:\/\/rafalk-elblag.pl\/index.php?rest_route=\/wp\/v2\/posts\/3055\/revisions\/3056"}],"wp:featuredmedia":[{"embeddable":true,"href":"https:\/\/rafalk-elblag.pl\/index.php?rest_route=\/wp\/v2\/media\/2530"}],"wp:attachment":[{"href":"https:\/\/rafalk-elblag.pl\/index.php?rest_route=%2Fwp%2Fv2%2Fmedia&parent=3055"}],"wp:term":[{"taxonomy":"category","embeddable":true,"href":"https:\/\/rafalk-elblag.pl\/index.php?rest_route=%2Fwp%2Fv2%2Fcategories&post=3055"},{"taxonomy":"post_tag","embeddable":true,"href":"https:\/\/rafalk-elblag.pl\/index.php?rest_route=%2Fwp%2Fv2%2Ftags&post=3055"}],"curies":[{"name":"wp","href":"https:\/\/api.w.org\/{rel}","templated":true}]}}