{"id":3053,"date":"2018-01-20T19:32:26","date_gmt":"2018-01-20T19:32:26","guid":{"rendered":"http:\/\/rafalk-elblag.pl\/?p=3053"},"modified":"2018-01-20T19:32:26","modified_gmt":"2018-01-20T19:32:26","slug":"intencje-mszalne-na-iii-tydzien-okresu-zwyklego-22-28-01-2018","status":"publish","type":"post","link":"https:\/\/rafalk-elblag.pl\/?p=3053","title":{"rendered":"INTENCJE MSZALNE NA III TYDZIE\u0143 OKRESU ZWYK\u0141EGO (22-28.01.2018)"},"content":{"rendered":"<p><a href=\"http:\/\/rafalk-elblag.pl\/wp-content\/uploads\/2016\/12\/shutterstock_49643152-1000.jpg\"><img loading=\"lazy\" decoding=\"async\" class=\"alignnone size-full wp-image-2526\" src=\"http:\/\/rafalk-elblag.pl\/wp-content\/uploads\/2016\/12\/shutterstock_49643152-1000.jpg\" alt=\"\" width=\"1000\" height=\"665\" srcset=\"https:\/\/rafalk-elblag.pl\/wp-content\/uploads\/2016\/12\/shutterstock_49643152-1000.jpg 1000w, https:\/\/rafalk-elblag.pl\/wp-content\/uploads\/2016\/12\/shutterstock_49643152-1000-300x200.jpg 300w, https:\/\/rafalk-elblag.pl\/wp-content\/uploads\/2016\/12\/shutterstock_49643152-1000-768x511.jpg 768w\" sizes=\"auto, (max-width: 1000px) 100vw, 1000px\" \/><\/a><\/p>\n<p>&nbsp;<\/p>\n<p>&nbsp;<\/p>\n<table width=\"726\">\n<tbody>\n<tr>\n<td colspan=\"2\" width=\"593\"><strong>22 stycznia&nbsp;&nbsp; PONIEDZIA\u0141EK<\/strong><\/td>\n<td width=\"133\"><strong><em>Mk 3, 22-30<\/em><\/strong><\/td>\n<\/tr>\n<tr>\n<td width=\"87\"><strong>8:00<\/strong><\/td>\n<td colspan=\"2\" width=\"639\"><strong>Za rodziny z kol\u0119dy<\/strong><\/td>\n<\/tr>\n<tr>\n<td width=\"87\">8:00<\/td>\n<td colspan=\"2\" width=\"639\">\u015ap. Eugeniusz Dembi\u0144ski 22 greg.<\/td>\n<\/tr>\n<tr>\n<td width=\"87\">8:00<\/td>\n<td colspan=\"2\" width=\"639\">O Bo\u017ce b\u0142ogos\u0142awie\u0144stwo dla rodzic\u00f3w: Urszuli i Andrzeja w rocznic\u0119 urodzin<\/td>\n<\/tr>\n<tr>\n<td width=\"87\">18:00<\/td>\n<td colspan=\"2\" width=\"639\">\u015ap. Sabina Micho\u0144 w 1 rocz. \u015bmierci<\/td>\n<\/tr>\n<\/tbody>\n<\/table>\n<p>&nbsp;<\/p>\n<p>&nbsp;<\/p>\n<table width=\"726\">\n<tbody>\n<tr>\n<td colspan=\"2\" width=\"593\"><strong>23 stycznia&nbsp;&nbsp; <\/strong><strong>WTOREK<\/strong><\/td>\n<td width=\"133\"><strong><em>Mk 3, 31-55<\/em><\/strong><\/td>\n<\/tr>\n<tr>\n<td width=\"87\"><strong>8:00<\/strong><\/td>\n<td colspan=\"2\" width=\"639\"><strong>Za rodziny z kol\u0119dy<\/strong><\/td>\n<\/tr>\n<tr>\n<td width=\"87\">8:00<\/td>\n<td colspan=\"2\" width=\"639\">Dzi\u0119kczynna w 90 urodziny Genowefy Rze\u017anikiewicz z pro\u015bb\u0105 o Bo\u017ce b\u0142ogos\u0142awie\u0144stwo i opiek\u0119 Matki Bo\u017cej<\/td>\n<\/tr>\n<tr>\n<td width=\"87\">8:00<\/td>\n<td colspan=\"2\" width=\"639\"><em>intencja wolna<\/em><\/td>\n<\/tr>\n<tr>\n<td width=\"87\">18:00<\/td>\n<td colspan=\"2\" width=\"639\">\u015ap. Eugeniusz Dembi\u0144ski 23 greg.<\/td>\n<\/tr>\n<\/tbody>\n<\/table>\n<p>&nbsp;<\/p>\n<p>&nbsp;<\/p>\n<table width=\"726\">\n<tbody>\n<tr>\n<td colspan=\"2\" width=\"593\"><strong>24 stycznia&nbsp;&nbsp; \u015aRODA<\/strong><\/p>\n<p><strong>wsp. \u015bw. Franciszka Salezego [biskupa i doktora Ko\u015bcio\u0142a]<\/strong><\/td>\n<td width=\"133\"><strong><em>Mk 4, 1-20<\/em><\/strong><\/td>\n<\/tr>\n<tr>\n<td width=\"87\"><strong>8:00<\/strong><\/td>\n<td colspan=\"2\" width=\"639\"><strong>Za rodziny z kol\u0119dy<\/strong><\/td>\n<\/tr>\n<tr>\n<td width=\"87\">8:00<\/td>\n<td colspan=\"2\" width=\"639\">\u015ap. Eugeniusz Dembi\u0144ski 24 greg.<\/td>\n<\/tr>\n<tr>\n<td width=\"87\">8:00<\/td>\n<td colspan=\"2\" width=\"639\">\u015ap. Walentyna Sobolewska w 1 rocz. \u015bmierci<\/td>\n<\/tr>\n<tr>\n<td width=\"87\">17:30<\/td>\n<td colspan=\"2\" width=\"639\"><em>Nabo\u017ce\u0144stwo do Matki Bo\u017cej Nieustaj\u0105cej Pomocy<\/em><\/td>\n<\/tr>\n<tr>\n<td width=\"87\">18:00<\/td>\n<td colspan=\"2\" width=\"639\">W intecjach czcicieli Matki Bo\u017cej Nieustaj\u0105cej Pomocy<\/td>\n<\/tr>\n<\/tbody>\n<\/table>\n<p>&nbsp;<\/p>\n<p>&nbsp;<\/p>\n<table width=\"726\">\n<tbody>\n<tr>\n<td colspan=\"2\" width=\"593\"><strong>25 stycznia&nbsp;&nbsp; CZWARTEK<\/strong><\/p>\n<p><strong>\u015bwi\u0119to nawr\u00f3cenia \u015bw. Paw\u0142a Aposto\u0142a<\/strong><\/td>\n<td width=\"133\"><strong><em>Mk 16, 15-18<\/em><\/strong><\/td>\n<\/tr>\n<tr>\n<td width=\"87\"><strong>8:00<\/strong><\/td>\n<td colspan=\"2\" width=\"639\"><strong>Za rodziny z kol\u0119dy<\/strong><\/td>\n<\/tr>\n<tr>\n<td width=\"87\">8:00<\/td>\n<td colspan=\"2\" width=\"639\">\u015ap. Eugeniusz Dembi\u0144ski 25 greg.<\/td>\n<\/tr>\n<tr>\n<td width=\"87\">8:00<\/td>\n<td colspan=\"2\" width=\"639\">\u015ap. Henryk Mackiewicz<\/td>\n<\/tr>\n<tr>\n<td width=\"87\">18:00<\/td>\n<td colspan=\"2\" width=\"639\">\u015ap. Czes\u0142aw (m) i Maria J\u00f3zwowscy<\/td>\n<\/tr>\n<\/tbody>\n<\/table>\n<p>&nbsp;<\/p>\n<p>&nbsp;<\/p>\n<table width=\"726\">\n<tbody>\n<tr>\n<td colspan=\"2\" width=\"593\"><strong>26 stycznia&nbsp;&nbsp; PI\u0104TEK<\/strong><\/p>\n<p><strong>wsp. \u015b\u015b. Tymoteusza i Tytusa [biskup\u00f3w]<\/strong><\/td>\n<td width=\"133\"><strong><em>\u0141k 10, 1-9<\/em><\/strong><\/td>\n<\/tr>\n<tr>\n<td width=\"87\"><strong>8:00<\/strong><\/td>\n<td colspan=\"2\" width=\"639\"><strong>Za rodziny z kol\u0119dy<\/strong><\/td>\n<\/tr>\n<tr>\n<td width=\"87\">8:00<\/td>\n<td colspan=\"2\" width=\"639\">\u015ap. Mieczys\u0142aw w 21 rocz. \u015bmierci oraz Kazimiera (k) i Andrzej D\u0105bkowscy<\/td>\n<\/tr>\n<tr>\n<td width=\"87\">18:00<\/td>\n<td colspan=\"2\" width=\"639\">\u015ap. Eugeniusz Dembi\u0144ski 26 greg.<\/td>\n<\/tr>\n<\/tbody>\n<\/table>\n<p>&nbsp;<\/p>\n<p>&nbsp;<\/p>\n<table width=\"726\">\n<tbody>\n<tr>\n<td colspan=\"2\" width=\"593\"><strong>27 stycznia&nbsp;&nbsp; SOBOTA<\/strong><\/td>\n<td width=\"133\"><strong><em>Mk 4, 35-41<\/em><\/strong><\/td>\n<\/tr>\n<tr>\n<td width=\"87\">8:00<\/td>\n<td colspan=\"2\" width=\"639\">\u015ap. Eugeniusz Dembi\u0144ski 27 greg.<\/td>\n<\/tr>\n<tr>\n<td width=\"87\">18:00<\/td>\n<td colspan=\"2\" width=\"639\">\u015ap. Jadwiga w 8 rocz. \u015bmierci oraz \u015bp. Kazimierz i Norbert<\/td>\n<\/tr>\n<\/tbody>\n<\/table>\n<p>&nbsp;<\/p>\n<p>&nbsp;<\/p>\n<table width=\"726\">\n<tbody>\n<tr>\n<td colspan=\"2\" width=\"593\"><strong>28 stycznia&nbsp;&nbsp; IV NIEDZIELA ZWYK\u0141A<\/strong><\/td>\n<td width=\"133\"><strong><em>Mk 1, 21-28<\/em><\/strong><\/td>\n<\/tr>\n<tr>\n<td width=\"87\">7:00<\/td>\n<td colspan=\"2\" width=\"639\">\u015ap. Eugeniusz Dembi\u0144ski 28 greg.<\/td>\n<\/tr>\n<tr>\n<td width=\"87\">9:00<\/td>\n<td colspan=\"2\" width=\"639\">\u015ap. Jan Bralewski w 17 rocz. \u015bmierci<\/td>\n<\/tr>\n<tr>\n<td width=\"87\">10:30<\/td>\n<td colspan=\"2\" width=\"639\">Dzi\u0119kczynna w dniu urodzin Adrianny z pro\u015bb\u0105 o Bo\u017ce b\u0142ogos\u0142awie\u0144stwo dla ca\u0142ej rodziny Stankiewicz<\/td>\n<\/tr>\n<tr>\n<td width=\"87\"><strong>12:00<\/strong><\/td>\n<td colspan=\"2\" width=\"639\"><strong>Za parafian<\/strong><\/td>\n<\/tr>\n<tr>\n<td width=\"87\">15:00<\/td>\n<td colspan=\"2\" width=\"639\">\u015ap. J\u00f3zef Smolak w 14 rocz. \u015bmierci<\/td>\n<\/tr>\n<tr>\n<td width=\"87\">18:00<\/td>\n<td colspan=\"2\" width=\"639\"><em>Rez.<\/em><\/td>\n<\/tr>\n<\/tbody>\n<\/table>\n<p>&nbsp;<\/p>\n<p>&nbsp;<\/p>\n<p>&nbsp;<\/p>\n","protected":false},"excerpt":{"rendered":"<p>&nbsp; &nbsp; 22 stycznia&nbsp;&nbsp; PONIEDZIA\u0141EK Mk 3, 22-30 8:00 Za rodziny z kol\u0119dy 8:00 \u015ap. Eugeniusz Dembi\u0144ski 22 greg. 8:00 O Bo\u017ce b\u0142ogos\u0142awie\u0144stwo dla rodzic\u00f3w: Urszuli i Andrzeja w rocznic\u0119 urodzin 18:00 \u015ap. Sabina Micho\u0144 w 1 rocz. \u015bmierci &nbsp; &nbsp; 23 stycznia&nbsp;&nbsp; WTOREK Mk 3, 31-55 8:00 Za rodziny z kol\u0119dy 8:00 Dzi\u0119kczynna w [&hellip;]<\/p>\n","protected":false},"author":1,"featured_media":2526,"comment_status":"closed","ping_status":"closed","sticky":false,"template":"","format":"standard","meta":{"ngg_post_thumbnail":0,"footnotes":""},"categories":[11,8,4],"tags":[],"class_list":["post-3053","post","type-post","status-publish","format-standard","has-post-thumbnail","hentry","category-aktualnosci","category-blog","category-intencje"],"_links":{"self":[{"href":"https:\/\/rafalk-elblag.pl\/index.php?rest_route=\/wp\/v2\/posts\/3053","targetHints":{"allow":["GET"]}}],"collection":[{"href":"https:\/\/rafalk-elblag.pl\/index.php?rest_route=\/wp\/v2\/posts"}],"about":[{"href":"https:\/\/rafalk-elblag.pl\/index.php?rest_route=\/wp\/v2\/types\/post"}],"author":[{"embeddable":true,"href":"https:\/\/rafalk-elblag.pl\/index.php?rest_route=\/wp\/v2\/users\/1"}],"replies":[{"embeddable":true,"href":"https:\/\/rafalk-elblag.pl\/index.php?rest_route=%2Fwp%2Fv2%2Fcomments&post=3053"}],"version-history":[{"count":1,"href":"https:\/\/rafalk-elblag.pl\/index.php?rest_route=\/wp\/v2\/posts\/3053\/revisions"}],"predecessor-version":[{"id":3054,"href":"https:\/\/rafalk-elblag.pl\/index.php?rest_route=\/wp\/v2\/posts\/3053\/revisions\/3054"}],"wp:featuredmedia":[{"embeddable":true,"href":"https:\/\/rafalk-elblag.pl\/index.php?rest_route=\/wp\/v2\/media\/2526"}],"wp:attachment":[{"href":"https:\/\/rafalk-elblag.pl\/index.php?rest_route=%2Fwp%2Fv2%2Fmedia&parent=3053"}],"wp:term":[{"taxonomy":"category","embeddable":true,"href":"https:\/\/rafalk-elblag.pl\/index.php?rest_route=%2Fwp%2Fv2%2Fcategories&post=3053"},{"taxonomy":"post_tag","embeddable":true,"href":"https:\/\/rafalk-elblag.pl\/index.php?rest_route=%2Fwp%2Fv2%2Ftags&post=3053"}],"curies":[{"name":"wp","href":"https:\/\/api.w.org\/{rel}","templated":true}]}}