{"id":3051,"date":"2018-01-15T00:10:38","date_gmt":"2018-01-15T00:10:38","guid":{"rendered":"http:\/\/rafalk-elblag.pl\/?p=3051"},"modified":"2018-01-15T00:10:38","modified_gmt":"2018-01-15T00:10:38","slug":"program-wizyty-duszpasterskiej-koledy-15-21-01-2018-r","status":"publish","type":"post","link":"https:\/\/rafalk-elblag.pl\/?p=3051","title":{"rendered":"PROGRAM WIZYTY DUSZPASTERSKIEJ \u2013 KOL\u0118DY (15-21.01.2018 R.)"},"content":{"rendered":"<p><a href=\"http:\/\/rafalk-elblag.pl\/wp-content\/uploads\/2016\/12\/Wizyta-duszpasterska-01.jpg\"><img loading=\"lazy\" decoding=\"async\" class=\"alignnone size-full wp-image-2620\" src=\"http:\/\/rafalk-elblag.pl\/wp-content\/uploads\/2016\/12\/Wizyta-duszpasterska-01.jpg\" alt=\"\" width=\"882\" height=\"582\" srcset=\"https:\/\/rafalk-elblag.pl\/wp-content\/uploads\/2016\/12\/Wizyta-duszpasterska-01.jpg 882w, https:\/\/rafalk-elblag.pl\/wp-content\/uploads\/2016\/12\/Wizyta-duszpasterska-01-300x198.jpg 300w, https:\/\/rafalk-elblag.pl\/wp-content\/uploads\/2016\/12\/Wizyta-duszpasterska-01-768x507.jpg 768w\" sizes=\"auto, (max-width: 882px) 100vw, 882px\" \/><\/a><\/p>\n<p style=\"text-align: center;\">&nbsp;<\/p>\n<p style=\"text-align: center;\"><strong><span style=\"color: #008000;\"><u>PROGRAM WIZYTY DUSZPASTERSKIEJ<\/u><\/span><\/strong><\/p>\n<p style=\"text-align: center;\"><strong><span style=\"color: #008000;\"><u>W PARAFII \u015aW. RAFA\u0141A KALINOWSKIEGO (15-20.01.2018)<\/u><\/span><\/strong><\/p>\n<p>&nbsp;<\/p>\n<table>\n<tbody>\n<tr>\n<td width=\"221\">Poniedzia\u0142ek<\/p>\n<p>15.01. 2018 r. od 16.00<\/td>\n<td width=\"353\">&nbsp;<\/p>\n<p>ul. K\u0142oczowskiego 11, 10, 9, 8<\/p>\n<p>ul. K\u0142oczowskiego 12, 12A<\/p>\n<p>ul. K\u0142oczowskiego 13, 13A<\/p>\n<p>&nbsp;<\/p>\n<p>&nbsp;<\/td>\n<\/tr>\n<tr>\n<td width=\"221\">Wtorek<\/p>\n<p>16.01. 2018 r. od 16.00<\/td>\n<td width=\"353\">ul. K\u0142oczowskiego 2, 1 i blok 14<\/p>\n<p>ul. K\u0142oczowskiego 7, 6, 5, 4, 3<\/p>\n<p>ul. Tuwima 7, 6<\/td>\n<\/tr>\n<tr>\n<td width=\"221\">\u015aroda<\/p>\n<p>17.01. 2018 r. od 16.00<\/td>\n<td width=\"353\">&nbsp;<\/p>\n<p>&nbsp;<\/p>\n<p>ul. Tuwima 13, 12, 11, 10<\/p>\n<p>ul. Tuwima 9, 8, 3, 2, 1<\/p>\n<p>ul. Tuwima 5<\/p>\n<p>&nbsp;<\/p>\n<p>&nbsp;<\/td>\n<\/tr>\n<tr>\n<td width=\"221\">Czwartek<\/p>\n<p>18.01.2018 r. od 16.00<\/td>\n<td width=\"353\">ul. Sobieskiego 40, 38, 36<\/p>\n<p>i domki&nbsp; 35, 33, 29<\/p>\n<p>ul. Sobieskiego 34, 32, 30, 28<\/p>\n<p>ul. Sobieskiego 26, 24, 22, 18A<\/td>\n<\/tr>\n<tr>\n<td width=\"221\">Pi\u0105tek<\/p>\n<p>19.01.2018 r. od 16.00<\/td>\n<td width=\"353\">&nbsp;<\/p>\n<p>&nbsp;<\/p>\n<p>ul. Sobieskiego 20, 18, 16, 16A<\/p>\n<p>ul. Sobieskiego 14, 12, 10, 8<\/p>\n<p>ul. Sobieskiego domki 25, 23,21 i 2A<\/p>\n<p>&nbsp;<\/p>\n<p>&nbsp;<\/td>\n<\/tr>\n<tr>\n<td width=\"221\">Sobota<\/p>\n<p>20.01.2018r. od 15.00<\/td>\n<td width=\"353\">ul. \u0141okietka 127 \u2013 67<\/p>\n<p>ul. Krzywoustego od 38 do 1<\/p>\n<p>ul. Sobieskiego 6, 4, 2, 2B<\/p>\n<hr>\n<p>&nbsp;<\/td>\n<\/tr>\n<\/tbody>\n<\/table>\n<p>&nbsp;<\/p>\n<p><strong>Prosimy o przygotowanie si\u0119 do wizyty duszpasterskiej:<\/strong><\/p>\n<p>&nbsp;<\/p>\n<p>&#8211; Obecna ca\u0142a rodzina<\/p>\n<p>&nbsp;<\/p>\n<p>&#8211; Dzieci i m\u0142odzie\u017c przygotowuj\u0105 zeszyty do religii, ksi\u0105\u017ceczki potwierdzaj\u0105ce udzia\u0142 we Mszy \u015bw. niedzielnej oraz do Sakramentu Bierzmowania<\/p>\n<p>&nbsp;<\/p>\n<p>&#8211; Bia\u0142y obrus, Pismo \u015awi\u0119te, Krzy\u017c, \u015bwiecznik, woda \u015bwi\u0119cona i kropid\u0142o<\/p>\n<p>&nbsp;<\/p>\n<p>&#8211; Tematem tegorocznej kol\u0119dy jest <strong>25-lecie powstania naszej parafii:<br \/>\n1993 \u2013 2018, <\/strong>o kt\u00f3rym przypomina baner umieszczony przy ko\u015bciele.<\/p>\n<p>&nbsp;<\/p>\n<p><strong>&#8211; UWAGA !!!<\/strong> Kol\u0119dy od poniedzia\u0142ku do pi\u0105tku rozpoczynamy od godz. 16;00. Natomiast w soboty od godz. 15:00.<\/p>\n<p>&nbsp;<\/p>\n<p>&nbsp;<\/p>\n","protected":false},"excerpt":{"rendered":"<p>&nbsp; PROGRAM WIZYTY DUSZPASTERSKIEJ W PARAFII \u015aW. RAFA\u0141A KALINOWSKIEGO (15-20.01.2018) &nbsp; Poniedzia\u0142ek 15.01. 2018 r. od 16.00 &nbsp; ul. K\u0142oczowskiego 11, 10, 9, 8 ul. K\u0142oczowskiego 12, 12A ul. K\u0142oczowskiego 13, 13A &nbsp; &nbsp; Wtorek 16.01. 2018 r. od 16.00 ul. K\u0142oczowskiego 2, 1 i blok 14 ul. K\u0142oczowskiego 7, 6, 5, 4, 3 ul. [&hellip;]<\/p>\n","protected":false},"author":1,"featured_media":2620,"comment_status":"closed","ping_status":"closed","sticky":false,"template":"","format":"standard","meta":{"ngg_post_thumbnail":0,"footnotes":""},"categories":[11,8,6],"tags":[],"class_list":["post-3051","post","type-post","status-publish","format-standard","has-post-thumbnail","hentry","category-aktualnosci","category-blog","category-wizyta-duszpasterska"],"_links":{"self":[{"href":"https:\/\/rafalk-elblag.pl\/index.php?rest_route=\/wp\/v2\/posts\/3051","targetHints":{"allow":["GET"]}}],"collection":[{"href":"https:\/\/rafalk-elblag.pl\/index.php?rest_route=\/wp\/v2\/posts"}],"about":[{"href":"https:\/\/rafalk-elblag.pl\/index.php?rest_route=\/wp\/v2\/types\/post"}],"author":[{"embeddable":true,"href":"https:\/\/rafalk-elblag.pl\/index.php?rest_route=\/wp\/v2\/users\/1"}],"replies":[{"embeddable":true,"href":"https:\/\/rafalk-elblag.pl\/index.php?rest_route=%2Fwp%2Fv2%2Fcomments&post=3051"}],"version-history":[{"count":1,"href":"https:\/\/rafalk-elblag.pl\/index.php?rest_route=\/wp\/v2\/posts\/3051\/revisions"}],"predecessor-version":[{"id":3052,"href":"https:\/\/rafalk-elblag.pl\/index.php?rest_route=\/wp\/v2\/posts\/3051\/revisions\/3052"}],"wp:featuredmedia":[{"embeddable":true,"href":"https:\/\/rafalk-elblag.pl\/index.php?rest_route=\/wp\/v2\/media\/2620"}],"wp:attachment":[{"href":"https:\/\/rafalk-elblag.pl\/index.php?rest_route=%2Fwp%2Fv2%2Fmedia&parent=3051"}],"wp:term":[{"taxonomy":"category","embeddable":true,"href":"https:\/\/rafalk-elblag.pl\/index.php?rest_route=%2Fwp%2Fv2%2Fcategories&post=3051"},{"taxonomy":"post_tag","embeddable":true,"href":"https:\/\/rafalk-elblag.pl\/index.php?rest_route=%2Fwp%2Fv2%2Ftags&post=3051"}],"curies":[{"name":"wp","href":"https:\/\/api.w.org\/{rel}","templated":true}]}}