{"id":3049,"date":"2018-01-14T22:58:03","date_gmt":"2018-01-14T22:58:03","guid":{"rendered":"http:\/\/rafalk-elblag.pl\/?p=3049"},"modified":"2018-01-14T23:03:58","modified_gmt":"2018-01-14T23:03:58","slug":"ogloszenia-parafialne-14-01-2018-r-ii-niedziela-zwykla","status":"publish","type":"post","link":"https:\/\/rafalk-elblag.pl\/?p=3049","title":{"rendered":"OG\u0141OSZENIA PARAFIALNE 14.01.2018 R. \u2013 II NIEDZIELA ZWYK\u0141A"},"content":{"rendered":"<p><a href=\"http:\/\/rafalk-elblag.pl\/wp-content\/uploads\/2016\/12\/pulpit.jpg\"><img loading=\"lazy\" decoding=\"async\" class=\"alignnone size-large wp-image-2530\" src=\"http:\/\/rafalk-elblag.pl\/wp-content\/uploads\/2016\/12\/pulpit-1024x682.jpg\" alt=\"\" width=\"900\" height=\"599\" srcset=\"https:\/\/rafalk-elblag.pl\/wp-content\/uploads\/2016\/12\/pulpit-1024x682.jpg 1024w, https:\/\/rafalk-elblag.pl\/wp-content\/uploads\/2016\/12\/pulpit-300x200.jpg 300w, https:\/\/rafalk-elblag.pl\/wp-content\/uploads\/2016\/12\/pulpit-768x512.jpg 768w, https:\/\/rafalk-elblag.pl\/wp-content\/uploads\/2016\/12\/pulpit.jpg 1698w\" sizes=\"auto, (max-width: 900px) 100vw, 900px\" \/><\/a><\/p>\n<p>&nbsp;<\/p>\n<p>1. Dzi\u015b w \u0142\u0105czno\u015bci z Ojcem \u015awi\u0119tym Franciszkiem prze\u017cywamy <strong>104. \u015awiatowy Dzie\u0144 Migranta i Uchod\u017acy. <\/strong><em>W modlitwie pami\u0119tamy o <\/em><em>Polakach <\/em><em>na emigracji, przybyszach do naszego kraju zza wschodniej granicy, migrantach i uchod\u017acach na ca\u0142ym \u015bwiecie.<\/em><\/p>\n<p>&nbsp;<\/p>\n<p>2. Trwa Wizyta duszpasterska w parafii (program znajdziemy w biuletynie). <em>Dzi\u0119kujemy za sk\u0142adane przy tej okazji ofiary na \u0142awki do naszego Ko\u015bcio\u0142a. <\/em><strong>W trakcie kol\u0119dy codziennie o godz. 8.00 b\u0119dzie sprawowana Eucharystia za rodziny, do kt\u00f3rych udamy si\u0119 z Wizyt\u0105 Duszpastersk\u0105. <\/strong><em>Tym bardziej zach\u0119camy osoby dysponuj\u0105ce czasem do wsp\u00f3lnej modlitwy. <\/em><\/p>\n<p><strong>&nbsp;<\/strong><\/p>\n<p><strong>3. UWAGA!!! Woda po\u015bwi\u0119cona znajduje w specjalnym naczyniu pod ch\u00f3rem. Prosimy tylko o zabranie odpowiedniego pojemnika by nabra\u0107 sobie wod\u0119.<\/strong><\/p>\n<p>&nbsp;<\/p>\n<p>4. Scholka parafialna \u201eRAFAEL\u201d zaprasza do wsp\u00f3lnego kol\u0119dowania wszystkich parafian, przyjaci\u00f3\u0142, dzieci, doros\u0142ych oraz rodzic\u00f3w i dzieci przygotowuj\u0105cych si\u0119 do I Komunii \u015awi\u0119tej; 21 stycznia (niedziela), o godz. 16.15, do naszego Ko\u015bcio\u0142a. PRZYJD\u0179 I W\u0141\u0104CZ SI\u0118 WE WSP\u00d3LNY \u015aPIEW KOL\u0118D.<\/p>\n<p>&nbsp;<\/p>\n<p>5. Ka\u017cdy 16 dzie\u0144 miesi\u0105ca to dzie\u0144 spotkania si\u0119 <strong>Bractwa Szkaplerznego i Rodziny Szkaplerznej<\/strong>. Zapraszamy 16 stycznia (wtorek) wszystkich nale\u017c\u0105cych i pragn\u0105cych w\u0142\u0105czy\u0107 si\u0119 do tej wsp\u00f3lnoty na Msz\u0119 \u015bw. z katechez\u0105 o godz. 18.00.<\/p>\n<p>&nbsp;<\/p>\n<p>6. Od 18 stycznia rozpoczyna si\u0119 w ko\u015bciele <strong>TYDZIE\u0143 MODLITW O JEDNO\u015a\u0106 CHRZE\u015aCIJAN.<\/strong> Zach\u0119camy wszystkich do wsp\u00f3lnej modlitwy. Has\u0142em tegorocznego tygodnia modlitw s\u0105 s\u0142owa: <em>\u201ePrawica Twoja ws\u0142awi\u0142a si\u0119 moc\u0105\u201d (Wj 15,3)<\/em><\/p>\n<p><strong>&nbsp;<\/strong><\/p>\n<p><strong>7. Powo\u0142ani do przyw\u00f3dztwa<\/strong> \u2013 to program inspiruj\u0105cy m\u0119\u017cczyzn do przyw\u00f3dztwa w \u017cyciu osobistym. Wielu m\u0119\u017cczyzn mierzy si\u0119 dzi\u015b z wieloma trudno\u015bciami w realizowaniu swojego powo\u0142ania. <em>Nie jest to typowy kurs lub rekolekcje, ale raczej program rozwoju w\u0142asnego inspirowany S\u0141OWEM BO\u017bYM.<\/em> <strong>Prowadzi:<\/strong> Micha\u0142 Piekara i Mariusz Marcinkowski \u2013 liderzy m\u0119skiej, katolickiej wsp\u00f3lnoty. Rozpoczynamy w sobot\u0119 17 lutego 2018 r. &nbsp;w Elbl\u0105gu. <em>Szczeg\u00f3\u0142y na ulotkach.<\/em><\/p>\n<p>&nbsp;<\/p>\n<p>8. Zach\u0119camy do zamawiania Mszy \u015aw. dzi\u0119kczynnych (rodzinnych) za miniony rok z pro\u015bb\u0105 o dalsz\u0105 opiek\u0119 i Bo\u017ce b\u0142ogos\u0142awie\u0144stwo w <strong>Nowym Roku.<\/strong><\/p>\n<p>&nbsp;<\/p>\n<p>9. Seminarium Duchowne w Elbl\u0105gu zaprasza m\u0142odych m\u0119\u017cczyzn [od III klasy gimnazjum] do udzia\u0142u w rekolekcjach, kt\u00f3re odb\u0119d\u0105 si\u0119 w dniach 3-7 lutego br. Szczeg\u00f3\u0142owe informacje w Internecie.<\/p>\n<p>&nbsp;<\/p>\n<p>10. Przed ko\u015bcio\u0142em mo\u017cna naby\u0107 pras\u0119 katolick\u0105: <em>\u201eGo\u015b\u0107 Niedzielny\u201d<\/em> w cenie 5 z\u0142.<\/p>\n<p><strong>&nbsp;<\/strong><\/p>\n<p><strong>11. Kancelaria Parafialna w trakcie trwania kol\u0119dy czynna tylko w sobot\u0119 <\/strong><strong>od godz. 10.30 do 12.00. Zapraszamy.<\/strong><\/p>\n<p>&nbsp;<\/p>\n<p>12. Pan powo\u0142a\u0142 do wieczno\u015bci: \u015bp. Edmunda Szcz\u0119\u015bniaka lat 68 z ul. Leszczy\u0144skiego; \u015bp. Lidi\u0119 Cioch lat 77 z ul. Brzechwy. <em>Wieczny odpoczynek racz im da\u0107 Panie.<\/em><\/p>\n<p>&nbsp;<\/p>\n<p>&nbsp;<\/p>\n<p style=\"text-align: center;\"><span style=\"color: #800000;\"><strong>Numer Konta Parafialnego<\/strong><\/span><\/p>\n<p style=\"text-align: center;\"><span style=\"color: #800000;\"><strong>PKO BP 72 1020 1752 0000 0102 0069 6047<\/strong><\/span><\/p>\n<p style=\"text-align: center;\">&nbsp;<\/p>\n<p style=\"text-align: center;\">&nbsp;<\/p>\n","protected":false},"excerpt":{"rendered":"<p>&nbsp; 1. Dzi\u015b w \u0142\u0105czno\u015bci z Ojcem \u015awi\u0119tym Franciszkiem prze\u017cywamy 104. \u015awiatowy Dzie\u0144 Migranta i Uchod\u017acy. W modlitwie pami\u0119tamy o Polakach na emigracji, przybyszach do naszego kraju zza wschodniej granicy, migrantach i uchod\u017acach na ca\u0142ym \u015bwiecie. &nbsp; 2. Trwa Wizyta duszpasterska w parafii (program znajdziemy w biuletynie). Dzi\u0119kujemy za sk\u0142adane przy tej okazji ofiary na [&hellip;]<\/p>\n","protected":false},"author":1,"featured_media":2530,"comment_status":"closed","ping_status":"closed","sticky":false,"template":"","format":"standard","meta":{"ngg_post_thumbnail":0,"footnotes":""},"categories":[11,8,3],"tags":[],"class_list":["post-3049","post","type-post","status-publish","format-standard","has-post-thumbnail","hentry","category-aktualnosci","category-blog","category-ogloszenia"],"_links":{"self":[{"href":"https:\/\/rafalk-elblag.pl\/index.php?rest_route=\/wp\/v2\/posts\/3049","targetHints":{"allow":["GET"]}}],"collection":[{"href":"https:\/\/rafalk-elblag.pl\/index.php?rest_route=\/wp\/v2\/posts"}],"about":[{"href":"https:\/\/rafalk-elblag.pl\/index.php?rest_route=\/wp\/v2\/types\/post"}],"author":[{"embeddable":true,"href":"https:\/\/rafalk-elblag.pl\/index.php?rest_route=\/wp\/v2\/users\/1"}],"replies":[{"embeddable":true,"href":"https:\/\/rafalk-elblag.pl\/index.php?rest_route=%2Fwp%2Fv2%2Fcomments&post=3049"}],"version-history":[{"count":1,"href":"https:\/\/rafalk-elblag.pl\/index.php?rest_route=\/wp\/v2\/posts\/3049\/revisions"}],"predecessor-version":[{"id":3050,"href":"https:\/\/rafalk-elblag.pl\/index.php?rest_route=\/wp\/v2\/posts\/3049\/revisions\/3050"}],"wp:featuredmedia":[{"embeddable":true,"href":"https:\/\/rafalk-elblag.pl\/index.php?rest_route=\/wp\/v2\/media\/2530"}],"wp:attachment":[{"href":"https:\/\/rafalk-elblag.pl\/index.php?rest_route=%2Fwp%2Fv2%2Fmedia&parent=3049"}],"wp:term":[{"taxonomy":"category","embeddable":true,"href":"https:\/\/rafalk-elblag.pl\/index.php?rest_route=%2Fwp%2Fv2%2Fcategories&post=3049"},{"taxonomy":"post_tag","embeddable":true,"href":"https:\/\/rafalk-elblag.pl\/index.php?rest_route=%2Fwp%2Fv2%2Ftags&post=3049"}],"curies":[{"name":"wp","href":"https:\/\/api.w.org\/{rel}","templated":true}]}}