{"id":3041,"date":"2018-01-06T21:39:39","date_gmt":"2018-01-06T21:39:39","guid":{"rendered":"http:\/\/rafalk-elblag.pl\/?p=3041"},"modified":"2018-01-06T21:39:39","modified_gmt":"2018-01-06T21:39:39","slug":"program-wizyty-duszpasterskiej-koledy-8-13-01-2018-r","status":"publish","type":"post","link":"https:\/\/rafalk-elblag.pl\/?p=3041","title":{"rendered":"PROGRAM WIZYTY DUSZPASTERSKIEJ \u2013 KOL\u0118DY (8-13.01.2018 R.)"},"content":{"rendered":"<p><a href=\"http:\/\/rafalk-elblag.pl\/wp-content\/uploads\/2016\/12\/Wizyta-duszpasterska-01.jpg\"><img loading=\"lazy\" decoding=\"async\" class=\"alignnone size-full wp-image-2620\" src=\"http:\/\/rafalk-elblag.pl\/wp-content\/uploads\/2016\/12\/Wizyta-duszpasterska-01.jpg\" alt=\"\" width=\"882\" height=\"582\" srcset=\"https:\/\/rafalk-elblag.pl\/wp-content\/uploads\/2016\/12\/Wizyta-duszpasterska-01.jpg 882w, https:\/\/rafalk-elblag.pl\/wp-content\/uploads\/2016\/12\/Wizyta-duszpasterska-01-300x198.jpg 300w, https:\/\/rafalk-elblag.pl\/wp-content\/uploads\/2016\/12\/Wizyta-duszpasterska-01-768x507.jpg 768w\" sizes=\"auto, (max-width: 882px) 100vw, 882px\" \/><\/a><\/p>\n<p>&nbsp;<\/p>\n<p><strong><u>PROGRAM WIZYTY DUSZPASTERSKIEJ<\/u><\/strong><\/p>\n<p><strong><u>W PARAFII \u015aW. RAFA\u0141A KALINOWSKIEGO<\/u><\/strong><\/p>\n<p><strong><u>8 \u2013 13. STYCZNIA 2018 R.<\/u><\/strong><\/p>\n<p>&nbsp;<\/p>\n<table>\n<tbody>\n<tr>\n<td width=\"221\">Poniedzia\u0142ek<\/p>\n<p>08.01. 2018 r. od 16.00<\/td>\n<td width=\"353\">ul. Brzechwy 4, 3, 2, 1<\/p>\n<p>ul. Broniewskiego 35, 33, 31, 29, 27<\/p>\n<p>ul. Broniewskiego 25, 22, 20, 18<\/td>\n<\/tr>\n<tr>\n<td width=\"221\">Wtorek<\/p>\n<p>09.01. 2018 r. od 16.00<\/td>\n<td width=\"353\">ul. Broniewskiego 23, 21, 19, 17<\/p>\n<p>ul. Broniewskiego 16, 14, 12, 10<\/p>\n<p>ul. Broniewskiego 15, 13, 11, 9<\/td>\n<\/tr>\n<tr>\n<td width=\"221\">\u015aroda<\/p>\n<p>10.01. 2018 r. od 16.00<\/td>\n<td width=\"353\">ul. Broniewskiego 7, 5, 3, 1<\/p>\n<p>ul. Broniewskiego&nbsp; 4, 2<\/p>\n<p>ul. Broniewskiego&nbsp; 8, 6<\/td>\n<\/tr>\n<tr>\n<td width=\"221\">Czwartek<\/p>\n<p>11.01.2018 r. od 16.00<\/td>\n<td width=\"353\">ul. K\u0142oczowskiego 35, 34, 33, 32<\/p>\n<p>ul. K\u0142oczowskiego 31, 30, 29, 28, 27<\/td>\n<\/tr>\n<tr>\n<td width=\"221\">Pi\u0105tek<\/p>\n<p>12.01.2018 r. od 16.00<\/td>\n<td width=\"353\">ul. K\u0142oczowskiego 26, 25, 24, 23<\/p>\n<p>ul. K\u0142oczowskiego 22, 21, 20, 19<\/p>\n<p>ul. K\u0142oczowskiego 18, 17, 16, 15<\/td>\n<\/tr>\n<tr>\n<td width=\"221\">Sobota<\/p>\n<p>13.01.2018r. od 15.00<\/td>\n<td width=\"353\">ul. \u0141okietka 63 &#8211; 1<\/p>\n<p>ul. \u0141okietka 62 \u2013 2<\/p>\n<p>ul. Mieszka I 39 &#8211; 1<\/td>\n<\/tr>\n<\/tbody>\n<\/table>\n<p>&nbsp;<\/p>\n<p><strong>Prosimy o przygotowanie si\u0119 do wizyty duszpasterskiej:<\/strong><\/p>\n<p><b>&#8211;&nbsp;<\/b>Obecna ca\u0142a rodzina<\/p>\n<p>&#8211; Dzieci i m\u0142odzie\u017c przygotowuj\u0105 zeszyty do religii, ksi\u0105\u017ceczki potwierdzaj\u0105ce udzia\u0142 we Mszy \u015bw. niedzielnej oraz do Sakramentu Bierzmowania<\/p>\n<p>&#8211; Bia\u0142y obrus, Pismo \u015awi\u0119te, Krzy\u017c, \u015bwiecznik, woda \u015bwi\u0119cona i kropid\u0142o<\/p>\n<p>&#8211; Tematem tegorocznej kol\u0119dy jest <strong>25-lecie powstania naszej parafii: 1993 \u2013 2018,&nbsp;<\/strong>o kt\u00f3rym b\u0119dzie przypomina\u0142 baner umieszczony przy ko\u015bciele.<\/p>\n<p><strong>&#8211; UWAGA !!!<\/strong> Kol\u0119dy od poniedzia\u0142ku do pi\u0105tku rozpoczynamy od godz. 16;00. Natomiast w soboty od godz. 15:00.<\/p>\n<p>&nbsp;<\/p>\n<p>&nbsp;<\/p>\n","protected":false},"excerpt":{"rendered":"<p>&nbsp; PROGRAM WIZYTY DUSZPASTERSKIEJ W PARAFII \u015aW. RAFA\u0141A KALINOWSKIEGO 8 \u2013 13. STYCZNIA 2018 R. &nbsp; Poniedzia\u0142ek 08.01. 2018 r. od 16.00 ul. Brzechwy 4, 3, 2, 1 ul. Broniewskiego 35, 33, 31, 29, 27 ul. Broniewskiego 25, 22, 20, 18 Wtorek 09.01. 2018 r. od 16.00 ul. Broniewskiego 23, 21, 19, 17 ul. Broniewskiego [&hellip;]<\/p>\n","protected":false},"author":1,"featured_media":2620,"comment_status":"closed","ping_status":"closed","sticky":false,"template":"","format":"standard","meta":{"ngg_post_thumbnail":0,"footnotes":""},"categories":[11,8,6],"tags":[],"class_list":["post-3041","post","type-post","status-publish","format-standard","has-post-thumbnail","hentry","category-aktualnosci","category-blog","category-wizyta-duszpasterska"],"_links":{"self":[{"href":"https:\/\/rafalk-elblag.pl\/index.php?rest_route=\/wp\/v2\/posts\/3041","targetHints":{"allow":["GET"]}}],"collection":[{"href":"https:\/\/rafalk-elblag.pl\/index.php?rest_route=\/wp\/v2\/posts"}],"about":[{"href":"https:\/\/rafalk-elblag.pl\/index.php?rest_route=\/wp\/v2\/types\/post"}],"author":[{"embeddable":true,"href":"https:\/\/rafalk-elblag.pl\/index.php?rest_route=\/wp\/v2\/users\/1"}],"replies":[{"embeddable":true,"href":"https:\/\/rafalk-elblag.pl\/index.php?rest_route=%2Fwp%2Fv2%2Fcomments&post=3041"}],"version-history":[{"count":1,"href":"https:\/\/rafalk-elblag.pl\/index.php?rest_route=\/wp\/v2\/posts\/3041\/revisions"}],"predecessor-version":[{"id":3042,"href":"https:\/\/rafalk-elblag.pl\/index.php?rest_route=\/wp\/v2\/posts\/3041\/revisions\/3042"}],"wp:featuredmedia":[{"embeddable":true,"href":"https:\/\/rafalk-elblag.pl\/index.php?rest_route=\/wp\/v2\/media\/2620"}],"wp:attachment":[{"href":"https:\/\/rafalk-elblag.pl\/index.php?rest_route=%2Fwp%2Fv2%2Fmedia&parent=3041"}],"wp:term":[{"taxonomy":"category","embeddable":true,"href":"https:\/\/rafalk-elblag.pl\/index.php?rest_route=%2Fwp%2Fv2%2Fcategories&post=3041"},{"taxonomy":"post_tag","embeddable":true,"href":"https:\/\/rafalk-elblag.pl\/index.php?rest_route=%2Fwp%2Fv2%2Ftags&post=3041"}],"curies":[{"name":"wp","href":"https:\/\/api.w.org\/{rel}","templated":true}]}}