{"id":3037,"date":"2018-01-06T21:31:06","date_gmt":"2018-01-06T21:31:06","guid":{"rendered":"http:\/\/rafalk-elblag.pl\/?p=3037"},"modified":"2018-01-06T21:31:06","modified_gmt":"2018-01-06T21:31:06","slug":"ogloszenia-parafialne-7-01-2018-r-niedziela-chrztu-panskiego","status":"publish","type":"post","link":"https:\/\/rafalk-elblag.pl\/?p=3037","title":{"rendered":"OG\u0141OSZENIA PARAFIALNE 7.01.2018 R. \u2013 NIEDZIELA CHRZTU PA\u0143SKIEGO"},"content":{"rendered":"<p><a href=\"http:\/\/rafalk-elblag.pl\/wp-content\/uploads\/2016\/12\/pulpit.jpg\"><img loading=\"lazy\" decoding=\"async\" class=\"alignnone size-large wp-image-2530\" src=\"http:\/\/rafalk-elblag.pl\/wp-content\/uploads\/2016\/12\/pulpit-1024x682.jpg\" alt=\"\" width=\"900\" height=\"599\" srcset=\"https:\/\/rafalk-elblag.pl\/wp-content\/uploads\/2016\/12\/pulpit-1024x682.jpg 1024w, https:\/\/rafalk-elblag.pl\/wp-content\/uploads\/2016\/12\/pulpit-300x200.jpg 300w, https:\/\/rafalk-elblag.pl\/wp-content\/uploads\/2016\/12\/pulpit-768x512.jpg 768w, https:\/\/rafalk-elblag.pl\/wp-content\/uploads\/2016\/12\/pulpit.jpg 1698w\" sizes=\"auto, (max-width: 900px) 100vw, 900px\" \/><\/a><\/p>\n<p>&nbsp;<\/p>\n<p>1. Zapraszamy dzisiaj na comiesi\u0119czn\u0105 Adoracj\u0119 Naj\u015bwi\u0119tszego Sakramentu od godz. 16.00 do 18.00. <em>Przyjd\u017a i oddaj Panu Bogu rozpocz\u0119ty Nowy Rok 2018. <\/em><\/p>\n<p>&nbsp;<\/p>\n<p>2. Niedziela Chrztu Pa\u0144skiego ko\u0144czy okres Bo\u017cego Narodzenia a rozpoczyna Okres Zwyk\u0142y. Trwaj\u0105c w tradycji Ko\u015bcio\u0142a jeszcze do 2 lutego \u015bpiewamy kol\u0119dy.<\/p>\n<p>&nbsp;<\/p>\n<p>3. Ofiary sk\u0142adane dzisiaj na tac\u0119 przeznaczone s\u0105 na op\u0142acenie rachunku za ogrzewanie ko\u015bcio\u0142a. <em>Dzi\u0119kuj\u0119 za zrozumienie.<\/em><\/p>\n<p>&nbsp;<\/p>\n<p>4. Jutro (poniedzia\u0142ek 8 stycznia br.) o godz. 19.00 w ko\u015bciele spotkanie rodzic\u00f3w dzieci przygotowuj\u0105cych si\u0119 do I Komunii \u015bw. Obecno\u015b\u0107 obowi\u0105zkowa. <em>Prosimy rodzic\u00f3w o zabranie ze sob\u0105 ksi\u0105\u017ceczki dziecka.&nbsp; <\/em><\/p>\n<p>&nbsp;<\/p>\n<p>5. Trwa Wizyta duszpasterska w parafii (program znajdziemy w biuletynie). Dzi\u0119kujemy za sk\u0142adane przy tej okazji ofiary na &nbsp;nowe \u0142awki do naszego Ko\u015bcio\u0142a.<strong> W trakcje kol\u0119dy codziennie o godz. 8.00 sprawowana jest Msza \u015bw. za rodziny, do kt\u00f3rych udamy si\u0119 z Wizyt\u0105 Duszpastersk\u0105. Tym bardziej zach\u0119camy osoby dysponuj\u0105ce czasem do wsp\u00f3lnej modlitwy.<\/strong><\/p>\n<p>&nbsp;<\/p>\n<p>6. Scholka parafialna \u201eRAFAEL\u201d oraz Zesp\u00f3\u0142 M\u0142odzie\u017cowy zapraszaj\u0105 do wsp\u00f3lnego kol\u0119dowania wszystkich parafian, przyjaci\u00f3\u0142, dzieci, doros\u0142ych oraz rodzic\u00f3w i dzieci przygotowuj\u0105cych si\u0119 do I Komunii \u015awi\u0119tej; 21 stycznia (niedziela), o godz. 16.15, do naszego Ko\u015bcio\u0142a. PRZYJD\u0179 I W\u0141\u0104CZ SI\u0118 WE WSP\u00d3LNY \u015aPIEW KOL\u0118D.<\/p>\n<p>&nbsp;<\/p>\n<p>7. Wsp\u00f3lnota Domowego Ko\u015bcio\u0142a zaprasza wszystkich cz\u0142onk\u00f3w na Rejonowe Spotkanie Op\u0142atkowe, kt\u00f3re odb\u0119dzie si\u0119 w niedziel\u0119 14 stycznia w parafii \u015bw. Paw\u0142a (ul. Obro\u0144c\u00f3w Pokoju 10). Rozpocznie si\u0119 ono Eucharysti\u0105 o godz. 14:30, a po niej agapa w Sali na plebanii.<\/p>\n<p><strong>&nbsp;<\/strong><\/p>\n<p><strong>8. PIELGRZYMKA W 2018r. !!!<\/strong> Parafia organizuje samolotow\u0105 pielgrzymk\u0119 do Francji w dniach 21 \u2013 28 wrze\u015bnia 2018 roku. <strong><em>Zobaczymy takie miejsca jak: La Salette, Lourdes, zamki nad Loar\u0105, Paray \u2013 Le &#8211; Monial oraz Ars. <\/em><\/strong>Koszt 3490 z\u0142. plus 110 euro. <em>Zapisy u ks. Proboszcza do 21 stycznia 2018 r. Wpisowe 1000 z\u0142. Pomy\u015bl i zaplanuj ju\u017c dzi\u015b Tw\u00f3j wyjazd do tak wa\u017cnych i cudownych miejsc.<\/em><\/p>\n<p>&nbsp;<\/p>\n<p>9. Nowa propozycja wyjazdu do <strong>\u201ePO\u0141UDNIOWYCH W\u0141OCH\u201d w dniach 23 czerwca do 4 lipca 2018 r. <\/strong>Organizowana&nbsp; wycieczka autokarowa ma na trasie takie miejscowo\u015bci jak: <em>Asy\u017c, Orvieto, Rzym, Watykan, Monte Cassino, Neapol, Capri, Pompeje, Vezuviusz, Matera, Alberobello, Bari, posiad\u0142o\u015b\u0107 Al. Bano i San Giovanni Rotondo. <\/em>Szczeg\u00f3\u0142y, program, zapisy: tel. 516&nbsp;078&nbsp;840, e-mail alina@gmail.com \u2013 do 31 stycznia 2018 roku.<\/p>\n<p>&nbsp;<\/p>\n<p>10. Zach\u0119camy do zamawiania Mszy \u015aw. dzi\u0119kczynnych (rodzinnych) za miniony rok z pro\u015bb\u0105 o dalsz\u0105 opiek\u0119 i Bo\u017ce b\u0142ogos\u0142awie\u0144stwo w <strong>Nowym Roku.<\/strong><\/p>\n<p>&nbsp;<\/p>\n<p>11. Przed ko\u015bcio\u0142em mo\u017cna naby\u0107 pras\u0119 katolick\u0105: <em>\u201eGo\u015b\u0107 Niedzielny\u201d<\/em> w cenie 5 z\u0142.<\/p>\n<p><strong>&nbsp;<\/strong><\/p>\n<p><strong>12. Kancelaria Parafialna w trakcie trwania kol\u0119dy czynna tylko w sobot\u0119 od godz. 10.30 do 12.00. Zapraszamy.<\/strong><\/p>\n<p>&nbsp;<\/p>\n<p>&nbsp;<\/p>\n","protected":false},"excerpt":{"rendered":"<p>&nbsp; 1. Zapraszamy dzisiaj na comiesi\u0119czn\u0105 Adoracj\u0119 Naj\u015bwi\u0119tszego Sakramentu od godz. 16.00 do 18.00. Przyjd\u017a i oddaj Panu Bogu rozpocz\u0119ty Nowy Rok 2018. &nbsp; 2. Niedziela Chrztu Pa\u0144skiego ko\u0144czy okres Bo\u017cego Narodzenia a rozpoczyna Okres Zwyk\u0142y. Trwaj\u0105c w tradycji Ko\u015bcio\u0142a jeszcze do 2 lutego \u015bpiewamy kol\u0119dy. &nbsp; 3. Ofiary sk\u0142adane dzisiaj na tac\u0119 przeznaczone s\u0105 [&hellip;]<\/p>\n","protected":false},"author":1,"featured_media":2530,"comment_status":"closed","ping_status":"closed","sticky":false,"template":"","format":"standard","meta":{"ngg_post_thumbnail":0,"footnotes":""},"categories":[11,8,3],"tags":[],"class_list":["post-3037","post","type-post","status-publish","format-standard","has-post-thumbnail","hentry","category-aktualnosci","category-blog","category-ogloszenia"],"_links":{"self":[{"href":"https:\/\/rafalk-elblag.pl\/index.php?rest_route=\/wp\/v2\/posts\/3037","targetHints":{"allow":["GET"]}}],"collection":[{"href":"https:\/\/rafalk-elblag.pl\/index.php?rest_route=\/wp\/v2\/posts"}],"about":[{"href":"https:\/\/rafalk-elblag.pl\/index.php?rest_route=\/wp\/v2\/types\/post"}],"author":[{"embeddable":true,"href":"https:\/\/rafalk-elblag.pl\/index.php?rest_route=\/wp\/v2\/users\/1"}],"replies":[{"embeddable":true,"href":"https:\/\/rafalk-elblag.pl\/index.php?rest_route=%2Fwp%2Fv2%2Fcomments&post=3037"}],"version-history":[{"count":1,"href":"https:\/\/rafalk-elblag.pl\/index.php?rest_route=\/wp\/v2\/posts\/3037\/revisions"}],"predecessor-version":[{"id":3038,"href":"https:\/\/rafalk-elblag.pl\/index.php?rest_route=\/wp\/v2\/posts\/3037\/revisions\/3038"}],"wp:featuredmedia":[{"embeddable":true,"href":"https:\/\/rafalk-elblag.pl\/index.php?rest_route=\/wp\/v2\/media\/2530"}],"wp:attachment":[{"href":"https:\/\/rafalk-elblag.pl\/index.php?rest_route=%2Fwp%2Fv2%2Fmedia&parent=3037"}],"wp:term":[{"taxonomy":"category","embeddable":true,"href":"https:\/\/rafalk-elblag.pl\/index.php?rest_route=%2Fwp%2Fv2%2Fcategories&post=3037"},{"taxonomy":"post_tag","embeddable":true,"href":"https:\/\/rafalk-elblag.pl\/index.php?rest_route=%2Fwp%2Fv2%2Ftags&post=3037"}],"curies":[{"name":"wp","href":"https:\/\/api.w.org\/{rel}","templated":true}]}}