{"id":3035,"date":"2018-01-06T21:26:31","date_gmt":"2018-01-06T21:26:31","guid":{"rendered":"http:\/\/rafalk-elblag.pl\/?p=3035"},"modified":"2018-01-06T21:26:31","modified_gmt":"2018-01-06T21:26:31","slug":"intencje-mszalne-na-i-tydzien-okresu-zwyklego-8-14-01-2018","status":"publish","type":"post","link":"https:\/\/rafalk-elblag.pl\/?p=3035","title":{"rendered":"INTENCJE MSZALNE NA I TYDZIE\u0143 OKRESU ZWYK\u0141EGO (8-14.01.2018)"},"content":{"rendered":"<p><a href=\"http:\/\/rafalk-elblag.pl\/wp-content\/uploads\/2016\/12\/shutterstock_49643152-1000.jpg\"><img loading=\"lazy\" decoding=\"async\" class=\"alignnone size-full wp-image-2526\" src=\"http:\/\/rafalk-elblag.pl\/wp-content\/uploads\/2016\/12\/shutterstock_49643152-1000.jpg\" alt=\"\" width=\"1000\" height=\"665\" srcset=\"https:\/\/rafalk-elblag.pl\/wp-content\/uploads\/2016\/12\/shutterstock_49643152-1000.jpg 1000w, https:\/\/rafalk-elblag.pl\/wp-content\/uploads\/2016\/12\/shutterstock_49643152-1000-300x200.jpg 300w, https:\/\/rafalk-elblag.pl\/wp-content\/uploads\/2016\/12\/shutterstock_49643152-1000-768x511.jpg 768w\" sizes=\"auto, (max-width: 1000px) 100vw, 1000px\" \/><\/a><\/p>\n<p>&nbsp;<\/p>\n<table width=\"726\">\n<tbody>\n<tr>\n<td colspan=\"2\" width=\"593\"><strong>8 stycznia&nbsp;&nbsp; PONIEDZIA\u0141EK<\/strong><\/td>\n<td width=\"133\"><strong><em>Mk 1, 14-20<\/em><\/strong><\/td>\n<\/tr>\n<tr>\n<td width=\"87\"><strong>8:00<\/strong><\/td>\n<td colspan=\"2\" width=\"639\"><strong>Za rodziny z kol\u0119dy<\/strong><\/td>\n<\/tr>\n<tr>\n<td width=\"87\">8:00<\/td>\n<td colspan=\"2\" width=\"639\">\u015ap. Eugeniusz Dembi\u0144ski 8 greg.<\/td>\n<\/tr>\n<tr>\n<td width=\"87\">8:00<\/td>\n<td colspan=\"2\" width=\"639\"><em>intencja wolna<\/em><\/td>\n<\/tr>\n<tr>\n<td width=\"87\">18:00<\/td>\n<td colspan=\"2\" width=\"639\"><em>intencja wolna<\/em><\/td>\n<\/tr>\n<tr>\n<td width=\"87\"><strong>19:00<\/strong><\/td>\n<td colspan=\"2\" width=\"639\"><strong>Nauka dla rodzic\u00f3w klas III [przygotowuj\u0105cych si\u0119 do I Komunii \u015awi\u0119tej]<\/strong><\/td>\n<\/tr>\n<\/tbody>\n<\/table>\n<p>&nbsp;<\/p>\n<table width=\"726\">\n<tbody>\n<tr>\n<td colspan=\"2\" width=\"593\"><strong>9 stycznia&nbsp;&nbsp; <\/strong><strong>WTOREK<\/strong><\/td>\n<td width=\"133\"><strong><em>Mk 1, 21-28<\/em><\/strong><\/td>\n<\/tr>\n<tr>\n<td width=\"87\"><strong>8:00<\/strong><\/td>\n<td colspan=\"2\" width=\"639\"><strong>Za rodziny z kol\u0119dy<\/strong><\/td>\n<\/tr>\n<tr>\n<td width=\"87\">8:00<\/td>\n<td colspan=\"2\" width=\"639\"><em>intencja wolna<\/em><\/td>\n<\/tr>\n<tr>\n<td width=\"87\">8:00<\/td>\n<td colspan=\"2\" width=\"639\"><em>intencja wolna<\/em><\/td>\n<\/tr>\n<tr>\n<td width=\"87\">18:00<\/td>\n<td colspan=\"2\" width=\"639\">\u015ap. Eugeniusz Dembi\u0144ski 9 greg.<\/td>\n<\/tr>\n<\/tbody>\n<\/table>\n<p>&nbsp;<\/p>\n<table width=\"726\">\n<tbody>\n<tr>\n<td colspan=\"2\" width=\"593\"><strong>10 stycznia&nbsp;&nbsp; \u015aRODA<\/strong><\/td>\n<td width=\"133\"><strong><em>Mk 1, 29-39<\/em><\/strong><\/td>\n<\/tr>\n<tr>\n<td width=\"87\"><strong>8:00<\/strong><\/td>\n<td colspan=\"2\" width=\"639\"><strong>Za rodziny z kol\u0119dy<\/strong><\/td>\n<\/tr>\n<tr>\n<td width=\"87\">8:00<\/td>\n<td colspan=\"2\" width=\"639\">\u015ap. Eugeniusz Dembi\u0144ski 10 greg.<\/td>\n<\/tr>\n<tr>\n<td width=\"87\">8:00<\/td>\n<td colspan=\"2\" width=\"639\"><em>intencja wolna<\/em><\/td>\n<\/tr>\n<tr>\n<td width=\"87\">17:30<\/td>\n<td colspan=\"2\" width=\"639\"><em>Nabo\u017ce\u0144stwo do Matki Bo\u017cej Nieustaj\u0105cej Pomocy<\/em><\/td>\n<\/tr>\n<tr>\n<td width=\"87\">18:00<\/td>\n<td colspan=\"2\" width=\"639\">W intencjach czcicieli Matki Bo\u017cej Nieustaj\u0105cej Pomocy<\/td>\n<\/tr>\n<\/tbody>\n<\/table>\n<p>&nbsp;<\/p>\n<table width=\"726\">\n<tbody>\n<tr>\n<td colspan=\"2\" width=\"593\"><strong>11 stycznia&nbsp;&nbsp; CZWARTEK<\/strong><\/td>\n<td width=\"133\"><strong><em>Mk 1, 40-45<\/em><\/strong><\/td>\n<\/tr>\n<tr>\n<td width=\"87\"><strong>8:00<\/strong><\/td>\n<td colspan=\"2\" width=\"639\"><strong>Za rodziny z kol\u0119dy<\/strong><\/td>\n<\/tr>\n<tr>\n<td width=\"87\">8:00<\/td>\n<td colspan=\"2\" width=\"639\">\u015ap. Eugeniusz Dembi\u0144ski 11 greg.<\/td>\n<\/tr>\n<tr>\n<td width=\"87\">8:00<\/td>\n<td colspan=\"2\" width=\"639\"><em>intencja wolna<\/em><\/td>\n<\/tr>\n<tr>\n<td width=\"87\">18:00<\/td>\n<td colspan=\"2\" width=\"639\">\u015ap. kochani rodzice: Anna i J\u00f3zef Pluta oraz Marian i Wanda Sulentowie<\/td>\n<\/tr>\n<\/tbody>\n<\/table>\n<p>&nbsp;<\/p>\n<table width=\"726\">\n<tbody>\n<tr>\n<td colspan=\"2\" width=\"593\"><strong>12 stycznia&nbsp;&nbsp; PI\u0104TEK<\/strong><\/td>\n<td width=\"133\"><strong><em>Mk 2, 1-12<\/em><\/strong><\/td>\n<\/tr>\n<tr>\n<td width=\"87\"><strong>8:00<\/strong><\/td>\n<td colspan=\"2\" width=\"639\"><strong>Za rodziny z kol\u0119dy<\/strong><\/td>\n<\/tr>\n<tr>\n<td width=\"87\">8:00<\/td>\n<td colspan=\"2\" width=\"639\">O Bo\u017ce b\u0142ogos\u0142awie\u0144stwo, dary Ducha \u015awi\u0119tego i opiek\u0119 Matki Bo\u017cej dla ks. Arkadiusza Grabowskiego z okazji imienin \u2013 intencja od Margaretki<\/td>\n<\/tr>\n<tr>\n<td width=\"87\">8:00<\/td>\n<td colspan=\"2\" width=\"639\"><em>intencja wolna<\/em><\/td>\n<\/tr>\n<tr>\n<td width=\"87\">18:00<\/td>\n<td colspan=\"2\" width=\"639\">\u015ap. Eugeniusz Dembi\u0144ski 12 greg.<\/td>\n<\/tr>\n<\/tbody>\n<\/table>\n<p>&nbsp;<\/p>\n<table width=\"726\">\n<tbody>\n<tr>\n<td colspan=\"2\" width=\"593\"><strong>13 stycznia&nbsp;&nbsp; SOBOTA<\/strong><\/td>\n<td width=\"133\"><strong><em>Mk 2, 13-17<\/em><\/strong><\/td>\n<\/tr>\n<tr>\n<td width=\"87\"><strong>8:00<\/strong><\/td>\n<td colspan=\"2\" width=\"639\"><strong>Za rodziny z kol\u0119dy<\/strong><\/td>\n<\/tr>\n<tr>\n<td width=\"87\">8:00<\/td>\n<td colspan=\"2\" width=\"639\">\u015ap. Eugeniusz Dembi\u0144ski 13 greg.<\/td>\n<\/tr>\n<tr>\n<td width=\"87\">8:00<\/td>\n<td colspan=\"2\" width=\"639\">\u015ap. Stanis\u0142aw Palkowski i \u015bp. Antoni Mendalka<\/td>\n<\/tr>\n<tr>\n<td width=\"87\">18:00<\/td>\n<td colspan=\"2\" width=\"639\">\u015ap. Jerzy Rutkowski w 25 rocz. \u015bmierci, \u015bp. Adam Rutkowski i zmarli rodzice z obojga stron<\/td>\n<\/tr>\n<\/tbody>\n<\/table>\n<p>&nbsp;<\/p>\n<table width=\"726\">\n<tbody>\n<tr>\n<td colspan=\"2\" width=\"593\"><strong>14 stycznia&nbsp;&nbsp; II NIEDZIELA ZWYK\u0141A<\/strong><\/td>\n<td width=\"133\"><strong><em>J 1, 35-42<\/em><\/strong><\/td>\n<\/tr>\n<tr>\n<td width=\"87\">7:00<\/td>\n<td colspan=\"2\" width=\"639\">\u015ap. Eugeniusz Dembi\u0144ski 14 greg.<\/td>\n<\/tr>\n<tr>\n<td width=\"87\">9:00<\/td>\n<td colspan=\"2\" width=\"639\">O Bo\u017ce b\u0142ogos\u0142awie\u0144stwo i opiek\u0119 Matki Boskiej w ca\u0142ym 2018 r. dla Nikodema i jego rodziny, Agnieszki i ca\u0142ej rodziny zakonnej oraz Magdy<br \/>\ni jej bliskich<\/td>\n<\/tr>\n<tr>\n<td width=\"87\">9:00<\/td>\n<td colspan=\"2\" width=\"639\">\u015ap. Irena i Henryk Jasi\u0144scy, \u015bp. Melania i Stanis\u0142aw Kara\u017aniewicz<\/td>\n<\/tr>\n<tr>\n<td width=\"87\">10:30<\/td>\n<td colspan=\"2\" width=\"639\">\u015ap. J\u00f3zef Gawerski w 1 rocz. \u015bmierci<\/td>\n<\/tr>\n<tr>\n<td width=\"87\"><strong>12:00<\/strong><\/td>\n<td colspan=\"2\" width=\"639\"><strong>Za parafian<\/strong><\/td>\n<\/tr>\n<tr>\n<td width=\"87\">15:00<\/td>\n<td colspan=\"2\" width=\"639\">\u015ap. Stanis\u0142aw i Genowefa Olewnik, \u015bp. Stanis\u0142aw i Czes\u0142awa (k) Kowalscy, \u015bp. Helena Wydymus, \u015bp. Wanda Grad<\/td>\n<\/tr>\n<tr>\n<td width=\"87\">18:00<\/td>\n<td colspan=\"2\" width=\"639\">Dzi\u0119kczynna za otrzymane \u0142aski z pro\u015bb\u0105 o Bo\u017ce b\u0142ogos\u0142awie\u0144stwo<br \/>\ni opiek\u0119 Matki Bo\u017cej dla rodzin Jankowskich i Grabowskich<\/td>\n<\/tr>\n<\/tbody>\n<\/table>\n<p>&nbsp;<\/p>\n<p>&nbsp;<\/p>\n","protected":false},"excerpt":{"rendered":"<p>&nbsp; 8 stycznia&nbsp;&nbsp; PONIEDZIA\u0141EK Mk 1, 14-20 8:00 Za rodziny z kol\u0119dy 8:00 \u015ap. Eugeniusz Dembi\u0144ski 8 greg. 8:00 intencja wolna 18:00 intencja wolna 19:00 Nauka dla rodzic\u00f3w klas III [przygotowuj\u0105cych si\u0119 do I Komunii \u015awi\u0119tej] &nbsp; 9 stycznia&nbsp;&nbsp; WTOREK Mk 1, 21-28 8:00 Za rodziny z kol\u0119dy 8:00 intencja wolna 8:00 intencja wolna 18:00 [&hellip;]<\/p>\n","protected":false},"author":1,"featured_media":2526,"comment_status":"closed","ping_status":"closed","sticky":false,"template":"","format":"standard","meta":{"ngg_post_thumbnail":0,"footnotes":""},"categories":[11,8,4],"tags":[],"class_list":["post-3035","post","type-post","status-publish","format-standard","has-post-thumbnail","hentry","category-aktualnosci","category-blog","category-intencje"],"_links":{"self":[{"href":"https:\/\/rafalk-elblag.pl\/index.php?rest_route=\/wp\/v2\/posts\/3035","targetHints":{"allow":["GET"]}}],"collection":[{"href":"https:\/\/rafalk-elblag.pl\/index.php?rest_route=\/wp\/v2\/posts"}],"about":[{"href":"https:\/\/rafalk-elblag.pl\/index.php?rest_route=\/wp\/v2\/types\/post"}],"author":[{"embeddable":true,"href":"https:\/\/rafalk-elblag.pl\/index.php?rest_route=\/wp\/v2\/users\/1"}],"replies":[{"embeddable":true,"href":"https:\/\/rafalk-elblag.pl\/index.php?rest_route=%2Fwp%2Fv2%2Fcomments&post=3035"}],"version-history":[{"count":1,"href":"https:\/\/rafalk-elblag.pl\/index.php?rest_route=\/wp\/v2\/posts\/3035\/revisions"}],"predecessor-version":[{"id":3036,"href":"https:\/\/rafalk-elblag.pl\/index.php?rest_route=\/wp\/v2\/posts\/3035\/revisions\/3036"}],"wp:featuredmedia":[{"embeddable":true,"href":"https:\/\/rafalk-elblag.pl\/index.php?rest_route=\/wp\/v2\/media\/2526"}],"wp:attachment":[{"href":"https:\/\/rafalk-elblag.pl\/index.php?rest_route=%2Fwp%2Fv2%2Fmedia&parent=3035"}],"wp:term":[{"taxonomy":"category","embeddable":true,"href":"https:\/\/rafalk-elblag.pl\/index.php?rest_route=%2Fwp%2Fv2%2Fcategories&post=3035"},{"taxonomy":"post_tag","embeddable":true,"href":"https:\/\/rafalk-elblag.pl\/index.php?rest_route=%2Fwp%2Fv2%2Ftags&post=3035"}],"curies":[{"name":"wp","href":"https:\/\/api.w.org\/{rel}","templated":true}]}}