{"id":3032,"date":"2018-01-03T22:42:41","date_gmt":"2018-01-03T22:42:41","guid":{"rendered":"http:\/\/rafalk-elblag.pl\/?p=3032"},"modified":"2018-01-03T22:42:41","modified_gmt":"2018-01-03T22:42:41","slug":"program-wizyty-duszpasterskiej-koledy-2-5-01-2017-r","status":"publish","type":"post","link":"https:\/\/rafalk-elblag.pl\/?p=3032","title":{"rendered":"PROGRAM WIZYTY DUSZPASTERSKIEJ &#8211; KOL\u0118DY (2-5.01.2017 R.)"},"content":{"rendered":"<p><a href=\"http:\/\/rafalk-elblag.pl\/wp-content\/uploads\/2016\/12\/Wizyta-duszpasterska-01.jpg\"><img loading=\"lazy\" decoding=\"async\" class=\"alignnone size-full wp-image-2620\" src=\"http:\/\/rafalk-elblag.pl\/wp-content\/uploads\/2016\/12\/Wizyta-duszpasterska-01.jpg\" alt=\"\" width=\"882\" height=\"582\" srcset=\"https:\/\/rafalk-elblag.pl\/wp-content\/uploads\/2016\/12\/Wizyta-duszpasterska-01.jpg 882w, https:\/\/rafalk-elblag.pl\/wp-content\/uploads\/2016\/12\/Wizyta-duszpasterska-01-300x198.jpg 300w, https:\/\/rafalk-elblag.pl\/wp-content\/uploads\/2016\/12\/Wizyta-duszpasterska-01-768x507.jpg 768w\" sizes=\"auto, (max-width: 882px) 100vw, 882px\" \/><\/a><\/p>\n<p>&nbsp;<\/p>\n<p>&nbsp;<\/p>\n<table>\n<tbody>\n<tr>\n<td width=\"221\">Wtorek<\/p>\n<p>02.01. 2018 r. od 16.00<\/td>\n<td width=\"353\">ul. Korczaka 20, 19, 18, 17<\/p>\n<p>ul. Korczaka 24, 23, 22, 21<\/td>\n<\/tr>\n<tr>\n<td width=\"221\">\u015aroda<\/p>\n<p>03.01. 2018 r. od 16.00<\/td>\n<td width=\"353\">ul. Korczaka 28, 27, 26, 25<\/p>\n<p>ul. Korczaka 33, 32, 31, 30<\/p>\n<p>ul. Brzechwy 36, 35, 34, 33, 32<\/td>\n<\/tr>\n<tr>\n<td width=\"221\">Czwartek<\/p>\n<p>04.01.2018 r. od 16.00<\/td>\n<td width=\"353\">ul. Brzechwy 31, 30, 29, 28, 27<\/p>\n<p>ul. Brzechwy 26, 25, 24, 23, 22<\/p>\n<p>ul. Brzechwy 21, 20, 19, 18<\/td>\n<\/tr>\n<tr>\n<td width=\"221\">Pi\u0105tek<\/p>\n<p>05.01.2018 r. od 16.00<\/td>\n<td width=\"353\">ul. Brzechwy 17, 16, 15, 14<\/p>\n<p>ul. Brzechwy 13, 12, 11, 10<\/p>\n<p>ul. Brzechwy&nbsp; 9, 8, 7, 6<\/td>\n<\/tr>\n<\/tbody>\n<\/table>\n<p><strong>&nbsp;<\/strong><\/p>\n<p><strong>Prosimy o przygotowanie si\u0119 do wizyty duszpasterskiej:<\/strong><\/p>\n<ul>\n<li>Obecna ca\u0142a rodzina<\/li>\n<li>Dzieci i m\u0142odzie\u017c przygotowuj\u0105 zeszyty do religii, ksi\u0105\u017ceczki potwierdzaj\u0105ce udzia\u0142 we Mszy \u015bw. niedzielnej oraz do Sakramentu Bierzmowania<\/li>\n<li>Bia\u0142y obrus, Pismo \u015awi\u0119te, Krzy\u017c, \u015bwiecznik, woda \u015bwi\u0119cona i kropid\u0142o<\/li>\n<li>Tematem tegorocznej kol\u0119dy jest <strong>25-lecie powstania naszej parafii: 1993 \u2013 2018 <\/strong>o kt\u00f3rym b\u0119dzie przypomina\u0142 baner umieszczony przy ko\u015bciele.<\/li>\n<li><strong>UWAGA !!!<\/strong> Kol\u0119dy od poniedzia\u0142ku do pi\u0105tku rozpoczynamy od godz. 16;00. Natomiast w soboty od godz. 15:00.<\/li>\n<\/ul>\n<p>&nbsp;<\/p>\n","protected":false},"excerpt":{"rendered":"<p>&nbsp; &nbsp; Wtorek 02.01. 2018 r. od 16.00 ul. Korczaka 20, 19, 18, 17 ul. Korczaka 24, 23, 22, 21 \u015aroda 03.01. 2018 r. od 16.00 ul. Korczaka 28, 27, 26, 25 ul. Korczaka 33, 32, 31, 30 ul. Brzechwy 36, 35, 34, 33, 32 Czwartek 04.01.2018 r. od 16.00 ul. Brzechwy 31, 30, 29, [&hellip;]<\/p>\n","protected":false},"author":1,"featured_media":2620,"comment_status":"closed","ping_status":"closed","sticky":false,"template":"","format":"standard","meta":{"ngg_post_thumbnail":0,"footnotes":""},"categories":[11,8,6],"tags":[],"class_list":["post-3032","post","type-post","status-publish","format-standard","has-post-thumbnail","hentry","category-aktualnosci","category-blog","category-wizyta-duszpasterska"],"_links":{"self":[{"href":"https:\/\/rafalk-elblag.pl\/index.php?rest_route=\/wp\/v2\/posts\/3032","targetHints":{"allow":["GET"]}}],"collection":[{"href":"https:\/\/rafalk-elblag.pl\/index.php?rest_route=\/wp\/v2\/posts"}],"about":[{"href":"https:\/\/rafalk-elblag.pl\/index.php?rest_route=\/wp\/v2\/types\/post"}],"author":[{"embeddable":true,"href":"https:\/\/rafalk-elblag.pl\/index.php?rest_route=\/wp\/v2\/users\/1"}],"replies":[{"embeddable":true,"href":"https:\/\/rafalk-elblag.pl\/index.php?rest_route=%2Fwp%2Fv2%2Fcomments&post=3032"}],"version-history":[{"count":1,"href":"https:\/\/rafalk-elblag.pl\/index.php?rest_route=\/wp\/v2\/posts\/3032\/revisions"}],"predecessor-version":[{"id":3033,"href":"https:\/\/rafalk-elblag.pl\/index.php?rest_route=\/wp\/v2\/posts\/3032\/revisions\/3033"}],"wp:featuredmedia":[{"embeddable":true,"href":"https:\/\/rafalk-elblag.pl\/index.php?rest_route=\/wp\/v2\/media\/2620"}],"wp:attachment":[{"href":"https:\/\/rafalk-elblag.pl\/index.php?rest_route=%2Fwp%2Fv2%2Fmedia&parent=3032"}],"wp:term":[{"taxonomy":"category","embeddable":true,"href":"https:\/\/rafalk-elblag.pl\/index.php?rest_route=%2Fwp%2Fv2%2Fcategories&post=3032"},{"taxonomy":"post_tag","embeddable":true,"href":"https:\/\/rafalk-elblag.pl\/index.php?rest_route=%2Fwp%2Fv2%2Ftags&post=3032"}],"curies":[{"name":"wp","href":"https:\/\/api.w.org\/{rel}","templated":true}]}}