{"id":3030,"date":"2018-01-03T22:40:15","date_gmt":"2018-01-03T22:40:15","guid":{"rendered":"http:\/\/rafalk-elblag.pl\/?p=3030"},"modified":"2018-01-03T22:40:15","modified_gmt":"2018-01-03T22:40:15","slug":"ogloszenia-parafialne-31-12-2017-r-niedziela-swietej-rodziny","status":"publish","type":"post","link":"https:\/\/rafalk-elblag.pl\/?p=3030","title":{"rendered":"OG\u0141OSZENIA PARAFIALNE 31.12.2017 R. &#8211; NIEDZIELA \u015aWI\u0118TEJ RODZINY"},"content":{"rendered":"<p><a href=\"http:\/\/rafalk-elblag.pl\/wp-content\/uploads\/2016\/12\/pulpit.jpg\"><img loading=\"lazy\" decoding=\"async\" class=\"alignnone size-large wp-image-2530\" src=\"http:\/\/rafalk-elblag.pl\/wp-content\/uploads\/2016\/12\/pulpit-1024x682.jpg\" alt=\"\" width=\"900\" height=\"599\" srcset=\"https:\/\/rafalk-elblag.pl\/wp-content\/uploads\/2016\/12\/pulpit-1024x682.jpg 1024w, https:\/\/rafalk-elblag.pl\/wp-content\/uploads\/2016\/12\/pulpit-300x200.jpg 300w, https:\/\/rafalk-elblag.pl\/wp-content\/uploads\/2016\/12\/pulpit-768x512.jpg 768w, https:\/\/rafalk-elblag.pl\/wp-content\/uploads\/2016\/12\/pulpit.jpg 1698w\" sizes=\"auto, (max-width: 900px) 100vw, 900px\" \/><\/a><\/p>\n<p>&nbsp;<\/p>\n<p><strong>1. Parafian, kt\u00f3rzy pragn\u0105 podzi\u0119kowa\u0107 za miniony rok, zapraszamy dzisiaj na nabo\u017ce\u0144stwo dzi\u0119kczynno-przeb\u0142agalne po Mszy \u015bw. o godz. 18.00 zako\u0144czone&nbsp;<\/strong><strong>b\u0142ogos\u0142awie\u0144stwem Naj\u015bwi\u0119tszym Sakramentem.<\/strong><\/p>\n<p>&nbsp;<\/p>\n<p>2. Za tydzie\u0144 comiesi\u0119czna Adoracja Naj\u015bwi\u0119tszego Sakramentu od godz. 16.00 do 18.00. <em>Przyjd\u017a i oddaj Panu Bogu rozpocz\u0119ty Nowy Rok. <\/em><\/p>\n<p>&nbsp;<\/p>\n<p><strong>3. Jutro w Nowy Rok<\/strong> Ko\u015bci\u00f3\u0142 obchodzi Uroczysto\u015b\u0107 \u015awi\u0119tej Bo\u017cej Rodzicielki Maryi. Jest to \u015awiatowy Dzie\u0144 Modlitw o Pok\u00f3j. Pro\u015bmy, by Maryja wyprasza\u0142a pok\u00f3j na \u015bwiecie i w sercu ka\u017cdego z nas, a B\u00f3g nam b\u0142ogos\u0142awi\u0142 w Nowym Roku 2012. <strong><u> Pierwsza Msza \u015aw. w tym dniu o godz. 9.00, a nast\u0119pne o godz. 10.30, 12.00 i 18.00<\/u><\/strong>.<\/p>\n<p>&nbsp;<\/p>\n<p>4. W tym tygodniu przypada pierwszy czwartek, pi\u0105tek i sobota miesi\u0105ca:<\/p>\n<ul>\n<li><strong>pierwszy czwartek miesi\u0105ca<\/strong> \u2013 zapraszamy na Msz\u0119 \u015bw. o godz. 18:00, a po niej na Adoracj\u0119 Naj\u015bwi\u0119tszego Sakramentu tj. na \u201eGODZIN\u0118 \u015aWI\u0118T\u0104\u201d. Zapraszamy wszystkie \u201eMargaretki\u201d do wsp\u00f3lnej modlitwy.<\/li>\n<li><strong>w pierwszy pi\u0105tek<\/strong> spowied\u017a dla dzieci wyj\u0105tkowo od godz. 17.30 a Msza \u015bw. o godz. 18.00 dla wszystkich<\/li>\n<li><strong>PRZYPOMINAMY <\/strong>\u017ce dzieci klas IV spowiadaj\u0105 si\u0119 w tygodniu wed\u0142ug ustalonego porz\u0105dku<em>: poniedzia\u0142ek od godz. 17.30 klasa IV A, wtorek od godz. 17.30 klasa IV B, \u015broda od godz. 17.30 klasa IV C, czwartek od godz. 17.30 klasa IV D <\/em><strong>UWAGA !!!!<\/strong> <strong>Msza \u015bw. w I pi\u0105tek miesi\u0105ca dla wszystkich dzieci i doros\u0142ych o godz. 18.00;<\/strong><\/li>\n<li><strong>w pierwsz\u0105 sobot\u0119<\/strong> o godz. 17.00 zapraszamy na <strong>NABO\u017bE\u0143STWO WYNAGRADZAJ\u0104CE ZA BLU\u0179NIERSTWA, KT\u00d3RE ZNIEWARZAJ\u0104 MARYJ\u0118 W JEJ \u015aWI\u0118TYCH WIZERUNKACH <\/strong>w ramach nabo\u017ce\u0144stwa pierwszych pi\u0119ciu sob\u00f3t, o kt\u00f3re prosi\u0142a Matka Bo\u017ca w Fatimie.<\/li>\n<\/ul>\n<p>&nbsp;<\/p>\n<p>5. Z racji I pi\u0105tku miesi\u0105ca w tym tygodniu <strong>ksi\u0119\u017ca udadz\u0105 si\u0119 do chorych od godz. 9:30.<\/strong><\/p>\n<p>&nbsp;<\/p>\n<p>6. W sobot\u0119 obchodzi\u0107 b\u0119dziemy <strong>UROCZYSTO\u015a\u0106 OBJAWIENIA PA\u0143SKIEGO (TRZECH KR\u00d3LI<\/strong>). Msze \u015awi\u0119te w tym dniu o godz. 7:<strong><u>00, 9.00, 10.30, 12.00 i 18.00.<\/u><\/strong> Jest to dzie\u0144 modlitw za misje, dlatego pami\u0119tajmy o misjonarzach pochodz\u0105cych z naszej parafii. Ofiary zbierane do puszek przeznaczone b\u0119d\u0105 na pomoc dla o. Dariusza Maruta CSSp pracuj\u0105cego na Madagaskarze. B\u00f3g zap\u0142a\u0107 za zrozumienie. <strong>W tym dniu podczas ka\u017cdej Mszy \u015awi\u0119tej po\u015bwi\u0119cenie kredy i wody, kt\u00f3r\u0105 zabieramy do domu.<\/strong><\/p>\n<p>&nbsp;<\/p>\n<p>7. Dnia 6 stycznia (sobota) po wsp\u00f3lnej Mszy \u015bw. o godz. 18.00 odb\u0119dzie si\u0119 spotkanie op\u0142atkowe dla wsp\u00f3lnot parafialnych: Odnowa w Duchu \u015awi\u0119tym, Wsp\u00f3lnota Krwi Chrystusa, Kr\u0119g Biblijny, Apostolat Margaretka, Apostolat Bo\u017cego Mi\u0142osierdzia, Wolontariuszy Caritas i \u017bywego R\u00f3\u017ca\u0144ca na kt\u00f3re zapraszamy. <em>Przyjd\u017a czekamy na Ciebie.<\/em><\/p>\n<p>&nbsp;<\/p>\n<p><strong>8. W naszym mie\u015bcie odb\u0119dzie si\u0119 Orszak Trzech Kr\u00f3li (6 stycznia 2018.) <\/strong>Wydarzenie przywraca star\u0105 polsk\u0105 tradycj\u0119 jase\u0142ek ulicznych. W tym dniu&nbsp; mo\u017cemy by\u0107 jak Trzej M\u0119drcy- ujrze\u0107 \u015bwiat\u0142o betlejemskiej gwiazdy, p\u00f3j\u015b\u0107 za ni\u0105 i odnale\u017a\u0107 Prawd\u0119, Dobro i Pi\u0119kno. <strong><u>Orszak rozpocznie si\u0119 na Placu Jagiello\u0144czyka o godz.13.00 a zako\u0144czy si\u0119 Msz\u0105 \u015bwi\u0119ta w katedrze \u015bw. Miko\u0142aja. <\/u><\/strong><\/p>\n<p>&nbsp;<\/p>\n<p>9. Trwa Wizyta duszpasterska w parafii (program znajdziemy w biuletynie). Dzi\u0119kujemy za sk\u0142adane przy tej okazji ofiary na \u0142awki do naszego Ko\u015bcio\u0142a.&nbsp;<strong>W trakcje kol\u0119dy codziennie o godz. 8.00 sprawowana jest Msza \u015bw. za rodziny, do kt\u00f3rych udamy si\u0119 z Wizyt\u0105 Duszpastersk\u0105. Tym bardziej zach\u0119camy osoby dysponuj\u0105ce czasem do wsp\u00f3lnej modlitwy.<\/strong><\/p>\n<p>&nbsp;<\/p>\n<p>10. Scholka parafialna \u201eRAFAEL\u201d oraz Zesp\u00f3\u0142 M\u0142odzie\u017cowy zapraszaj\u0105 do wsp\u00f3lnego kol\u0119dowania wszystkich parafian, przyjaci\u00f3\u0142, dzieci, doros\u0142ych oraz rodzic\u00f3w i dzieci przygotowuj\u0105cych si\u0119 do I Komunii \u015awi\u0119tej; 21 stycznia (niedziela), o godz. 16.15, do naszego Ko\u015bcio\u0142a. PRZYJD\u0179 I W\u0141\u0104CZ SI\u0118 WE WSP\u00d3LNY \u015aPIEW KOL\u0118D.<\/p>\n<p>&nbsp;<\/p>\n<p><strong>11. PIELGRZYMKA W ROKU 2018 !!!<\/strong> Parafia organizuje samolotow\u0105 pielgrzymk\u0119 do Francji w dniach 21 \u2013 28 wrze\u015bnia 2018 roku. <strong><em>Zobaczymy takie miejsca jak: La Salette, Lourdes, zamki nad Loar\u0105, Paray \u2013 Le &#8211; Monial oraz Ars. <\/em><\/strong>Koszt 3490 z\u0142. plus 110 euro.&nbsp;<em>Zapisy u ks. Proboszcza do 21 stycznia 2018 r. Wpisowe 1000 z\u0142.&nbsp;<\/em><em>Pomy\u015bl i zaplanuj ju\u017c dzi\u015b Tw\u00f3j wyjazd do tak wa\u017cnych i cudownych miejsc.<\/em><\/p>\n<p>&nbsp;<\/p>\n<p>12. Zach\u0119camy do zamawiania Mszy \u015aw. dzi\u0119kczynnych (rodzinnych) za miniony rok z pro\u015bb\u0105 o dalsz\u0105 opiek\u0119 i Bo\u017ce b\u0142ogos\u0142awie\u0144stwo w <strong>Nowym Roku.<\/strong><\/p>\n<p>&nbsp;<\/p>\n<p>13. Za tydzie\u0144 ofiary z\u0142o\u017cone na tac\u0119 przeznaczone b\u0119d\u0105 uregulowanie rachunku za ogrzewanie Ko\u015bcio\u0142a. Dzi\u0119kuj\u0119 za zrozumienie i z\u0142o\u017cone ofiary.<\/p>\n<p>&nbsp;<\/p>\n<p><strong>14. Wszystkim parafianom i przyby\u0142ym go\u015bciom do naszej wsp\u00f3lnoty \u017cyczymy szcz\u0119\u015bliwego Nowego Roku 2018, wielu \u0142ask i opieki Matki Bo\u017cej Szkaplerznej.<\/strong><\/p>\n<p>&nbsp;<\/p>\n<p>&nbsp;<\/p>\n","protected":false},"excerpt":{"rendered":"<p>&nbsp; 1. Parafian, kt\u00f3rzy pragn\u0105 podzi\u0119kowa\u0107 za miniony rok, zapraszamy dzisiaj na nabo\u017ce\u0144stwo dzi\u0119kczynno-przeb\u0142agalne po Mszy \u015bw. o godz. 18.00 zako\u0144czone&nbsp;b\u0142ogos\u0142awie\u0144stwem Naj\u015bwi\u0119tszym Sakramentem. &nbsp; 2. Za tydzie\u0144 comiesi\u0119czna Adoracja Naj\u015bwi\u0119tszego Sakramentu od godz. 16.00 do 18.00. Przyjd\u017a i oddaj Panu Bogu rozpocz\u0119ty Nowy Rok. &nbsp; 3. Jutro w Nowy Rok Ko\u015bci\u00f3\u0142 obchodzi Uroczysto\u015b\u0107 \u015awi\u0119tej Bo\u017cej [&hellip;]<\/p>\n","protected":false},"author":1,"featured_media":2530,"comment_status":"closed","ping_status":"closed","sticky":false,"template":"","format":"standard","meta":{"ngg_post_thumbnail":0,"footnotes":""},"categories":[11,8,3],"tags":[],"class_list":["post-3030","post","type-post","status-publish","format-standard","has-post-thumbnail","hentry","category-aktualnosci","category-blog","category-ogloszenia"],"_links":{"self":[{"href":"https:\/\/rafalk-elblag.pl\/index.php?rest_route=\/wp\/v2\/posts\/3030","targetHints":{"allow":["GET"]}}],"collection":[{"href":"https:\/\/rafalk-elblag.pl\/index.php?rest_route=\/wp\/v2\/posts"}],"about":[{"href":"https:\/\/rafalk-elblag.pl\/index.php?rest_route=\/wp\/v2\/types\/post"}],"author":[{"embeddable":true,"href":"https:\/\/rafalk-elblag.pl\/index.php?rest_route=\/wp\/v2\/users\/1"}],"replies":[{"embeddable":true,"href":"https:\/\/rafalk-elblag.pl\/index.php?rest_route=%2Fwp%2Fv2%2Fcomments&post=3030"}],"version-history":[{"count":1,"href":"https:\/\/rafalk-elblag.pl\/index.php?rest_route=\/wp\/v2\/posts\/3030\/revisions"}],"predecessor-version":[{"id":3031,"href":"https:\/\/rafalk-elblag.pl\/index.php?rest_route=\/wp\/v2\/posts\/3030\/revisions\/3031"}],"wp:featuredmedia":[{"embeddable":true,"href":"https:\/\/rafalk-elblag.pl\/index.php?rest_route=\/wp\/v2\/media\/2530"}],"wp:attachment":[{"href":"https:\/\/rafalk-elblag.pl\/index.php?rest_route=%2Fwp%2Fv2%2Fmedia&parent=3030"}],"wp:term":[{"taxonomy":"category","embeddable":true,"href":"https:\/\/rafalk-elblag.pl\/index.php?rest_route=%2Fwp%2Fv2%2Fcategories&post=3030"},{"taxonomy":"post_tag","embeddable":true,"href":"https:\/\/rafalk-elblag.pl\/index.php?rest_route=%2Fwp%2Fv2%2Ftags&post=3030"}],"curies":[{"name":"wp","href":"https:\/\/api.w.org\/{rel}","templated":true}]}}