{"id":3028,"date":"2018-01-03T22:32:16","date_gmt":"2018-01-03T22:32:16","guid":{"rendered":"http:\/\/rafalk-elblag.pl\/?p=3028"},"modified":"2018-01-03T22:32:16","modified_gmt":"2018-01-03T22:32:16","slug":"intencje-mszalne-na-ii-tydzien-okresu-bozego-narodzenia-1-7-01-2018","status":"publish","type":"post","link":"https:\/\/rafalk-elblag.pl\/?p=3028","title":{"rendered":"INTENCJE MSZALNE NA II TYDZIE\u0143 OKRESU BO\u017bEGO NARODZENIA (1-7.01.2018)"},"content":{"rendered":"<p><a href=\"http:\/\/rafalk-elblag.pl\/wp-content\/uploads\/2016\/12\/shutterstock_49643152-1000.jpg\"><img loading=\"lazy\" decoding=\"async\" class=\"alignnone size-full wp-image-2526\" src=\"http:\/\/rafalk-elblag.pl\/wp-content\/uploads\/2016\/12\/shutterstock_49643152-1000.jpg\" alt=\"\" width=\"1000\" height=\"665\" srcset=\"https:\/\/rafalk-elblag.pl\/wp-content\/uploads\/2016\/12\/shutterstock_49643152-1000.jpg 1000w, https:\/\/rafalk-elblag.pl\/wp-content\/uploads\/2016\/12\/shutterstock_49643152-1000-300x200.jpg 300w, https:\/\/rafalk-elblag.pl\/wp-content\/uploads\/2016\/12\/shutterstock_49643152-1000-768x511.jpg 768w\" sizes=\"auto, (max-width: 1000px) 100vw, 1000px\" \/><\/a><\/p>\n<p>&nbsp;<\/p>\n<table width=\"726\">\n<tbody>\n<tr>\n<td colspan=\"2\" width=\"593\"><strong>1 stycznia&nbsp;&nbsp; PONIEDZIA\u0141EK&nbsp;&nbsp;&nbsp; UROCZYSTO\u015a\u0106 \u015aWI\u0118TEJ BO\u017bEJ RODZICIELKI MARYI \u2013 ROZPOCZ\u0118CIE NOWEGO ROKU<\/strong><\/td>\n<td width=\"133\"><strong><em>\u0141k 2, 16-21<\/em><\/strong><\/td>\n<\/tr>\n<tr>\n<td width=\"87\">9:00<\/td>\n<td colspan=\"2\" width=\"639\">Dzi\u0119kczynna z okazji 54 rocz. \u015blubu Stanis\u0142awy i Jana Malanowskich z pro\u015bb\u0105 o zdrowie i Bo\u017ce b\u0142ogos\u0142awie\u0144stwo, wszelkie \u0142aski i opiek\u0119 Matki Bo\u017cej<\/td>\n<\/tr>\n<tr>\n<td width=\"87\">9:00<\/td>\n<td colspan=\"2\" width=\"639\">\u015ap. Eugeniusz Dembi\u0144ski 1 greg.<\/td>\n<\/tr>\n<tr>\n<td width=\"87\">10:30<\/td>\n<td colspan=\"2\" width=\"639\">Dzi\u0119kczynna za wszelkie otrzymane \u0142aski w minionym roku, z pro\u015bb\u0105 o dalsz\u0105 opiek\u0119 i Bo\u017ce b\u0142ogos\u0142awie\u0144stwo w nowym roku dla ca\u0142ej rodziny Wala<\/td>\n<\/tr>\n<tr>\n<td width=\"87\"><strong>12:00<\/strong><\/td>\n<td colspan=\"2\" width=\"639\"><strong>Za parafian<\/strong><\/td>\n<\/tr>\n<tr>\n<td width=\"87\">18:00<\/td>\n<td colspan=\"2\" width=\"639\">Dzi\u0119kczynna z okazji urodzin i imienin Mieczys\u0142awa L\u0119ckowskiego \u2013 o zdrowie, b\u0142ogos\u0142awie\u0144stwo Bo\u017ce, opiek\u0119 Matki Bo\u017cej oraz Bo\u017ce prowadzenie w nowym roku 2018 dla Heleny i Mieczys\u0142awa<\/td>\n<\/tr>\n<\/tbody>\n<\/table>\n<p>&nbsp;<\/p>\n<table width=\"726\">\n<tbody>\n<tr>\n<td colspan=\"2\" width=\"593\"><strong>2 stycznia&nbsp;&nbsp; <\/strong><strong>WTOREK<\/strong><\/p>\n<p><strong>wsp. \u015b\u015b. Bazylego Wielkiego i Grzegorza z Nazjanzu<\/strong><\/td>\n<td width=\"133\"><strong><em>J 1, 19-28<\/em><\/strong><\/td>\n<\/tr>\n<tr>\n<td width=\"87\"><strong>8:00<\/strong><\/td>\n<td colspan=\"2\" width=\"639\"><strong>Za rodziny z kol\u0119dy<\/strong><\/td>\n<\/tr>\n<tr>\n<td width=\"87\">8:00<\/td>\n<td colspan=\"2\" width=\"639\">Rez.<\/td>\n<\/tr>\n<tr>\n<td width=\"87\">18:00<\/td>\n<td colspan=\"2\" width=\"639\">\u015ap. Eugeniusz Dembi\u0144ski 2 greg.<\/td>\n<\/tr>\n<\/tbody>\n<\/table>\n<p>&nbsp;<\/p>\n<table width=\"726\">\n<tbody>\n<tr>\n<td colspan=\"2\" width=\"593\"><strong>3 stycznia&nbsp;&nbsp; \u015aRODA<\/strong><\/td>\n<td width=\"133\"><strong><em>J 1, 29-34<\/em><\/strong><\/td>\n<\/tr>\n<tr>\n<td width=\"87\"><strong>8:00<\/strong><\/td>\n<td colspan=\"2\" width=\"639\"><strong>Za rodziny z kol\u0119dy<\/strong><\/td>\n<\/tr>\n<tr>\n<td width=\"87\">8:00<\/td>\n<td colspan=\"2\" width=\"639\">\u015ap. Eugeniusz Dembi\u0144ski 3 greg.<\/td>\n<\/tr>\n<tr>\n<td width=\"87\">8:00<\/td>\n<td colspan=\"2\" width=\"639\"><em>intencja wolna<\/em><\/td>\n<\/tr>\n<tr>\n<td width=\"87\">17:30<\/td>\n<td colspan=\"2\" width=\"639\"><em>Nabo\u017ce\u0144stwo do Matki Bo\u017cej Nieustaj\u0105cej Pomocy<\/em><\/td>\n<\/tr>\n<tr>\n<td width=\"87\">18:00<\/td>\n<td colspan=\"2\" width=\"639\">W intencjach czcicieli Matki Bo\u017cej Nieustaj\u0105cej Pomocy<\/td>\n<\/tr>\n<\/tbody>\n<\/table>\n<p>&nbsp;<\/p>\n<table width=\"726\">\n<tbody>\n<tr>\n<td colspan=\"2\" width=\"593\"><strong>4 stycznia&nbsp;&nbsp; PIERWSZY CZWARTEK MIESI\u0104CA<\/strong><\/td>\n<td width=\"133\"><strong><em>J 1, 35-42<\/em><\/strong><\/td>\n<\/tr>\n<tr>\n<td width=\"87\"><strong>8:00<\/strong><\/td>\n<td colspan=\"2\" width=\"639\"><strong>Za rodziny z kol\u0119dy<\/strong><\/td>\n<\/tr>\n<tr>\n<td width=\"87\">8:00<\/td>\n<td colspan=\"2\" width=\"639\">\u015ap. Eugeniusz Dembi\u0144ski 4 greg.<\/td>\n<\/tr>\n<tr>\n<td width=\"87\">8:00<\/td>\n<td colspan=\"2\" width=\"639\"><em>intencja wolna<\/em><\/td>\n<\/tr>\n<tr>\n<td width=\"87\"><strong>18:00<\/strong><\/td>\n<td colspan=\"2\" width=\"639\"><strong>O \u015bwi\u0119to\u015b\u0107 dla kap\u0142an\u00f3w oraz o powo\u0142ania do kap\u0142a\u0144stwa, \u017cycia konsekrowanego i misyjne z naszej parafii<\/strong><\/td>\n<\/tr>\n<tr>\n<td width=\"87\"><strong>18:45<\/strong><\/td>\n<td colspan=\"2\" width=\"639\"><strong>Godzina \u015awi\u0119ta [adoracja w intencji powo\u0142a\u0144]<\/strong><\/td>\n<\/tr>\n<\/tbody>\n<\/table>\n<p>&nbsp;<\/p>\n<table width=\"726\">\n<tbody>\n<tr>\n<td colspan=\"2\" width=\"593\"><strong>5 stycznia&nbsp;&nbsp; PIERWSZY PI\u0104TEK MIESIACA<\/strong><\/td>\n<td width=\"133\"><strong><em>J 1, 43-51<\/em><\/strong><\/td>\n<\/tr>\n<tr>\n<td width=\"87\"><strong>8:00<\/strong><\/td>\n<td colspan=\"2\" width=\"639\"><strong>Za rodziny z kol\u0119dy<\/strong><\/td>\n<\/tr>\n<tr>\n<td width=\"87\">8:00<\/td>\n<td colspan=\"2\" width=\"639\">Dzi\u0119kczynna w dniu urodzin Ewy, z pro\u015bb\u0105 o Bo\u017ce b\u0142ogos\u0142awie\u0144stwo<\/td>\n<\/tr>\n<tr>\n<td width=\"87\">8:00<\/td>\n<td colspan=\"2\" width=\"639\"><em>intencja wolna<\/em><\/td>\n<\/tr>\n<tr>\n<td width=\"87\">18:00<\/td>\n<td colspan=\"2\" width=\"639\">\u015ap. Eugeniusz Dembi\u0144ski 5 greg.<\/td>\n<\/tr>\n<\/tbody>\n<\/table>\n<p>&nbsp;<\/p>\n<table width=\"726\">\n<tbody>\n<tr>\n<td colspan=\"2\" width=\"593\"><strong>6 stycznia&nbsp;&nbsp; PIERWSZA SOBOTA MIESI\u0104CA<\/strong><\/p>\n<p><strong>UROCZYSTO\u015a\u0106 OBJAWIENIA PA\u0143SKIEGO \u2013 TRZECH KR\u00d3LI<\/strong><\/td>\n<td width=\"133\"><strong><em>Mt 2, 1-12<\/em><\/strong><\/td>\n<\/tr>\n<tr>\n<td width=\"87\">7:00<\/td>\n<td colspan=\"2\" width=\"639\">\u015ap. Eugeniusz Dembi\u0144ski 6 greg.<\/td>\n<\/tr>\n<tr>\n<td width=\"87\">9:00<\/td>\n<td colspan=\"2\" width=\"639\">\u015ap. Stanis\u0142aw (m) Waszak w 10 rocz. \u015bmierci oraz \u015bp. Ewa, Stefan i Jerzy<\/td>\n<\/tr>\n<tr>\n<td width=\"87\">9:00<\/td>\n<td colspan=\"2\" width=\"639\">\u015ap. J\u00f3zef Wr\u00f3bel w 2 rocz. \u015bmierci<\/td>\n<\/tr>\n<tr>\n<td width=\"87\">10:30<\/td>\n<td colspan=\"2\" width=\"639\">\u015ap. Krystyna Kami\u0144ska w 4 rocz. \u015bm.<\/td>\n<\/tr>\n<tr>\n<td width=\"87\"><strong>12:00<\/strong><\/td>\n<td colspan=\"2\" width=\"639\"><strong>Za parafian<\/strong><\/td>\n<\/tr>\n<tr>\n<td width=\"87\">17:00<\/td>\n<td colspan=\"2\" width=\"639\"><em>Nabo\u017ce\u0144stwo pierwszych sob\u00f3t miesi\u0105ca<\/em><\/td>\n<\/tr>\n<tr>\n<td width=\"87\">18:00<\/td>\n<td colspan=\"2\" width=\"639\">\u015ap. Boles\u0142aw i Zofia Zatorscy oraz \u015bp. Marzanna i J\u00f3zef<\/td>\n<\/tr>\n<\/tbody>\n<\/table>\n<p>&nbsp;<\/p>\n<table width=\"726\">\n<tbody>\n<tr>\n<td colspan=\"2\" width=\"593\"><strong>7 stycznia&nbsp;&nbsp; NIEDZIELA \u2013 \u015aWI\u0118TO CHRZTU PA\u0143SKIEGO<\/strong><\/td>\n<td width=\"133\"><strong><em>Mk 1, 7-11<\/em><\/strong><\/td>\n<\/tr>\n<tr>\n<td width=\"87\">7:00<\/td>\n<td colspan=\"2\" width=\"639\">\u015ap. Eugeniusz Dembi\u0144ski 7 greg.<\/td>\n<\/tr>\n<tr>\n<td width=\"87\">9:00<\/td>\n<td colspan=\"2\" width=\"639\"><em>Rez.<\/em> \u015bp. Jadwiga i Teofil oraz rodzice z obojga stron<\/td>\n<\/tr>\n<tr>\n<td width=\"87\">9:00<\/td>\n<td colspan=\"2\" width=\"639\">Za zmar\u0142ych rodzic\u00f3w: Wiktoria (6 miesi\u0105c po \u015bmierci) i Bronis\u0142aw (17 rocz. \u015bmierci) Janiccy<\/td>\n<\/tr>\n<tr>\n<td width=\"87\">10:30<\/td>\n<td colspan=\"2\" width=\"639\">O szcz\u0119\u015bliwe rozwi\u0105zanie dla El\u017cbiety, b\u0142ogos\u0142awie\u0144stwo Bo\u017ce i opiek\u0119 Maryi dla ca\u0142ej rodziny<\/td>\n<\/tr>\n<tr>\n<td width=\"87\"><strong>12:00<\/strong><\/td>\n<td colspan=\"2\" width=\"639\"><strong>Za parafian<\/strong><\/td>\n<\/tr>\n<tr>\n<td width=\"87\">15:00<\/td>\n<td colspan=\"2\" width=\"639\">\u015ap. Apoloniusz Komuda w 5 rocz. \u015bmierci oraz zmar\u0142ych rodzic\u00f3w i rodze\u0144stwo z obojga stron<\/td>\n<\/tr>\n<tr>\n<td width=\"87\">18:00<\/td>\n<td colspan=\"2\" width=\"639\">Dzi\u0119kczynna za ocalenie \u017cycia i do\u015bwiadczenie Bo\u017cej Mi\u0142o\u015bci oraz pomocy ze strony innych w sytuacji po\u017caru domu, a tak\u017ce o Bo\u017ce b\u0142ogos\u0142awie\u0144stwo dla wszystkich ofiarodawc\u00f3w i nios\u0105cych pomoc \u2013 int. od rodziny Urbankiewicz\u00f3w<\/td>\n<\/tr>\n<\/tbody>\n<\/table>\n<p>&nbsp;<\/p>\n<p>&nbsp;<\/p>\n","protected":false},"excerpt":{"rendered":"<p>&nbsp; 1 stycznia&nbsp;&nbsp; PONIEDZIA\u0141EK&nbsp;&nbsp;&nbsp; UROCZYSTO\u015a\u0106 \u015aWI\u0118TEJ BO\u017bEJ RODZICIELKI MARYI \u2013 ROZPOCZ\u0118CIE NOWEGO ROKU \u0141k 2, 16-21 9:00 Dzi\u0119kczynna z okazji 54 rocz. \u015blubu Stanis\u0142awy i Jana Malanowskich z pro\u015bb\u0105 o zdrowie i Bo\u017ce b\u0142ogos\u0142awie\u0144stwo, wszelkie \u0142aski i opiek\u0119 Matki Bo\u017cej 9:00 \u015ap. Eugeniusz Dembi\u0144ski 1 greg. 10:30 Dzi\u0119kczynna za wszelkie otrzymane \u0142aski w minionym roku, [&hellip;]<\/p>\n","protected":false},"author":1,"featured_media":2526,"comment_status":"closed","ping_status":"closed","sticky":false,"template":"","format":"standard","meta":{"ngg_post_thumbnail":0,"footnotes":""},"categories":[11,8,4],"tags":[],"class_list":["post-3028","post","type-post","status-publish","format-standard","has-post-thumbnail","hentry","category-aktualnosci","category-blog","category-intencje"],"_links":{"self":[{"href":"https:\/\/rafalk-elblag.pl\/index.php?rest_route=\/wp\/v2\/posts\/3028","targetHints":{"allow":["GET"]}}],"collection":[{"href":"https:\/\/rafalk-elblag.pl\/index.php?rest_route=\/wp\/v2\/posts"}],"about":[{"href":"https:\/\/rafalk-elblag.pl\/index.php?rest_route=\/wp\/v2\/types\/post"}],"author":[{"embeddable":true,"href":"https:\/\/rafalk-elblag.pl\/index.php?rest_route=\/wp\/v2\/users\/1"}],"replies":[{"embeddable":true,"href":"https:\/\/rafalk-elblag.pl\/index.php?rest_route=%2Fwp%2Fv2%2Fcomments&post=3028"}],"version-history":[{"count":1,"href":"https:\/\/rafalk-elblag.pl\/index.php?rest_route=\/wp\/v2\/posts\/3028\/revisions"}],"predecessor-version":[{"id":3029,"href":"https:\/\/rafalk-elblag.pl\/index.php?rest_route=\/wp\/v2\/posts\/3028\/revisions\/3029"}],"wp:featuredmedia":[{"embeddable":true,"href":"https:\/\/rafalk-elblag.pl\/index.php?rest_route=\/wp\/v2\/media\/2526"}],"wp:attachment":[{"href":"https:\/\/rafalk-elblag.pl\/index.php?rest_route=%2Fwp%2Fv2%2Fmedia&parent=3028"}],"wp:term":[{"taxonomy":"category","embeddable":true,"href":"https:\/\/rafalk-elblag.pl\/index.php?rest_route=%2Fwp%2Fv2%2Fcategories&post=3028"},{"taxonomy":"post_tag","embeddable":true,"href":"https:\/\/rafalk-elblag.pl\/index.php?rest_route=%2Fwp%2Fv2%2Ftags&post=3028"}],"curies":[{"name":"wp","href":"https:\/\/api.w.org\/{rel}","templated":true}]}}