{"id":3024,"date":"2017-12-27T00:57:10","date_gmt":"2017-12-27T00:57:10","guid":{"rendered":"http:\/\/rafalk-elblag.pl\/?p=3024"},"modified":"2017-12-27T00:57:10","modified_gmt":"2017-12-27T00:57:10","slug":"ogloszenia-parafialne-24-25-12-2017-r","status":"publish","type":"post","link":"https:\/\/rafalk-elblag.pl\/?p=3024","title":{"rendered":"OG\u0141OSZENIA PARAFIALNE 24-25.12.2017 R."},"content":{"rendered":"<p><a href=\"http:\/\/rafalk-elblag.pl\/wp-content\/uploads\/2016\/12\/pulpit.jpg\"><img loading=\"lazy\" decoding=\"async\" class=\"alignnone size-large wp-image-2530\" src=\"http:\/\/rafalk-elblag.pl\/wp-content\/uploads\/2016\/12\/pulpit-1024x682.jpg\" alt=\"\" width=\"900\" height=\"599\" srcset=\"https:\/\/rafalk-elblag.pl\/wp-content\/uploads\/2016\/12\/pulpit-1024x682.jpg 1024w, https:\/\/rafalk-elblag.pl\/wp-content\/uploads\/2016\/12\/pulpit-300x200.jpg 300w, https:\/\/rafalk-elblag.pl\/wp-content\/uploads\/2016\/12\/pulpit-768x512.jpg 768w, https:\/\/rafalk-elblag.pl\/wp-content\/uploads\/2016\/12\/pulpit.jpg 1698w\" sizes=\"auto, (max-width: 900px) 100vw, 900px\" \/><\/a><\/p>\n<p>&nbsp;<\/p>\n<p><strong>OG\u0141OSZENIA PARAFIALNE<\/strong><\/p>\n<p><strong><u>IV Niedziela Adwentu&nbsp; &nbsp;<\/u><\/strong><strong><u>24.12.2017r.<\/u><\/strong><\/p>\n<p><strong><u>&nbsp;<\/u><\/strong><\/p>\n<ol>\n<li><strong>Ministranci rozprowadzaj\u0105 jeszcze dzisiaj sianko na st\u00f3\u0142 wigilijny za dobrowoln\u0105 ofiar\u0119. Zadbajmy o to, by tego symbolu ub\u00f3stwa nie zabrak\u0142o w naszym domu.<\/strong><\/li>\n<li>Je\u015bli kto\u015b nie ma jeszcze po\u015bwi\u0119conego op\u0142atka na st\u00f3\u0142 wigilijny, mo\u017ce go naby\u0107w zakrystii u pana ko\u015bcielnego. Zapraszamy.<\/li>\n<li>Zach\u0119camy dzi\u015b do godnego prze\u017cycia <strong>WIGILII BO\u017bEGO NARODZENIA<\/strong>. <strong>Zapraszamy na Pasterk\u0119 o godz. 22.00 lub o godz. 24.00.<\/strong> Przypominamy, \u017ce Msze \u015bw. w Uroczysto\u015b\u0107 Narodzenia Pa\u0144skiego b\u0119d\u0105 odprawione o godz. 9:00, 10:30, 12:00 i 18:00. <strong><u>Nie ma Mszy \u015aw. o godz. 7:00 i 15:00. <\/u><em>Przypominamy, \u017ce wed\u0142ug niepami\u0119tnej tradycji, wieczerza wigilijna powinna by\u0107 posi\u0142kiem bezmi\u0119snym i rozpoczyna\u0107 si\u0119 odczytaniem fragmentu Ewangelii i modlitw\u0105. Na stole wigilijnym niech zap\u0142onie \u015bwieca Caritas. W wiecz\u00f3r wigilijny nie b\u0119dzie Mszy \u015bw. o godz. 15:00 i o godz. 18:00.<\/em><\/strong><\/li>\n<li>Je\u015bli kto\u015b nie ma jeszcze po\u015bwi\u0119conego op\u0142atka na st\u00f3\u0142 wigilijny, mo\u017ce go naby\u0107 w zakrystii u pana ko\u015bcielnego. Zapraszamy.<\/li>\n<li><strong>Dzi\u0119kujemy tym wszystkim,<\/strong> kt\u00f3rzy w\u0142\u0105czyli si\u0119 w przygotowanie naszej \u015bwi\u0105tyni do \u015awi\u0105t Bo\u017cego Narodzenia. Szczeg\u00f3lne wyrazy wdzi\u0119czno\u015bci sk\u0142adamy pa\u0144stwu Kimso i panom, kt\u00f3rzy odpowiedzieli na moj\u0105 pro\u015bb\u0119.<\/li>\n<li>Zach\u0119camy do czytania prasy katolickiej: przed ko\u015bcio\u0142em mo\u017cemy kupi\u0107 \u015bwi\u0105teczny numer \u201eGo\u015bcia Niedzielnego\u201d. Go\u015b\u0107 Niedzielny to najpoczytniejszy tygodnik katolicki w Polsce. Nabywaj\u0105c i czytaj\u0105c ten tygodnik mamy mo\u017cliwo\u015b\u0107 poznawa\u0107 dzia\u0142alno\u015b\u0107 Ko\u015bcio\u0142a Katolickiego w \u015bwiecie i w Polsce.<\/li>\n<li>Przypominamy, \u017ce najpi\u0119kniejsz\u0105 modlitw\u0105 Ko\u015bcio\u0142a jest Msza \u015awi\u0119ta, kt\u00f3r\u0105 mo\u017cna zamawia\u0107 za \u017cywych i umar\u0142ych lub ofiarowa\u0107 jako wspania\u0142y chrze\u015bcija\u0144ski prezent&nbsp; z okazji rocznicy \u015blubu, chrztu, urodzin i imienin, prosz\u0105c o \u0142aski lub za nie dzi\u0119kuj\u0105c. <em><u>Msze \u015bw. mo\u017cna zamawia\u0107 i rezerwowa\u0107 na rok 2018.<\/u><\/em><\/li>\n<\/ol>\n<p><strong>&nbsp;<\/strong><\/p>\n<p><strong><u>UROCZYSTO\u015a\u0106 BO\u017bEGO NARODZENIA 25.12.2017r.<\/u><\/strong><\/p>\n<p><strong><u>&nbsp;<\/u><\/strong><\/p>\n<ol start=\"8\">\n<li>Jak co roku, tak i na te \u015bwi\u0119ta klerycy z naszej parafii rozprowadza\u0107 b\u0119d\u0105 \u201e<strong>My\u015blnik Klerycki<\/strong>\u201d- jest on wydawany przez alumn\u00f3w naszego seminarium. <em>Zach\u0119camy do nabywania \u2013 za dobrowoln\u0105 ofiar\u0119.<\/em><\/li>\n<li>W drugi dzie\u0144 \u015bwi\u0105t: \u015bw. Szczepana, pierwszego m\u0119czennika. Taca z tego dnia przeznaczona jest na KATOLICKI UNIWERSYTET&nbsp; LUBELSKI oraz na Wy\u017csze Seminarium Duchowne Diecezji Elbl\u0105skiej, gdzie studiuje dw\u00f3ch naszych kleryk\u00f3w Micha\u0142 i Przemek. <em>B\u00f3g zap\u0142a\u0107 za z\u0142o\u017cone ofiary.<\/em> <em>Msze \u015bw. w tym dniu o godz. 7:00, 9:00, 10:30, 12:00 i o godz. 18:00.<\/em><\/li>\n<li>Od 26 grudnia rozpoczyna si\u0119 Oktawa Narodzenia Pa\u0144skiego, kt\u00f3ra jest przed\u0142u\u017ceniem rado\u015bci wierz\u0105cych z przyj\u015bcia na \u015bwiat Syna Bo\u017cego. <strong>UWAGA!<\/strong> <strong>Powracamy do porz\u0105dku Mszy \u015bw. o godz. 8:00 i 18:00.<\/strong><\/li>\n<li>W \u015brod\u0119 (27 grudnia), m\u0142odzie\u017c z naszej parafii pod opiek\u0105 ks. Marcina wyruszy na Europejskie Spotkanie M\u0142odych w duchu Taize do Bazylei (Szwajcaria). <em>Otoczmy ich modlitw\u0105, prosz\u0105c o szcz\u0119\u015bliw\u0105 podr\u00f3\u017c i owocne prze\u017cycie spotkania. <\/em><\/li>\n<li>Wizyty duszpasterskie rozpoczniemy 28 grudnia br. od ul. Porazi\u0144skiej. Kol\u0119d\u0119 rozpoczynamy od godz. 16:00. <strong>W trakcie kol\u0119dy codziennie o godz. 8:00 b\u0119dzie sprawowana Eucharystia za rodziny, do kt\u00f3rych udamy si\u0119 z Wizyt\u0105 Duszpastersk\u0105. Tym bardziej zach\u0119camy osoby dysponuj\u0105ce czasem do wsp\u00f3lnej modlitwy.<\/strong><\/li>\n<li>W tradycji przyj\u0119te jest, \u017ce podczas kol\u0119dy ministranci i lektorzy otrzymuj\u0105 dobrowolne ofiary jako wyraz wdzi\u0119czno\u015bci za pos\u0142ug\u0119 przy O\u0142tarzu Pa\u0144skim. Zebrane ofiary przeznaczone b\u0119d\u0105 na ich wsp\u00f3lny wyjazd do Krakowa. <em>Za okazane dobro<\/em> <em>dzi\u0119kujemy!<\/em><\/li>\n<li>Mo\u017cliwo\u015b\u0107 skorzystania z Sakramentu Spowiedzi \u015bw. w trakcie kol\u0119dy jest znacznie ograniczona. Dlatego zach\u0119camy do spowiedzi przed Msz\u0105 \u015bw. od godz.17:30.<\/li>\n<li><strong>PIELGRZYMKA W ROKU 2018 !!!<\/strong> Parafia organizuje samolotow\u0105 pielgrzymk\u0119 do Francji w dniach 21 \u2013 28 wrze\u015bnia 2018 roku. <strong><em>Zobaczymy takie miejsca jak: La Salette, Lourdes, zamki nad Loar\u0105, Paray \u2013 Le &#8211; Monial oraz Ars. <\/em><\/strong>Koszt 3490 z\u0142. plus 110 euro.<em>Zapisy u ks. Proboszcza do 21 stycznia 2018 r. Wpisowe 1000 z\u0142. Pomy\u015bl i zaplanuj ju\u017c dzi\u015b Tw\u00f3j wyjazd do tak wa\u017cnych i cudownych miejsc.<\/em><\/li>\n<\/ol>\n<ol start=\"16\">\n<li><strong>Wszystkim parafianom i przyby\u0142ym go\u015bciom do naszej wsp\u00f3lnoty \u017cyczymy b\u0142ogos\u0142awionych \u015awi\u0105t Bo\u017cego Narodzenia. Niech b\u0119d\u0105 pe\u0142ne mi\u0142o\u015bci, zgody<br \/>\ni rodzinnych spotka\u0144. <\/strong><\/li>\n<\/ol>\n<p><strong><u>&nbsp;<\/u><\/strong><\/p>\n<p><strong><u>&nbsp;<\/u><\/strong><\/p>\n<p><strong><u>PROGRAM WIZYTY DUSZPASTERSKIEJ<\/u><\/strong><\/p>\n<p><strong><u>W PARAFII \u015aW. RAFA\u0141A KALINOWSKIEGO<\/u><\/strong><\/p>\n<p><strong><u>&nbsp;<\/u><\/strong><\/p>\n<table>\n<tbody>\n<tr>\n<td width=\"239\"><strong>Czwartek<\/strong><\/p>\n<p>28.12. 2017r. od 16:00<\/td>\n<td width=\"331\">ul. Porazi\u0144skiej, Lubelska<\/p>\n<p>ul. Og\u00f3lna &#8211; domki<\/td>\n<\/tr>\n<tr>\n<td width=\"239\"><strong>Pi\u0105tek<\/strong><\/p>\n<p>29.12. 2017r. od 16:00<\/td>\n<td width=\"331\">ul. Korczaka 4, 3, 2, 1 + domki<\/p>\n<p>ul. Korczaka 8, 7, 6, 5<\/td>\n<\/tr>\n<tr>\n<td width=\"239\"><strong>Sobota<\/strong><\/p>\n<p>30.12. 2017r. od 15:00<\/td>\n<td width=\"331\">ul. Korczaka 12, 11, 10, 9<\/p>\n<p>ul. Korczaka 16, 15, 14, 13<\/td>\n<\/tr>\n<\/tbody>\n<\/table>\n<p><strong><u>&nbsp;<\/u><\/strong><\/p>\n<p><strong>&nbsp;<\/strong><\/p>\n<p><strong>Prosimy o przygotowanie si\u0119 do wizyty duszpasterskiej:<\/strong><\/p>\n<p><strong>&nbsp;<\/strong>Obecna ca\u0142a rodzina;<\/p>\n<ul>\n<li>Dzieci i m\u0142odzie\u017c przygotowuj\u0105 zeszyty do religii, ksi\u0105\u017ceczki potwierdzaj\u0105ce udzia\u0142 we Mszy \u015bw. niedzielnej oraz do Sakramentu Bierzmowania;<\/li>\n<li>Bia\u0142y obrus, Pismo \u015awi\u0119te, Krzy\u017c, \u015bwiecznik, woda \u015bwi\u0119cona i kropid\u0142o;<\/li>\n<li>Tematem tegorocznej kol\u0119dy jest <strong>25-lecie powstania naszej parafii:<br \/>\n1993 \u2013 2018, <\/strong>o kt\u00f3rym b\u0119dzie przypomina\u0142 baner umieszczony przy ko\u015bciele;<\/li>\n<li><strong>UWAGA !!!<\/strong> Kol\u0119dy od poniedzia\u0142ku do pi\u0105tku rozpoczynamy od godz. 16:00. Natomiast w soboty od godz. 15:00.<\/li>\n<\/ul>\n<p>&nbsp;<\/p>\n","protected":false},"excerpt":{"rendered":"<p>&nbsp; OG\u0141OSZENIA PARAFIALNE IV Niedziela Adwentu&nbsp; &nbsp;24.12.2017r. &nbsp; Ministranci rozprowadzaj\u0105 jeszcze dzisiaj sianko na st\u00f3\u0142 wigilijny za dobrowoln\u0105 ofiar\u0119. Zadbajmy o to, by tego symbolu ub\u00f3stwa nie zabrak\u0142o w naszym domu. Je\u015bli kto\u015b nie ma jeszcze po\u015bwi\u0119conego op\u0142atka na st\u00f3\u0142 wigilijny, mo\u017ce go naby\u0107w zakrystii u pana ko\u015bcielnego. Zapraszamy. Zach\u0119camy dzi\u015b do godnego prze\u017cycia WIGILII [&hellip;]<\/p>\n","protected":false},"author":1,"featured_media":2530,"comment_status":"closed","ping_status":"closed","sticky":false,"template":"","format":"standard","meta":{"ngg_post_thumbnail":0,"footnotes":""},"categories":[11,8,3],"tags":[],"class_list":["post-3024","post","type-post","status-publish","format-standard","has-post-thumbnail","hentry","category-aktualnosci","category-blog","category-ogloszenia"],"_links":{"self":[{"href":"https:\/\/rafalk-elblag.pl\/index.php?rest_route=\/wp\/v2\/posts\/3024","targetHints":{"allow":["GET"]}}],"collection":[{"href":"https:\/\/rafalk-elblag.pl\/index.php?rest_route=\/wp\/v2\/posts"}],"about":[{"href":"https:\/\/rafalk-elblag.pl\/index.php?rest_route=\/wp\/v2\/types\/post"}],"author":[{"embeddable":true,"href":"https:\/\/rafalk-elblag.pl\/index.php?rest_route=\/wp\/v2\/users\/1"}],"replies":[{"embeddable":true,"href":"https:\/\/rafalk-elblag.pl\/index.php?rest_route=%2Fwp%2Fv2%2Fcomments&post=3024"}],"version-history":[{"count":1,"href":"https:\/\/rafalk-elblag.pl\/index.php?rest_route=\/wp\/v2\/posts\/3024\/revisions"}],"predecessor-version":[{"id":3025,"href":"https:\/\/rafalk-elblag.pl\/index.php?rest_route=\/wp\/v2\/posts\/3024\/revisions\/3025"}],"wp:featuredmedia":[{"embeddable":true,"href":"https:\/\/rafalk-elblag.pl\/index.php?rest_route=\/wp\/v2\/media\/2530"}],"wp:attachment":[{"href":"https:\/\/rafalk-elblag.pl\/index.php?rest_route=%2Fwp%2Fv2%2Fmedia&parent=3024"}],"wp:term":[{"taxonomy":"category","embeddable":true,"href":"https:\/\/rafalk-elblag.pl\/index.php?rest_route=%2Fwp%2Fv2%2Fcategories&post=3024"},{"taxonomy":"post_tag","embeddable":true,"href":"https:\/\/rafalk-elblag.pl\/index.php?rest_route=%2Fwp%2Fv2%2Ftags&post=3024"}],"curies":[{"name":"wp","href":"https:\/\/api.w.org\/{rel}","templated":true}]}}