{"id":3022,"date":"2017-12-27T00:49:04","date_gmt":"2017-12-27T00:49:04","guid":{"rendered":"http:\/\/rafalk-elblag.pl\/?p=3022"},"modified":"2017-12-27T00:49:04","modified_gmt":"2017-12-27T00:49:04","slug":"intencje-mszalne-na-tydzien-w-oktawie-bozego-narodzenia-25-31-12-2017","status":"publish","type":"post","link":"https:\/\/rafalk-elblag.pl\/?p=3022","title":{"rendered":"INTENCJE MSZALNE NA TYDZIE\u0143 W OKTAWIE BO\u017bEGO NARODZENIA (25-31.12.2017)"},"content":{"rendered":"<p><a href=\"http:\/\/rafalk-elblag.pl\/wp-content\/uploads\/2016\/12\/shutterstock_49643152-1000.jpg\"><img loading=\"lazy\" decoding=\"async\" class=\"alignnone size-full wp-image-2526\" src=\"http:\/\/rafalk-elblag.pl\/wp-content\/uploads\/2016\/12\/shutterstock_49643152-1000.jpg\" alt=\"\" width=\"1000\" height=\"665\" srcset=\"https:\/\/rafalk-elblag.pl\/wp-content\/uploads\/2016\/12\/shutterstock_49643152-1000.jpg 1000w, https:\/\/rafalk-elblag.pl\/wp-content\/uploads\/2016\/12\/shutterstock_49643152-1000-300x200.jpg 300w, https:\/\/rafalk-elblag.pl\/wp-content\/uploads\/2016\/12\/shutterstock_49643152-1000-768x511.jpg 768w\" sizes=\"auto, (max-width: 1000px) 100vw, 1000px\" \/><\/a><\/p>\n<p>&nbsp;<\/p>\n<table width=\"726\">\n<tbody>\n<tr>\n<td colspan=\"2\" width=\"593\"><strong>25 grudnia &nbsp;&nbsp;PONIEDZIA\u0141EK&nbsp;&nbsp;&nbsp; \u015aWI\u0118TA NOC NARODZENIA PA\u0143SKIEGO I UROCZYSTO\u015a\u0106 BO\u017bEGO NARODZENIA<\/strong><\/td>\n<td width=\"133\"><strong><em>\u0141k 2, 1-14<\/em><\/strong><\/td>\n<\/tr>\n<tr>\n<td width=\"87\"><strong>22:00<\/strong><\/td>\n<td colspan=\"2\" width=\"639\"><strong>Za parafian<\/strong><\/td>\n<\/tr>\n<tr>\n<td width=\"87\">22:00<\/td>\n<td colspan=\"2\" width=\"639\">\u015ap. Jolanta Karman w 5 rocz. \u015bmierci<\/td>\n<\/tr>\n<tr>\n<td width=\"87\"><strong>24:00<\/strong><\/td>\n<td colspan=\"2\" width=\"639\"><strong>Za parafian<\/strong><\/td>\n<\/tr>\n<tr>\n<td width=\"87\">24:00<\/td>\n<td colspan=\"2\" width=\"639\">O Bo\u017ce b\u0142ogos\u0142awie\u0144stwo i potrzebne \u0142aski dla rodziny Makowskich<\/td>\n<\/tr>\n<tr>\n<td width=\"87\">24:00<\/td>\n<td colspan=\"2\" width=\"639\">\u015ap. Henryk Walkowiak w 36 rocz. \u015bmierci i \u015bp. Apolonia Groszyk w 14 rocz. \u015bmierci<\/td>\n<\/tr>\n<tr>\n<td width=\"87\">9:00<\/td>\n<td colspan=\"2\" width=\"639\">\u015ap. Janina i W\u0142adys\u0142aw Kajrewicz oraz \u015bp. Edmund Kanownik i zmarli z tych rodzin<\/td>\n<\/tr>\n<tr>\n<td width=\"87\">10:30<\/td>\n<td colspan=\"2\" width=\"639\">Dzi\u0119kczynna w 25 rocz. \u015blubu Marioli i Andrzeja Jurgielewicz z pro\u015bb\u0105 o Bo\u017ce b\u0142ogos\u0142awie\u0144stwo i potrzebne \u0142aski dla Srebrnych Jubilat\u00f3w<\/td>\n<\/tr>\n<tr>\n<td width=\"87\">12:00<\/td>\n<td colspan=\"2\" width=\"639\">Dzi\u0119kczynna w 50 rocz. \u015blubu Stanis\u0142awy (k) i Henryka Mochol z pro\u015bb\u0105 o Bo\u017ce b\u0142ogos\u0142awie\u0144stwo i potrzebne \u0142aski dla Z\u0142otych Jubilat\u00f3w i ca\u0142ej rodziny<\/td>\n<\/tr>\n<tr>\n<td width=\"87\">18:00<\/td>\n<td colspan=\"2\" width=\"639\">\u015ap. Wojciech \u017bukowski 25 greg.<\/td>\n<\/tr>\n<\/tbody>\n<\/table>\n<p>&nbsp;<\/p>\n<table width=\"726\">\n<tbody>\n<tr>\n<td colspan=\"2\" width=\"593\"><strong>26 grudnia&nbsp;&nbsp; <\/strong><strong>WTOREK \u2013 drugi<\/strong><strong> dzie\u0144 oktawy Bo\u017cego Narodzenia<\/strong><\/p>\n<p><strong>\u015bwi\u0119to \u015bw. Szczepana [pierwszego m\u0119czennika, diakona]<\/strong><\/td>\n<td width=\"133\"><strong><em>Mt 10, 17-22<\/em><\/strong><\/td>\n<\/tr>\n<tr>\n<td width=\"87\">7:00<\/td>\n<td colspan=\"2\" width=\"639\">O Bo\u017ce b\u0142ogos\u0142awie\u0144stwo, potrzebne \u0142aski i opiek\u0119 Matki Bo\u017cej dla Longiny (k) Karendziej w 95 rocz. urodzin<\/td>\n<\/tr>\n<tr>\n<td width=\"87\">9:00<\/td>\n<td colspan=\"2\" width=\"639\">\u015ap. Edward i Czes\u0142aw Skotniccy<\/td>\n<\/tr>\n<tr>\n<td width=\"87\">9:00<\/td>\n<td colspan=\"2\" width=\"639\">\u015ap. Jan Walko w 3 rocz. \u015bmierci<\/td>\n<\/tr>\n<tr>\n<td width=\"87\">10:30<\/td>\n<td colspan=\"2\" width=\"639\">\u015ap. Wojciech \u017bukowski 26 greg.<\/td>\n<\/tr>\n<tr>\n<td width=\"87\">12:00<\/td>\n<td colspan=\"2\" width=\"639\">\u015ap. Szczepan \u017by\u0142a<\/td>\n<\/tr>\n<tr>\n<td width=\"87\">18:00<\/td>\n<td colspan=\"2\" width=\"639\">\u015ap. Maria J\u00f3zwowska w 30 dzie\u0144 po pogrzebie<\/td>\n<\/tr>\n<\/tbody>\n<\/table>\n<p>&nbsp;<\/p>\n<table width=\"726\">\n<tbody>\n<tr>\n<td colspan=\"2\" width=\"593\"><strong>27 grudnia&nbsp;&nbsp; \u015aRODA \u2013 trzeci dzie\u0144 oktawy Bo\u017cego Narodzenia<\/strong><\/p>\n<p><strong>\u015awi\u0119to \u015bw. Jana [Aposto\u0142a i Ewangelisty]<\/strong><\/td>\n<td width=\"133\"><strong><em>J 20, 2-8<\/em><\/strong><\/td>\n<\/tr>\n<tr>\n<td width=\"87\">8:00<\/td>\n<td colspan=\"2\" width=\"639\">\u015ap. Wojciech \u017bukowski 27 greg.<\/td>\n<\/tr>\n<tr>\n<td width=\"87\">17:30<\/td>\n<td colspan=\"2\" width=\"639\"><em>Nabo\u017ce\u0144stwo do Matki Bo\u017cej Nieustaj\u0105cej Pomocy<\/em><\/td>\n<\/tr>\n<tr>\n<td width=\"87\">18:00<\/td>\n<td colspan=\"2\" width=\"639\">\u015ap. Adam Zieli\u0144ski w 3 rocz. \u015bmierci<\/td>\n<\/tr>\n<\/tbody>\n<\/table>\n<p>&nbsp;<\/p>\n<table width=\"726\">\n<tbody>\n<tr>\n<td colspan=\"2\" width=\"593\"><strong>28 grudnia&nbsp;&nbsp; CZWARTEK \u2013 czwarty dzie\u0144 oktawy Bo\u017cego Narodzenia<\/strong><\/p>\n<p><strong>\u015bwi\u0119to \u015b\u015b. M\u0142odziank\u00f3w [m\u0119czennik\u00f3w]<\/strong><\/td>\n<td width=\"133\"><strong><em>Mt 2, 13-18<\/em><\/strong><\/td>\n<\/tr>\n<tr>\n<td width=\"87\"><strong>8:00<\/strong><\/td>\n<td colspan=\"2\" width=\"639\"><strong>Za rodziny z kol\u0119dy<\/strong><\/td>\n<\/tr>\n<tr>\n<td width=\"87\">8:00<\/td>\n<td colspan=\"2\" width=\"639\">\u015ap. Wojciech \u017bukowski 28 greg.<\/td>\n<\/tr>\n<tr>\n<td width=\"87\"><strong>18:00<\/strong><\/td>\n<td colspan=\"2\" width=\"639\"><strong>Za chorych [po Mszy \u015awi\u0119tej obrz\u0119d na\u0142o\u017cenia r\u0105k na chorych]<\/strong><\/td>\n<\/tr>\n<\/tbody>\n<\/table>\n<p>&nbsp;<\/p>\n<table width=\"726\">\n<tbody>\n<tr>\n<td colspan=\"2\" width=\"593\"><strong>29 grudnia&nbsp;&nbsp; PI\u0104TEK \u2013 pi\u0105ty dzie\u0144 oktawy Bo\u017cego Narodzenia<\/strong><\/td>\n<td width=\"133\"><strong><em>\u0141k 2, 22-35<\/em><\/strong><\/td>\n<\/tr>\n<tr>\n<td width=\"87\"><strong>8:00<\/strong><\/td>\n<td colspan=\"2\" width=\"639\"><strong>Za rodziny z kol\u0119dy<\/strong><\/td>\n<\/tr>\n<tr>\n<td width=\"87\">8:00<\/td>\n<td colspan=\"2\" width=\"639\">\u015ap. Wojciech \u017bukowski 29 greg.<\/td>\n<\/tr>\n<tr>\n<td width=\"87\">18:00<\/td>\n<td colspan=\"2\" width=\"639\">O \u0142ask\u0119 zdrowia, Bo\u017ce b\u0142ogos\u0142awie\u0144stwo i opiek\u0119 Matki Bo\u017cej dla Ewy<\/td>\n<\/tr>\n<\/tbody>\n<\/table>\n<p>&nbsp;<\/p>\n<table width=\"726\">\n<tbody>\n<tr>\n<td colspan=\"2\" width=\"593\"><strong>30 grudnia&nbsp;&nbsp; SOBOTA \u2013 sz\u00f3sty dzie\u0144 oktawy Bo\u017cego Narodzenia<\/strong><\/td>\n<td width=\"133\"><strong><em>\u0141k 2, 36-40<\/em><\/strong><\/td>\n<\/tr>\n<tr>\n<td width=\"87\">8:00<\/td>\n<td colspan=\"2\" width=\"639\">\u015ap. Wojciech \u017bukowski 30 greg.<\/td>\n<\/tr>\n<tr>\n<td width=\"87\">8:00<\/td>\n<td colspan=\"2\" width=\"639\">Msza \u015awi\u0119ta imieninowa o Bo\u017ce b\u0142ogos\u0142awie\u0144stwo i opiek\u0119 Matki Bo\u017cej dla Eugeniusza Wile\u0144skiego<\/td>\n<\/tr>\n<tr>\n<td width=\"87\">18:00<\/td>\n<td colspan=\"2\" width=\"639\">\u015ap. Albina (k) i Tadeusz Leszczy\u0144scy<\/td>\n<\/tr>\n<\/tbody>\n<\/table>\n<p>&nbsp;<\/p>\n<table width=\"726\">\n<tbody>\n<tr>\n<td colspan=\"2\" width=\"593\"><strong>31 grudnia&nbsp;&nbsp; NIEDZIELA \u015aWI\u0118TEJ RODZINY<\/strong><\/td>\n<td width=\"133\"><strong><em>\u0141k 2, 22-40<\/em><\/strong><\/td>\n<\/tr>\n<tr>\n<td width=\"87\">7:00<\/td>\n<td colspan=\"2\" width=\"639\"><em>intencja wolna<\/em><\/td>\n<\/tr>\n<tr>\n<td width=\"87\">9:00<\/td>\n<td colspan=\"2\" width=\"639\">\u015ap. Bronis\u0142aw (m) Kazibut w 30 dzie\u0144 po pogrzebie<\/td>\n<\/tr>\n<tr>\n<td width=\"87\">10:30<\/td>\n<td colspan=\"2\" width=\"639\">O uzdrowienie dla Boles\u0142awa<\/td>\n<\/tr>\n<tr>\n<td width=\"87\"><strong>12:00<\/strong><\/td>\n<td colspan=\"2\" width=\"639\"><strong>Za parafian<\/strong><\/td>\n<\/tr>\n<tr>\n<td width=\"87\">15:00<\/td>\n<td colspan=\"2\" width=\"639\">W intencji Panu Bogu wiadomej<\/td>\n<\/tr>\n<tr>\n<td width=\"87\">18:00<\/td>\n<td colspan=\"2\" width=\"639\">\u015ap. Sabina Chojnicka w 8 rocz. \u015bmierci<\/td>\n<\/tr>\n<\/tbody>\n<\/table>\n<p>&nbsp;<\/p>\n","protected":false},"excerpt":{"rendered":"<p>&nbsp; 25 grudnia &nbsp;&nbsp;PONIEDZIA\u0141EK&nbsp;&nbsp;&nbsp; \u015aWI\u0118TA NOC NARODZENIA PA\u0143SKIEGO I UROCZYSTO\u015a\u0106 BO\u017bEGO NARODZENIA \u0141k 2, 1-14 22:00 Za parafian 22:00 \u015ap. Jolanta Karman w 5 rocz. \u015bmierci 24:00 Za parafian 24:00 O Bo\u017ce b\u0142ogos\u0142awie\u0144stwo i potrzebne \u0142aski dla rodziny Makowskich 24:00 \u015ap. Henryk Walkowiak w 36 rocz. \u015bmierci i \u015bp. Apolonia Groszyk w 14 rocz. \u015bmierci [&hellip;]<\/p>\n","protected":false},"author":1,"featured_media":2526,"comment_status":"closed","ping_status":"closed","sticky":false,"template":"","format":"standard","meta":{"ngg_post_thumbnail":0,"footnotes":""},"categories":[11,8,4],"tags":[],"class_list":["post-3022","post","type-post","status-publish","format-standard","has-post-thumbnail","hentry","category-aktualnosci","category-blog","category-intencje"],"_links":{"self":[{"href":"https:\/\/rafalk-elblag.pl\/index.php?rest_route=\/wp\/v2\/posts\/3022","targetHints":{"allow":["GET"]}}],"collection":[{"href":"https:\/\/rafalk-elblag.pl\/index.php?rest_route=\/wp\/v2\/posts"}],"about":[{"href":"https:\/\/rafalk-elblag.pl\/index.php?rest_route=\/wp\/v2\/types\/post"}],"author":[{"embeddable":true,"href":"https:\/\/rafalk-elblag.pl\/index.php?rest_route=\/wp\/v2\/users\/1"}],"replies":[{"embeddable":true,"href":"https:\/\/rafalk-elblag.pl\/index.php?rest_route=%2Fwp%2Fv2%2Fcomments&post=3022"}],"version-history":[{"count":1,"href":"https:\/\/rafalk-elblag.pl\/index.php?rest_route=\/wp\/v2\/posts\/3022\/revisions"}],"predecessor-version":[{"id":3023,"href":"https:\/\/rafalk-elblag.pl\/index.php?rest_route=\/wp\/v2\/posts\/3022\/revisions\/3023"}],"wp:featuredmedia":[{"embeddable":true,"href":"https:\/\/rafalk-elblag.pl\/index.php?rest_route=\/wp\/v2\/media\/2526"}],"wp:attachment":[{"href":"https:\/\/rafalk-elblag.pl\/index.php?rest_route=%2Fwp%2Fv2%2Fmedia&parent=3022"}],"wp:term":[{"taxonomy":"category","embeddable":true,"href":"https:\/\/rafalk-elblag.pl\/index.php?rest_route=%2Fwp%2Fv2%2Fcategories&post=3022"},{"taxonomy":"post_tag","embeddable":true,"href":"https:\/\/rafalk-elblag.pl\/index.php?rest_route=%2Fwp%2Fv2%2Ftags&post=3022"}],"curies":[{"name":"wp","href":"https:\/\/api.w.org\/{rel}","templated":true}]}}