{"id":3018,"date":"2017-12-18T00:07:20","date_gmt":"2017-12-18T00:07:20","guid":{"rendered":"http:\/\/rafalk-elblag.pl\/?p=3018"},"modified":"2017-12-18T00:07:20","modified_gmt":"2017-12-18T00:07:20","slug":"ogloszenia-parafialne-17-12-2017-r-iii-niedziela-adwentu","status":"publish","type":"post","link":"https:\/\/rafalk-elblag.pl\/?p=3018","title":{"rendered":"OG\u0141OSZENIA PARAFIALNE 17.12.2017 R. III NIEDZIELA ADWENTU"},"content":{"rendered":"<p><a href=\"http:\/\/rafalk-elblag.pl\/wp-content\/uploads\/2016\/12\/pulpit.jpg\"><img loading=\"lazy\" decoding=\"async\" class=\"alignnone size-large wp-image-2530\" src=\"http:\/\/rafalk-elblag.pl\/wp-content\/uploads\/2016\/12\/pulpit-1024x682.jpg\" alt=\"\" width=\"900\" height=\"599\" srcset=\"https:\/\/rafalk-elblag.pl\/wp-content\/uploads\/2016\/12\/pulpit-1024x682.jpg 1024w, https:\/\/rafalk-elblag.pl\/wp-content\/uploads\/2016\/12\/pulpit-300x200.jpg 300w, https:\/\/rafalk-elblag.pl\/wp-content\/uploads\/2016\/12\/pulpit-768x512.jpg 768w, https:\/\/rafalk-elblag.pl\/wp-content\/uploads\/2016\/12\/pulpit.jpg 1698w\" sizes=\"auto, (max-width: 900px) 100vw, 900px\" \/><\/a><\/p>\n<p>&nbsp;<\/p>\n<p><strong>1. Przed nami ostatni tydzie\u0144 ADWENTU. Zapraszamy w dni powszednie na Msze \u015bw. Roratnie ku czci Matki Bo\u017cej o godz. 6.30.<\/strong> <strong>Dzieci zapraszamy w poniedzia\u0142ek i \u015brod\u0119&nbsp;<\/strong><strong>o godz. 6.30, a m\u0142odzie\u017c z doros\u0142ymi w pi\u0105tek o godz. 6.00.<\/strong><\/p>\n<p>&nbsp;<\/p>\n<p><strong>2. UWAGA !!!<\/strong> Na zako\u0144czenie Mszy \u015bw. w sobot\u0119 23 grudnia ka\u017cdy b\u0119dzie m\u00f3g\u0142 zabra\u0107 <em>\u201e\u015bwiate\u0142ko betlejemskie\u201d <\/em>do domu na st\u00f3\u0142 wigilijny<em>.<\/em><strong> Pami\u0119tajmy o zrobieniu os\u0142onek na \u015bwiece.<\/strong><\/p>\n<p>&nbsp;<\/p>\n<p><strong>3. Ministranci rozprowadzaj\u0105 dzisiaj sianko na st\u00f3\u0142 wigilijny za dobrowoln\u0105 ofiar\u0119. Zadbajmy o to, by tego symbolu ub\u00f3stwa nie zabrak\u0142o w naszym domu.<\/strong><\/p>\n<p>&nbsp;<\/p>\n<p>4. Je\u015bli kto\u015b nie ma jeszcze po\u015bwi\u0119conego op\u0142atka na st\u00f3\u0142 wigilijny, mo\u017ce go naby\u0107 w zakrystii u pana ko\u015bcielnego. Zapraszamy.<\/p>\n<p>&nbsp;<\/p>\n<p>5. Zach\u0119camy ju\u017c dzi\u015b do godnego prze\u017cycia <strong>WIGILII BO\u017bEGO NARODZENIA<\/strong>. <strong>Zapraszamy na Pasterk\u0119 o godz. 22.00 lub o godz. 24.00.<\/strong> Przypominamy, \u017ce Msze \u015aw. w Uroczysto\u015b\u0107 Narodzenia Pa\u0144skiego b\u0119d\u0105 odprawione o godz. 9.00, 10.30, 12.00 i 18.00. <strong><u>Nie ma Mszy \u015aw. o godz. 7.00 i 15.00.<\/u><\/strong><\/p>\n<p>&nbsp;<\/p>\n<p><strong>6. Spotkania formacyjne o charakterze \u015bwi\u0105tecznym odb\u0119d\u0105 si\u0119 dla kandydat\u00f3w do bierzmowania: ROKU I \u2013 we wtorek (19 grudnia) o godz. 19:00, dla ROKU II \u2013 w czwartek o godz. 19:00 w salce m\u0142odzie\u017cowej. OBECNO\u015a\u0106 OBOWI\u0104ZKOWA.<\/strong><\/p>\n<p>&nbsp;<\/p>\n<p>7. Jak co roku, tak i na te \u015bwi\u0119ta klerycy z naszej parafii rozprowadza\u0107 b\u0119d\u0105 \u201e<strong>My\u015blnik Klerycki<\/strong>\u201d \u2013 jest on wydawany przez alumn\u00f3w naszego seminarium. <em>Zach\u0119camy do nabywania \u2013 za dobrowoln\u0105 ofiar\u0119.<\/em><\/p>\n<p>&nbsp;<\/p>\n<p>8. Przypominamy, \u017ce najpi\u0119kniejsz\u0105 modlitw\u0105 Ko\u015bcio\u0142a jest Msza \u015awi\u0119ta, kt\u00f3r\u0105 mo\u017cna zamawia\u0107 za \u017cywych i umar\u0142ych lub ofiarowa\u0107 jako wspania\u0142y chrze\u015bcija\u0144ski prezent z okazji rocznicy \u015blubu, chrztu, urodzin i imienin, prosz\u0105c o \u0142aski lub za nie dzi\u0119kuj\u0105c. <em><u>Mo\u017cna zamawia\u0107 i rezerwowa\u0107 Msze \u015awi\u0119te na rok 2018.<\/u><\/em><\/p>\n<p>&nbsp;<\/p>\n<p><strong>9. PRZYPOMINAMY !!!<\/strong> Nauka dla rodzic\u00f3w i chrzestnych: 21 grudnia (czwartek) o godz. 19.00 na plebanii.<\/p>\n<p>&nbsp;<\/p>\n<p><strong>10. Dzi\u0119kujemy tym wszystkim,<\/strong> kt\u00f3rzy w\u0142\u0105czyli si\u0119 w przygotowanie naszej \u015bwi\u0105tyni do \u015awi\u0105t Bo\u017cego Narodzenia. Szczeg\u00f3lne wyrazy wdzi\u0119czno\u015bci sk\u0142adamy pa\u0144stwu Kimso,<br \/>\ni panom, kt\u00f3rzy odpowiedzieli na moj\u0105 pro\u015bb\u0119.<\/p>\n<p>&nbsp;<\/p>\n<p>11. Dzisiaj bezpo\u015brednio po Mszy \u015bw. o godz.18.00 zapraszamy na modlitw\u0119 w duchu Taize.<br \/>\nW programie \u015bpiew kanonami, \u015bwiadectwa wyjazd\u00f3w na spotkania m\u0142odych Taize, modlitwa o pok\u00f3j i jedno\u015b\u0107 chrze\u015bcijan, kt\u00f3ra jest g\u0142\u00f3wnym charyzmatem wsp\u00f3lnoty Taize. Po modlitwie w ko\u015bciele spotkanie organizacyjne dla jad\u0105cych w tym roku na spotkanie do Bazylei. Wi\u0119cej informacji u ks. Marcina.<\/p>\n<p>&nbsp;<\/p>\n<p><strong>12. PIELGRZYMKA W ROKU 2018 !!!<\/strong> Parafia organizuje samolotow\u0105 pielgrzymk\u0119 do Francji w dniach 21 \u2013 28 wrze\u015bnia 2018 roku. Zobaczymy takie miejsca jak: La Salette, Lourdes, zamki nad Loar\u0105, Paray \u2013 Le &#8211; Monial oraz Ars. Koszt 3490 z\u0142. plus 110 euro. <em>Zapisy u ks. Proboszcza do 21 stycznia 2018 r. Wpisowe 1000 z\u0142. Pomy\u015bl i zaplanuj ju\u017c dzi\u015b Tw\u00f3j wyjazd do tak wa\u017cnych i cudownych miejsc.<\/em><\/p>\n<p>&nbsp;<\/p>\n<p>13. Przed ko\u015bcio\u0142em mo\u017cna naby\u0107 pras\u0119 katolick\u0105: \u201eGo\u015b\u0107 Niedzielny\u201d a w nim dodatek diecezjalny <strong>\u201eGo\u015b\u0107 Elbl\u0105ski\u201d<\/strong> &#8211; 5 z\u0142. oraz nowy numer \u201eCuda i \u0142aski Bo\u017ce\u201d w cenie 3,50 z\u0142.<\/p>\n<p>&nbsp;<\/p>\n<p>14. Pan powo\u0142a\u0142 do wieczno\u015bci: \u015bp. Piotra Lietza, lat 37 z ul. Sobieskiego. <em>Wieczny odpoczynek racz mu da\u0107 Panie! A \u015bwiat\u0142o\u015b\u0107 wiekuista niechaj mu \u015bwieci!<\/em><\/p>\n<p style=\"text-align: center;\">&nbsp;<\/p>\n<table width=\"708\">\n<tbody>\n<tr>\n<td width=\"708\"><span style=\"color: #339966;\"><strong>Numer Konta Parafialnego<\/strong><\/span><\/p>\n<p style=\"text-align: center;\"><span style=\"color: #339966;\"><strong>PKO BP 72 1020 1752 0000 0102 0069 6047<\/strong><\/span><\/p>\n<\/td>\n<\/tr>\n<\/tbody>\n<\/table>\n<p>&nbsp;<\/p>\n<p>&nbsp;<\/p>\n","protected":false},"excerpt":{"rendered":"<p>&nbsp; 1. Przed nami ostatni tydzie\u0144 ADWENTU. Zapraszamy w dni powszednie na Msze \u015bw. Roratnie ku czci Matki Bo\u017cej o godz. 6.30. Dzieci zapraszamy w poniedzia\u0142ek i \u015brod\u0119&nbsp;o godz. 6.30, a m\u0142odzie\u017c z doros\u0142ymi w pi\u0105tek o godz. 6.00. &nbsp; 2. UWAGA !!! Na zako\u0144czenie Mszy \u015bw. w sobot\u0119 23 grudnia ka\u017cdy b\u0119dzie m\u00f3g\u0142 zabra\u0107 [&hellip;]<\/p>\n","protected":false},"author":1,"featured_media":2530,"comment_status":"closed","ping_status":"closed","sticky":false,"template":"","format":"standard","meta":{"ngg_post_thumbnail":0,"footnotes":""},"categories":[11,8,3],"tags":[],"class_list":["post-3018","post","type-post","status-publish","format-standard","has-post-thumbnail","hentry","category-aktualnosci","category-blog","category-ogloszenia"],"_links":{"self":[{"href":"https:\/\/rafalk-elblag.pl\/index.php?rest_route=\/wp\/v2\/posts\/3018","targetHints":{"allow":["GET"]}}],"collection":[{"href":"https:\/\/rafalk-elblag.pl\/index.php?rest_route=\/wp\/v2\/posts"}],"about":[{"href":"https:\/\/rafalk-elblag.pl\/index.php?rest_route=\/wp\/v2\/types\/post"}],"author":[{"embeddable":true,"href":"https:\/\/rafalk-elblag.pl\/index.php?rest_route=\/wp\/v2\/users\/1"}],"replies":[{"embeddable":true,"href":"https:\/\/rafalk-elblag.pl\/index.php?rest_route=%2Fwp%2Fv2%2Fcomments&post=3018"}],"version-history":[{"count":1,"href":"https:\/\/rafalk-elblag.pl\/index.php?rest_route=\/wp\/v2\/posts\/3018\/revisions"}],"predecessor-version":[{"id":3019,"href":"https:\/\/rafalk-elblag.pl\/index.php?rest_route=\/wp\/v2\/posts\/3018\/revisions\/3019"}],"wp:featuredmedia":[{"embeddable":true,"href":"https:\/\/rafalk-elblag.pl\/index.php?rest_route=\/wp\/v2\/media\/2530"}],"wp:attachment":[{"href":"https:\/\/rafalk-elblag.pl\/index.php?rest_route=%2Fwp%2Fv2%2Fmedia&parent=3018"}],"wp:term":[{"taxonomy":"category","embeddable":true,"href":"https:\/\/rafalk-elblag.pl\/index.php?rest_route=%2Fwp%2Fv2%2Fcategories&post=3018"},{"taxonomy":"post_tag","embeddable":true,"href":"https:\/\/rafalk-elblag.pl\/index.php?rest_route=%2Fwp%2Fv2%2Ftags&post=3018"}],"curies":[{"name":"wp","href":"https:\/\/api.w.org\/{rel}","templated":true}]}}