{"id":3016,"date":"2017-12-18T00:01:56","date_gmt":"2017-12-18T00:01:56","guid":{"rendered":"http:\/\/rafalk-elblag.pl\/?p=3016"},"modified":"2017-12-18T00:01:56","modified_gmt":"2017-12-18T00:01:56","slug":"intencje-mszalne-na-iii-tydzien-adwentu-18-25-12-2017-r","status":"publish","type":"post","link":"https:\/\/rafalk-elblag.pl\/?p=3016","title":{"rendered":"INTENCJE MSZALNE NA III TYDZIE\u0143 ADWENTU (18-25.12.2017 R.)"},"content":{"rendered":"<p><a href=\"http:\/\/rafalk-elblag.pl\/wp-content\/uploads\/2016\/12\/shutterstock_49643152-1000.jpg\"><img loading=\"lazy\" decoding=\"async\" class=\"alignnone size-full wp-image-2526\" src=\"http:\/\/rafalk-elblag.pl\/wp-content\/uploads\/2016\/12\/shutterstock_49643152-1000.jpg\" alt=\"\" width=\"1000\" height=\"665\" srcset=\"https:\/\/rafalk-elblag.pl\/wp-content\/uploads\/2016\/12\/shutterstock_49643152-1000.jpg 1000w, https:\/\/rafalk-elblag.pl\/wp-content\/uploads\/2016\/12\/shutterstock_49643152-1000-300x200.jpg 300w, https:\/\/rafalk-elblag.pl\/wp-content\/uploads\/2016\/12\/shutterstock_49643152-1000-768x511.jpg 768w\" sizes=\"auto, (max-width: 1000px) 100vw, 1000px\" \/><\/a><\/p>\n<p>&nbsp;<\/p>\n<table width=\"726\">\n<tbody>\n<tr>\n<td colspan=\"2\" width=\"593\"><strong>18 grudnia &nbsp;&nbsp;PONIEDZIA\u0141EK<\/strong><\/td>\n<td width=\"133\"><strong><em>Mt 1, 18-24<\/em><\/strong><\/td>\n<\/tr>\n<tr>\n<td width=\"87\">6:30<\/td>\n<td colspan=\"2\" width=\"639\">\u015ap. Wojciech \u017bukowski 18 greg.<\/td>\n<\/tr>\n<tr>\n<td width=\"87\">18:00<\/td>\n<td colspan=\"2\" width=\"639\">\u015ap. Jadwiga Dobejko w 19 rocz. \u015bmierci<\/td>\n<\/tr>\n<\/tbody>\n<\/table>\n<p>&nbsp;<\/p>\n<table width=\"726\">\n<tbody>\n<tr>\n<td colspan=\"2\" width=\"593\"><strong>19 grudnia&nbsp;&nbsp; <\/strong><strong>WTOREK<\/strong><\/td>\n<td width=\"133\"><strong><em>\u0141k 1, 5-25<\/em><\/strong><\/td>\n<\/tr>\n<tr>\n<td width=\"87\">6:30<\/td>\n<td colspan=\"2\" width=\"639\">Dzi\u0119kczynna za Zuzann\u0119 i Henryka Stan z pro\u015bb\u0105 o dary Ducha \u015awi\u0119tego i opiek\u0119 Matki Bo\u017cej na ka\u017cdy kolejny dzie\u0144<\/td>\n<\/tr>\n<tr>\n<td width=\"87\">18:00<\/td>\n<td colspan=\"2\" width=\"639\">\u015ap. Wojciech \u017bukowski 19 greg.<\/td>\n<\/tr>\n<\/tbody>\n<\/table>\n<p>&nbsp;<\/p>\n<table width=\"726\">\n<tbody>\n<tr>\n<td colspan=\"2\" width=\"593\"><strong>20 grudnia&nbsp;&nbsp; \u015aRODA<\/strong><\/td>\n<td width=\"133\"><strong><em>\u0141k 1, 26-38<\/em><\/strong><\/td>\n<\/tr>\n<tr>\n<td width=\"87\">6:30<\/td>\n<td colspan=\"2\" width=\"639\">\u015ap. Adam Zasada w 30 rocz. \u015bmierci i \u015bp. Tomasz Piwnikiewicz w 3 rocz. \u015bmierci<\/td>\n<\/tr>\n<tr>\n<td width=\"87\">17:30<\/td>\n<td colspan=\"2\" width=\"639\"><em>Nabo\u017ce\u0144stwo do Matki Bo\u017cej Nieustaj\u0105cej Pomocy<\/em><\/td>\n<\/tr>\n<tr>\n<td width=\"87\">18:00<\/td>\n<td colspan=\"2\" width=\"639\">\u015ap. Wojciech \u017bukowski 20 greg.<\/td>\n<\/tr>\n<tr>\n<td width=\"87\">18:00<\/td>\n<td colspan=\"2\" width=\"639\">W intencjach czcicieli Matki Bo\u017cej Nieustaj\u0105cej Pomocy<\/td>\n<\/tr>\n<\/tbody>\n<\/table>\n<p>&nbsp;<\/p>\n<table width=\"726\">\n<tbody>\n<tr>\n<td colspan=\"2\" width=\"593\"><strong>21 grudnia&nbsp;&nbsp; CZWARTEK<\/strong><\/td>\n<td width=\"133\"><strong><em>\u0141k 1, 39-45<\/em><\/strong><\/td>\n<\/tr>\n<tr>\n<td width=\"87\">6:30<\/td>\n<td colspan=\"2\" width=\"639\">\u015ap. Hubert Plit w 18 rocz. \u015bmierci<\/td>\n<\/tr>\n<tr>\n<td width=\"87\">18:00<\/td>\n<td colspan=\"2\" width=\"639\">\u015ap. Wojciech \u017bukowski 21 greg.<\/td>\n<\/tr>\n<\/tbody>\n<\/table>\n<p>&nbsp;<\/p>\n<table width=\"726\">\n<tbody>\n<tr>\n<td colspan=\"2\" width=\"593\"><strong>22 grudnia&nbsp;&nbsp; PI\u0104TEK<\/strong><\/td>\n<td width=\"133\"><strong><em>\u0141k 1, 46-56<\/em><\/strong><\/td>\n<\/tr>\n<tr>\n<td width=\"87\">6:00<\/td>\n<td colspan=\"2\" width=\"639\">\u015ap. Wojciech \u017bukowski 22 greg.<\/td>\n<\/tr>\n<tr>\n<td width=\"87\">18:00<\/td>\n<td colspan=\"2\" width=\"639\">\u015ap. Stanis\u0142aw Malinowski, \u015bp. Teresa i Tomasz Gala, \u015bp. Teresa Malinowska<\/td>\n<\/tr>\n<tr>\n<td width=\"87\">18:00<\/td>\n<td colspan=\"2\" width=\"639\">\u015ap. Stanis\u0142aw Byzdra w 23 rocz. \u015bmierci, \u015bp. Jadwiga Byzdra, \u015bp. J\u00f3zef i Maria Byzdra oraz \u015bp. Kazimierz i Janina Mela\u0144czuk<\/td>\n<\/tr>\n<\/tbody>\n<\/table>\n<p>&nbsp;<\/p>\n<table width=\"726\">\n<tbody>\n<tr>\n<td colspan=\"2\" width=\"593\"><strong>23 grudnia&nbsp; &nbsp;SOBOTA<\/strong><\/td>\n<td width=\"133\"><strong><em>\u0141k 1, 57-66<\/em><\/strong><\/td>\n<\/tr>\n<tr>\n<td width=\"87\">6:30<\/td>\n<td colspan=\"2\" width=\"639\">\u015ap. Wojciech \u017bukowski 23 greg.<\/td>\n<\/tr>\n<tr>\n<td width=\"87\">18:00<\/td>\n<td colspan=\"2\" width=\"639\">\u015ap. Stanis\u0142awa Rajewska w 1 rocz. \u015bmierci<\/td>\n<\/tr>\n<tr>\n<td width=\"87\">18:00<\/td>\n<td colspan=\"2\" width=\"639\">\u015ap. Edward Piotrowicz w 1 rocz. \u015bmierci<\/td>\n<\/tr>\n<\/tbody>\n<\/table>\n<p>&nbsp;<\/p>\n<table width=\"726\">\n<tbody>\n<tr>\n<td colspan=\"2\" width=\"593\"><strong>24 grudnia&nbsp;&nbsp; IV NIEDZIELA ADWENTU<\/strong><\/td>\n<td width=\"133\"><strong><em>\u0141k 1, 26-38<\/em><\/strong><\/td>\n<\/tr>\n<tr>\n<td width=\"87\">7:00<\/td>\n<td colspan=\"2\" width=\"639\">\u015ap. Wojciech \u017bukowski 24 greg.<\/td>\n<\/tr>\n<tr>\n<td width=\"87\">9:00<\/td>\n<td colspan=\"2\" width=\"639\">Dzi\u0119kczynna w 8 rocz. trze\u017awo\u015bci Jerzego z pro\u015bb\u0105 o Bo\u017ce b\u0142ogos\u0142awie\u0144stwo i potrzebne \u0142aski w zachowaniu abstynencji<\/td>\n<\/tr>\n<tr>\n<td width=\"87\">9:00<\/td>\n<td colspan=\"2\" width=\"639\">\u015ap. Barbara Ulkowska w 11 rocz. \u015bmierci<\/td>\n<\/tr>\n<tr>\n<td width=\"87\">10:30<\/td>\n<td colspan=\"2\" width=\"639\">\u015ap. Maksymilian w 31 rocz. \u015bmierci oraz \u015bp. Marta w 12 rocz. \u015bmierci z rodziny Szyd\u0142owskich<\/td>\n<\/tr>\n<tr>\n<td width=\"87\">12:00<\/td>\n<td colspan=\"2\" width=\"639\">\u015ap. Henryk Dul w 3 rocz. \u015bmierci<\/td>\n<\/tr>\n<\/tbody>\n<\/table>\n<p>&nbsp;<\/p>\n<table width=\"726\">\n<tbody>\n<tr>\n<td colspan=\"2\" width=\"593\"><strong>25 grudnia&nbsp;&nbsp; PONIEDZIA\u0141EK &nbsp;&nbsp;\u015aWI\u0118TA NOC NARODZENIA PA\u0143SKIEGO I UROCZYSTO\u015a\u0106 BO\u017bEGO NARODZENIA<\/strong><\/td>\n<td width=\"133\"><strong><em>\u0141k 2, 1-14<\/em><\/strong><\/td>\n<\/tr>\n<tr>\n<td width=\"87\"><strong>22:00<\/strong><\/td>\n<td colspan=\"2\" width=\"639\"><strong>Za parafian<\/strong><\/td>\n<\/tr>\n<tr>\n<td width=\"87\">22:00<\/td>\n<td colspan=\"2\" width=\"639\">\u015ap. Jolanta Karman w 5 rocz. \u015bmierci<\/td>\n<\/tr>\n<tr>\n<td width=\"87\"><strong>24:00<\/strong><\/td>\n<td colspan=\"2\" width=\"639\"><strong>Za parafian<\/strong><\/td>\n<\/tr>\n<tr>\n<td width=\"87\">24:00<\/td>\n<td colspan=\"2\" width=\"639\">O Bo\u017ce b\u0142ogos\u0142awie\u0144stwo i potrzebne \u0142aski dla rodziny Makowskich<\/td>\n<\/tr>\n<tr>\n<td width=\"87\">24:00<\/td>\n<td colspan=\"2\" width=\"639\">\u015ap. Henryk Walkowiak w 36 rocz. \u015bmierci i \u015bp. Apolonia Groszyk w 14 rocz. \u015bmierci<\/td>\n<\/tr>\n<tr>\n<td width=\"87\">9:00<\/td>\n<td colspan=\"2\" width=\"639\">\u015ap. Janina i W\u0142adys\u0142aw Kajrewicz oraz \u015bp. Edmund Kanownik i zmarli z tych rodzin<\/td>\n<\/tr>\n<tr>\n<td width=\"87\">10:30<\/td>\n<td colspan=\"2\" width=\"639\">Dzi\u0119kczynna w 25 rocz. \u015blubu Marioli i Andrzeja Jurgielewicz z pro\u015bb\u0105 o Bo\u017ce b\u0142ogos\u0142awie\u0144stwo i potrzebne \u0142aski dla Srebrnych Jubilat\u00f3w<\/td>\n<\/tr>\n<tr>\n<td width=\"87\">12:00<\/td>\n<td colspan=\"2\" width=\"639\">Dzi\u0119kczynna w 50 rocz. \u015blubu Stanis\u0142awy (k) i Henryka Mochol z pro\u015bb\u0105 o Bo\u017ce b\u0142ogos\u0142awie\u0144stwo i potrzebne \u0142aski dla Z\u0142otych Jubilat\u00f3w i ca\u0142ej rodziny<\/td>\n<\/tr>\n<tr>\n<td width=\"87\">18:00<\/td>\n<td colspan=\"2\" width=\"639\">\u015ap. Wojciech \u017bukowski 25 greg.<\/td>\n<\/tr>\n<\/tbody>\n<\/table>\n<p>&nbsp;<\/p>\n<p>&nbsp;<\/p>\n","protected":false},"excerpt":{"rendered":"<p>&nbsp; 18 grudnia &nbsp;&nbsp;PONIEDZIA\u0141EK Mt 1, 18-24 6:30 \u015ap. Wojciech \u017bukowski 18 greg. 18:00 \u015ap. Jadwiga Dobejko w 19 rocz. \u015bmierci &nbsp; 19 grudnia&nbsp;&nbsp; WTOREK \u0141k 1, 5-25 6:30 Dzi\u0119kczynna za Zuzann\u0119 i Henryka Stan z pro\u015bb\u0105 o dary Ducha \u015awi\u0119tego i opiek\u0119 Matki Bo\u017cej na ka\u017cdy kolejny dzie\u0144 18:00 \u015ap. Wojciech \u017bukowski 19 greg. [&hellip;]<\/p>\n","protected":false},"author":1,"featured_media":2526,"comment_status":"closed","ping_status":"closed","sticky":false,"template":"","format":"standard","meta":{"ngg_post_thumbnail":0,"footnotes":""},"categories":[11,8,4],"tags":[],"class_list":["post-3016","post","type-post","status-publish","format-standard","has-post-thumbnail","hentry","category-aktualnosci","category-blog","category-intencje"],"_links":{"self":[{"href":"https:\/\/rafalk-elblag.pl\/index.php?rest_route=\/wp\/v2\/posts\/3016","targetHints":{"allow":["GET"]}}],"collection":[{"href":"https:\/\/rafalk-elblag.pl\/index.php?rest_route=\/wp\/v2\/posts"}],"about":[{"href":"https:\/\/rafalk-elblag.pl\/index.php?rest_route=\/wp\/v2\/types\/post"}],"author":[{"embeddable":true,"href":"https:\/\/rafalk-elblag.pl\/index.php?rest_route=\/wp\/v2\/users\/1"}],"replies":[{"embeddable":true,"href":"https:\/\/rafalk-elblag.pl\/index.php?rest_route=%2Fwp%2Fv2%2Fcomments&post=3016"}],"version-history":[{"count":1,"href":"https:\/\/rafalk-elblag.pl\/index.php?rest_route=\/wp\/v2\/posts\/3016\/revisions"}],"predecessor-version":[{"id":3017,"href":"https:\/\/rafalk-elblag.pl\/index.php?rest_route=\/wp\/v2\/posts\/3016\/revisions\/3017"}],"wp:featuredmedia":[{"embeddable":true,"href":"https:\/\/rafalk-elblag.pl\/index.php?rest_route=\/wp\/v2\/media\/2526"}],"wp:attachment":[{"href":"https:\/\/rafalk-elblag.pl\/index.php?rest_route=%2Fwp%2Fv2%2Fmedia&parent=3016"}],"wp:term":[{"taxonomy":"category","embeddable":true,"href":"https:\/\/rafalk-elblag.pl\/index.php?rest_route=%2Fwp%2Fv2%2Fcategories&post=3016"},{"taxonomy":"post_tag","embeddable":true,"href":"https:\/\/rafalk-elblag.pl\/index.php?rest_route=%2Fwp%2Fv2%2Ftags&post=3016"}],"curies":[{"name":"wp","href":"https:\/\/api.w.org\/{rel}","templated":true}]}}