{"id":3013,"date":"2017-12-04T16:09:15","date_gmt":"2017-12-04T16:09:15","guid":{"rendered":"http:\/\/rafalk-elblag.pl\/?p=3013"},"modified":"2017-12-27T00:58:06","modified_gmt":"2017-12-27T00:58:06","slug":"roraty-i-inne-adwentowe-dylematy","status":"publish","type":"post","link":"https:\/\/rafalk-elblag.pl\/?p=3013","title":{"rendered":"RORATY i inne adwentowe dylematy&#8230;"},"content":{"rendered":"<p><a href=\"http:\/\/rafalk-elblag.pl\/wp-content\/uploads\/2016\/12\/candle-15821_640.jpg\"><img loading=\"lazy\" decoding=\"async\" class=\"size-full wp-image-2541 aligncenter\" src=\"http:\/\/rafalk-elblag.pl\/wp-content\/uploads\/2016\/12\/candle-15821_640.jpg\" alt=\"\" width=\"640\" height=\"426\" srcset=\"https:\/\/rafalk-elblag.pl\/wp-content\/uploads\/2016\/12\/candle-15821_640.jpg 640w, https:\/\/rafalk-elblag.pl\/wp-content\/uploads\/2016\/12\/candle-15821_640-300x200.jpg 300w\" sizes=\"auto, (max-width: 640px) 100vw, 640px\" \/><\/a><\/p>\n<p>&nbsp;<\/p>\n<p><strong>W tym roku wyj\u0105tkowo kr\u00f3tki, trzeba wi\u0119c zadba\u0107 o to, by dobrze go prze\u017cy\u0107, bo bez niego lepiej w og\u00f3le nie zasiada\u0107 do wigilijnego sto\u0142u. Mowa oczywi\u015bcie o adwencie! Ten bardzo kr\u00f3tki okres rozpoczynaj\u0105cy rok liturgiczny potrwa w tym roku zaledwie 22 dni\u2026 Dzi\u0119ki czemu mo\u017cemy go lepiej prze\u017cy\u0107? Zapraszam do kr\u00f3tkiego s\u0142owniczka adwentowego, kt\u00f3ry zwr\u00f3ci uwag\u0119 na najwa\u017cniejsze elementy czasu oczekiwania na \u015awi\u0119ta Bo\u017conarodzeniowe.<\/strong><\/p>\n<p>&nbsp;<\/p>\n<p><strong>Roraty<\/strong> \u2013 w czasie og\u0142osze\u0144 parafialny s\u0142yszymy zach\u0119ty, by bra\u0107 udzia\u0142 w Mszach roratnich. Czym r\u00f3\u017cni\u0105 si\u0119 te Msze od pozosta\u0142ych i dlaczego warto na nie przychodzi\u0107? Warto zacz\u0105\u0107 od tego, \u017ce sama pora dnia jest ma\u0142o zach\u0119caj\u0105ca do spacer\u00f3w do ko\u015bcio\u0142a. Dlaczego zatem roraty rozpoczynaj\u0105 si\u0119 tak wcze\u015bnie? Wi\u0105\u017ce si\u0119 to z symbolik\u0105 Chrystusa, kt\u00f3ry narodzi\u0142 si\u0119 w Betlejem i przedstawiany jest jako \u015bwiat\u0142o wschodz\u0105cego s\u0142o\u0144ca, przychodzi jako ten, kt\u00f3ry mo\u017ce wyci\u0105gn\u0105\u0107 cz\u0142owieka z ciemno\u015bci &#8211; kojarzonej z trwaniem w ciemno\u015bci grzechu. <em>Wschodz\u0105ce S\u0142o\u0144ce nas nawiedzi, by zaja\u015bnie\u0107 tym, co w mroku i cieniu \u015bmierci mieszkaj\u0105<\/em> [\u0141k 1,78-79]. Dlatego przychodzimy rano, aby trzymaj\u0105c w r\u0119ku lampion stawa\u0107 si\u0119 \u015bwiadkami \u015bwiat\u0142a Chrystusa, kt\u00f3re nosimy w sercu. Nazwa rorat pochodzi od \u0142aci\u0144skich s\u0142\u00f3w pie\u015bni cz\u0119sto \u015bpiewanej na ich pocz\u0105tku &#8211; <em>Rorate caeli desuper<\/em> &#8211; <em>Spu\u015b\u0107cie ros\u0119, niebiosa<\/em>. Eucharystia rozpoczyna si\u0119 przy zgaszonych \u015bwiat\u0142ach &#8211; zapalaj\u0105 si\u0119 one dopiero podczas uroczystego hymnu <em>Chwa\u0142a na wysoko\u015bci Bogu<\/em>. Jest to Msza po\u015bwi\u0119cona Naj\u015bwi\u0119tszej Maryi Pannie, gdy\u017c razem z Ni\u0105 pragniemy prze\u017cywa\u0107 czas oczekiwania na przyj\u015bcie Chrystusa i to wspominane w obchodzie \u015awi\u0105t Bo\u017cego Narodzenia i te maj\u0105ce nas ostatecznie po\u0142\u0105czy\u0107 z Bogiem na wieki. Maryja ma by\u0107 dla nas szczeg\u00f3ln\u0105 przewodniczk\u0105 na adwentowych \u015bcie\u017ckach.<\/p>\n<table class=\" aligncenter\" style=\"height: 552px;\" width=\"502\">\n<tbody>\n<tr>\n<td width=\"508\">&nbsp;<\/p>\n<p><strong>RORATY<\/strong><\/p>\n<p><strong><em>&#8211; adwentowe Msze \u015awi\u0119te poranne ku czci Matki Bo\u017cej:<\/em><\/strong><\/p>\n<p>&nbsp;<\/p>\n<p><strong>Dla dzieci:<\/strong><\/p>\n<p>poniedzia\u0142ki i \u015brody o godz. 6:30<\/p>\n<p>&nbsp;<\/p>\n<p><strong>Dla m\u0142odzie\u017cy:<\/strong><\/p>\n<p>pi\u0105tki o godz. 6:00<\/p>\n<p>&nbsp;<\/p>\n<p><strong>Dla doros\u0142ych:<\/strong><\/p>\n<p>wtorki, czwartki i soboty o godz. 6:30<\/p>\n<p>&nbsp;<\/td>\n<\/tr>\n<\/tbody>\n<\/table>\n<p style=\"text-align: center;\">&nbsp;<\/p>\n<p style=\"text-align: left;\"><strong>Pie\u015bni adwentowe<\/strong> \u2013 my\u015bl\u0119, \u017ce to dobry moment, by chwyci\u0107 po \u015bpiewniki! Adwent to najkr\u00f3tszy [zaraz po Triduum Paschalnym] okres liturgiczny. Dlatego te\u017c pie\u015bni \u015bpiewane w tym czasie s\u0105 na og\u00f3\u0142 mniej znane, ni\u017c \u015bpiewane powszechnie w ci\u0105gu roku, czy nawet pie\u015bni wielkanocne lub bo\u017conarodzeniowe kol\u0119dy. Dlatego w wolnej chwili warto od\u015bwie\u017cy\u0107 sobie takie pie\u015bni jak: <em>W tym \u015bwi\u0119tym czasie oczekiwania, Niebiosa ros\u0119, Stworzycielu gwiazd \u015bwiec\u0105cych, Po upadku cz\u0142owieka grzesznego, G\u0142os wdzi\u0119czny z nieba wychodzi, Tobie wznawiamy, Hejna\u0142 wszyscy za\u015bpiewajmy, Wody Jordanu, Oto Pan B\u00f3g przyjdzie<\/em> i inne. Je\u015bli te tytu\u0142y niewiele nam m\u00f3wi\u0105, tym bardziej zach\u0119camy do poznania pi\u0119knych tre\u015bci, kt\u00f3re zawieraj\u0105 w sobie adwentowe pie\u015bni.<\/p>\n<p style=\"text-align: left;\">&nbsp;<\/p>\n<p style=\"text-align: left;\"><strong>Wigilijne Dzie\u0142o Pomocy Dzieciom<\/strong> \u2013 adwent to czas przygotowania do \u015awi\u0105t nie tylko w swoich domach. Ten okres ma uwra\u017cliwi\u0107 nas tak\u017ce na potrzeby bli\u017anich, szczeg\u00f3lnie najubo\u017cszych. Ju\u017c na dobre w krajobraz adwentowych dni wpisa\u0142a si\u0119 akcja rozprowadzania \u015bwiec Caritas, z kt\u00f3rych doch\u00f3d przeznaczony jest na pomoc potrzebuj\u0105cym dzieciom zapewniaj\u0105c im m.in. posi\u0142ki, stypendia, wakacje, leczenie i rehabilitacje. Tak\u017ce i w naszej parafii zach\u0119camy do nabywania \u015bwiec i wspierania tym samym charytatywnych dzie\u0142 prowadzonych przez Ko\u015bci\u00f3\u0142 [<em>wi\u0119cej w og\u0142oszeniach<\/em>].<\/p>\n<p style=\"text-align: left;\">&nbsp;<\/p>\n<p style=\"text-align: left;\">Obok tych wymienionych \u201esymboli\u201d adwentu znamy tak\u017ce inne: rekolekcje adwentowe, lampiony, adwentowy wieniec i kalendarz, \u015bwieca roratnia. Ka\u017cdy z nich zas\u0142ugiwa\u0142by na osobny komentarz. Mamy nadziej\u0119, \u017ce obecno\u015b\u0107 w Ko\u015bciele w tym czasie pozwoli pozna\u0107 je wszystkie. <strong>A my raz jeszcze zapraszamy do porannego wstawania i spotkania si\u0119 na roratach!<\/strong><\/p>\n<p>&nbsp;<\/p>\n","protected":false},"excerpt":{"rendered":"<p>&nbsp; W tym roku wyj\u0105tkowo kr\u00f3tki, trzeba wi\u0119c zadba\u0107 o to, by dobrze go prze\u017cy\u0107, bo bez niego lepiej w og\u00f3le nie zasiada\u0107 do wigilijnego sto\u0142u. Mowa oczywi\u015bcie o adwencie! Ten bardzo kr\u00f3tki okres rozpoczynaj\u0105cy rok liturgiczny potrwa w tym roku zaledwie 22 dni\u2026 Dzi\u0119ki czemu mo\u017cemy go lepiej prze\u017cy\u0107? Zapraszam do kr\u00f3tkiego s\u0142owniczka adwentowego, [&hellip;]<\/p>\n","protected":false},"author":1,"featured_media":2541,"comment_status":"closed","ping_status":"closed","sticky":false,"template":"","format":"standard","meta":{"ngg_post_thumbnail":0,"footnotes":""},"categories":[11,8],"tags":[],"class_list":["post-3013","post","type-post","status-publish","format-standard","has-post-thumbnail","hentry","category-aktualnosci","category-blog"],"_links":{"self":[{"href":"https:\/\/rafalk-elblag.pl\/index.php?rest_route=\/wp\/v2\/posts\/3013","targetHints":{"allow":["GET"]}}],"collection":[{"href":"https:\/\/rafalk-elblag.pl\/index.php?rest_route=\/wp\/v2\/posts"}],"about":[{"href":"https:\/\/rafalk-elblag.pl\/index.php?rest_route=\/wp\/v2\/types\/post"}],"author":[{"embeddable":true,"href":"https:\/\/rafalk-elblag.pl\/index.php?rest_route=\/wp\/v2\/users\/1"}],"replies":[{"embeddable":true,"href":"https:\/\/rafalk-elblag.pl\/index.php?rest_route=%2Fwp%2Fv2%2Fcomments&post=3013"}],"version-history":[{"count":1,"href":"https:\/\/rafalk-elblag.pl\/index.php?rest_route=\/wp\/v2\/posts\/3013\/revisions"}],"predecessor-version":[{"id":3014,"href":"https:\/\/rafalk-elblag.pl\/index.php?rest_route=\/wp\/v2\/posts\/3013\/revisions\/3014"}],"wp:featuredmedia":[{"embeddable":true,"href":"https:\/\/rafalk-elblag.pl\/index.php?rest_route=\/wp\/v2\/media\/2541"}],"wp:attachment":[{"href":"https:\/\/rafalk-elblag.pl\/index.php?rest_route=%2Fwp%2Fv2%2Fmedia&parent=3013"}],"wp:term":[{"taxonomy":"category","embeddable":true,"href":"https:\/\/rafalk-elblag.pl\/index.php?rest_route=%2Fwp%2Fv2%2Fcategories&post=3013"},{"taxonomy":"post_tag","embeddable":true,"href":"https:\/\/rafalk-elblag.pl\/index.php?rest_route=%2Fwp%2Fv2%2Ftags&post=3013"}],"curies":[{"name":"wp","href":"https:\/\/api.w.org\/{rel}","templated":true}]}}