{"id":3011,"date":"2017-12-04T16:05:52","date_gmt":"2017-12-04T16:05:52","guid":{"rendered":"http:\/\/rafalk-elblag.pl\/?p=3011"},"modified":"2017-12-04T16:05:52","modified_gmt":"2017-12-04T16:05:52","slug":"ogloszenia-parafialne-3-12-2017-r-i-niedziela-adwentu","status":"publish","type":"post","link":"https:\/\/rafalk-elblag.pl\/?p=3011","title":{"rendered":"OG\u0141OSZENIA PARAFIALNE 3.12.2017 R. I NIEDZIELA ADWENTU"},"content":{"rendered":"<p><a href=\"http:\/\/rafalk-elblag.pl\/wp-content\/uploads\/2016\/12\/pulpit.jpg\"><img loading=\"lazy\" decoding=\"async\" class=\"alignnone size-large wp-image-2530\" src=\"http:\/\/rafalk-elblag.pl\/wp-content\/uploads\/2016\/12\/pulpit-1024x682.jpg\" alt=\"\" width=\"900\" height=\"599\" srcset=\"https:\/\/rafalk-elblag.pl\/wp-content\/uploads\/2016\/12\/pulpit-1024x682.jpg 1024w, https:\/\/rafalk-elblag.pl\/wp-content\/uploads\/2016\/12\/pulpit-300x200.jpg 300w, https:\/\/rafalk-elblag.pl\/wp-content\/uploads\/2016\/12\/pulpit-768x512.jpg 768w, https:\/\/rafalk-elblag.pl\/wp-content\/uploads\/2016\/12\/pulpit.jpg 1698w\" sizes=\"auto, (max-width: 900px) 100vw, 900px\" \/><\/a><\/p>\n<p>&nbsp;<\/p>\n<p><strong>1. Zapraszamy dzisiaj na Adoracj\u0119 Naj\u015bwi\u0119tszego Sakramentu od godz. 16.00.<\/strong><\/p>\n<p>&nbsp;<\/p>\n<p>2. Dzisiejsza taca przeznaczona na pokrycie koszt\u00f3w zwi\u0105zanych z ogrzewaniem naszej \u015bwi\u0105tyni. B\u00f3g zap\u0142a\u0107 za z\u0142o\u017cone ofiary. <em><u>PROSIMY O ZAMYKANIE DRZWI PRZY WCHODZEIU I WYCHODZENIU Z KO\u015aCIO\u0141A. <strong>DZI\u0118KUJEMY.<\/strong><\/u><\/em><\/p>\n<p>&nbsp;<\/p>\n<p><strong>3. Zapraszamy w ADWENCIE na wsp\u00f3lne \u015bpiewanie Godzinek ku czci Niepokalanego Pocz\u0119cia NMP: niedziela godz. 8.40. <\/strong><\/p>\n<p>&nbsp;<\/p>\n<p><strong>4. Rozpocz\u0119ty Adwent<\/strong> to czas w kt\u00f3rym pragniemy jak najlepiej przygotowa\u0107 si\u0119 do \u015bwi\u0105t Bo\u017cego Narodzenia. <strong>UWAGA !!!<\/strong> <strong>W dni powszednie zapraszamy na Msze \u015bw. roratnie ku czci Matki Bo\u017cej o godz. 6.30.<\/strong> <strong>Dzieci zapraszamy w poniedzia\u0142ki i \u015brody o godz. 6.30, a m\u0142odzie\u017c z doros\u0142ymi w pi\u0105tek o godz. 6.00.<\/strong> <em>Dzisiaj nie wszyscy jednak rodzice gotowi s\u0105 mobilizowa\u0107 swoje pociechy do p\u00f3j\u015bcia rano na Msz\u0119 \u015bw. To raczej doro\u015bli, a nie dzieci, maj\u0105 problemy z porannymi Roratami. A trzeba pami\u0119ta\u0107, i\u017c w tym zwyczaju kryje si\u0119 mo\u017cliwo\u015b\u0107 \u0107wiczenia woli i umiej\u0119tno\u015bci wyrzeczenia, tak potrzebnych p\u00f3\u017aniej w doros\u0142ym \u017cyciu.<\/em><\/p>\n<p>&nbsp;<\/p>\n<p>5. Dzi\u015b w Elbl\u0105gu w ko\u015bciele Bo\u017cego Cia\u0142a [ul. Robotnicza 29] o godz. 17.00 rozpoczynaj\u0105 si\u0119 Rekolekcje Adwentowe dla os\u00f3b \u017cyj\u0105cych w zwi\u0105zku niesakramentalnym. <em>Kolejne spotkania rekolekcyjne w poniedzia\u0142ek i wtorek o godz. 19.00.<\/em><\/p>\n<p>&nbsp;<\/p>\n<p><strong>6. Po\u015bwi\u0119cone op\u0142atki na st\u00f3\u0142 wigilijny<\/strong>, s\u0105 roznoszone przez upowa\u017cnione osoby z naszej parafii. <em>Z\u0142o\u017cone ofiary przeznaczone na uregulowanie ostatniej raty za wykonany o\u0142tarz, ambonki i chrzcielnic\u0119 w prezbiterium ko\u015bcio\u0142a. <strong>B\u00f3g zap\u0142a\u0107.<\/strong><\/em><\/p>\n<p>&nbsp;<\/p>\n<p>7. W tym tygodniu I czwartek miesi\u0105ca (7grudnia). Zapraszamy na Eucharysti\u0119 o godz. 18.00 i GODZIN\u0118 \u015aWI\u0118T\u0104. <em>Zapraszamy wszystkie MARGARETKI i osoby modl\u0105ce si\u0119 za kap\u0142an\u00f3w.<\/em><\/p>\n<p>&nbsp;<\/p>\n<p>8. W pi\u0105tek 8 grudnia przypada<strong> Uroczysto\u015b\u0107 Niepokalanego Pocz\u0119cia NMP. Zapraszamy w tym dniu na Uroczyste Godzinki ku czci Niepokalanego Pocz\u0119cia NMP o godz. 17.30 oraz na Eucharysti\u0119. <\/strong><em>Dzie\u0144 ten jest \u015bwi\u0119tem patronalnym Ruchu \u015awiat\u0142o-\u017bycie, i jej ga\u0142\u0119zi Domowego Ko\u015bcio\u0142a. <\/em><strong>UWAGA!<\/strong> <strong>Uroczysto\u015b\u0107 ta znosi pi\u0105tkow\u0105 wstrzemi\u0119\u017aliwo\u015b\u0107 od pokarm\u00f3w mi\u0119snych.<\/strong><\/p>\n<p>&nbsp;<\/p>\n<p>9. Wolontariusze Caritas rozprowadzaj\u0105 \u015bwiece na st\u00f3\u0142 wigilijny w ramach og\u00f3lnopolskiej akcji <strong><em>\u201eWigilijne Dzie\u0142o Pomocy Dzieciom\u201d<\/em><\/strong> w cenie: 6 z\u0142 \u2013 ma\u0142e \u015bwiece i 20 z\u0142 du\u017ce \u015bwiece. Nabywaj\u0105c \u015bwiece okazujesz serce tym, kt\u00f3rzy licz\u0105 na Tw\u0105 dobro\u0107. <strong>W ostatni\u0105 niedziel\u0119 zebrano do puszek 903 z\u0142. Dzi\u0119kujemy. <\/strong>Paczki \u015bwi\u0105teczne dla najubo\u017cszych b\u0119d\u0105 wydawane 7 grudnia (czwartek) w punkcie Caritas przy ul. Myliusa 1A od godz. 16.00.<\/p>\n<p>&nbsp;<\/p>\n<p><strong>10. Rekolekcje Adwentowe<\/strong> w naszej parafii odb\u0119d\u0105 si\u0119 w dniach: 10 grudnia (niedziela) oraz 14, 15, 16 grudnia. W tym roku rekolekcje poprowadzi ks. Andrzej Nowak z Gda\u0144ska. <em>Zaplanujmy dobrze swoje obowi\u0105zki domowe, by wzi\u0105\u0107 udzia\u0142 w duchowym przygotowaniu do \u015bwi\u0105t Narodzenia Pa\u0144skiego.<\/em><\/p>\n<p>&nbsp;<\/p>\n<p>11. Trwa I SYNOD DIECEZJI ELBL\u0104SKIEJ. W naszej parafii zosta\u0142 powo\u0142any <strong>PARAFIALNY ZESP\u00d3\u0141 SYNODALNY licz\u0105cy 21 os\u00f3b.<\/strong> Zapraszam powy\u017csze osoby na spotkanie 8 grudnia br. o godz. 19.00 na plebanii. <em>W naszych modlitwach pami\u0119tajmy<br \/>\no SYNODZIE.<\/em><\/p>\n<p>&nbsp;<\/p>\n<p><strong>12. PILNE!<\/strong> Policja poszukuje zaginionego w niewyja\u015bnionych okoliczno\u015bciach naszego parafianina \u2013 Piotra Lietza [36 lat, zamieszka\u0142y przy ul. Sobieskiego]. Pan Piotr zagin\u0105\u0142 20 listopada. Wszelkie informacje na temat zaginionego prosimy kierowa\u0107 do ksi\u0119\u017cy.<\/p>\n<p>&nbsp;<\/p>\n<p>13. Za tydzie\u0144 sk\u0142adamy ofiary do puszek na tzw. pomoc Ko\u015bcio\u0142owi na Wschodzie.<\/p>\n<p>&nbsp;<\/p>\n<p>14. Zach\u0119camy do czytania prasy katolickiej: nowy numer \u201eGo\u015bcia Niedzielnego\u201d w cenie 5 z\u0142. a w nim <strong>\u201eGo\u015b\u0107 Elbl\u0105ski\u201d<\/strong> z wydarzeniami &nbsp;z naszej diecezji.<\/p>\n<p>&nbsp;<\/p>\n<p>15. Pan powo\u0142a\u0142 do wieczno\u015bci: Bronis\u0142awa (m) Kazibut, lat 92 z ul. Korczaka.<\/p>\n<p>&nbsp;<\/p>\n<p>&nbsp;<\/p>\n<p>&nbsp;<\/p>\n","protected":false},"excerpt":{"rendered":"<p>&nbsp; 1. Zapraszamy dzisiaj na Adoracj\u0119 Naj\u015bwi\u0119tszego Sakramentu od godz. 16.00. &nbsp; 2. Dzisiejsza taca przeznaczona na pokrycie koszt\u00f3w zwi\u0105zanych z ogrzewaniem naszej \u015bwi\u0105tyni. B\u00f3g zap\u0142a\u0107 za z\u0142o\u017cone ofiary. PROSIMY O ZAMYKANIE DRZWI PRZY WCHODZEIU I WYCHODZENIU Z KO\u015aCIO\u0141A. DZI\u0118KUJEMY. &nbsp; 3. Zapraszamy w ADWENCIE na wsp\u00f3lne \u015bpiewanie Godzinek ku czci Niepokalanego Pocz\u0119cia NMP: niedziela [&hellip;]<\/p>\n","protected":false},"author":1,"featured_media":2530,"comment_status":"closed","ping_status":"closed","sticky":false,"template":"","format":"standard","meta":{"ngg_post_thumbnail":0,"footnotes":""},"categories":[11,8,3],"tags":[],"class_list":["post-3011","post","type-post","status-publish","format-standard","has-post-thumbnail","hentry","category-aktualnosci","category-blog","category-ogloszenia"],"_links":{"self":[{"href":"https:\/\/rafalk-elblag.pl\/index.php?rest_route=\/wp\/v2\/posts\/3011","targetHints":{"allow":["GET"]}}],"collection":[{"href":"https:\/\/rafalk-elblag.pl\/index.php?rest_route=\/wp\/v2\/posts"}],"about":[{"href":"https:\/\/rafalk-elblag.pl\/index.php?rest_route=\/wp\/v2\/types\/post"}],"author":[{"embeddable":true,"href":"https:\/\/rafalk-elblag.pl\/index.php?rest_route=\/wp\/v2\/users\/1"}],"replies":[{"embeddable":true,"href":"https:\/\/rafalk-elblag.pl\/index.php?rest_route=%2Fwp%2Fv2%2Fcomments&post=3011"}],"version-history":[{"count":1,"href":"https:\/\/rafalk-elblag.pl\/index.php?rest_route=\/wp\/v2\/posts\/3011\/revisions"}],"predecessor-version":[{"id":3012,"href":"https:\/\/rafalk-elblag.pl\/index.php?rest_route=\/wp\/v2\/posts\/3011\/revisions\/3012"}],"wp:featuredmedia":[{"embeddable":true,"href":"https:\/\/rafalk-elblag.pl\/index.php?rest_route=\/wp\/v2\/media\/2530"}],"wp:attachment":[{"href":"https:\/\/rafalk-elblag.pl\/index.php?rest_route=%2Fwp%2Fv2%2Fmedia&parent=3011"}],"wp:term":[{"taxonomy":"category","embeddable":true,"href":"https:\/\/rafalk-elblag.pl\/index.php?rest_route=%2Fwp%2Fv2%2Fcategories&post=3011"},{"taxonomy":"post_tag","embeddable":true,"href":"https:\/\/rafalk-elblag.pl\/index.php?rest_route=%2Fwp%2Fv2%2Ftags&post=3011"}],"curies":[{"name":"wp","href":"https:\/\/api.w.org\/{rel}","templated":true}]}}