{"id":3009,"date":"2017-12-04T16:01:28","date_gmt":"2017-12-04T16:01:28","guid":{"rendered":"http:\/\/rafalk-elblag.pl\/?p=3009"},"modified":"2017-12-04T16:01:28","modified_gmt":"2017-12-04T16:01:28","slug":"intencje-mszalne-na-i-tydzien-adwentu-4-10-12-2017-r","status":"publish","type":"post","link":"https:\/\/rafalk-elblag.pl\/?p=3009","title":{"rendered":"INTENCJE MSZALNE NA I TYDZIE\u0143 ADWENTU (4-10.12.2017 R.)"},"content":{"rendered":"<p><a href=\"http:\/\/rafalk-elblag.pl\/wp-content\/uploads\/2016\/12\/shutterstock_49643152-1000.jpg\"><img loading=\"lazy\" decoding=\"async\" class=\"alignnone size-full wp-image-2526\" src=\"http:\/\/rafalk-elblag.pl\/wp-content\/uploads\/2016\/12\/shutterstock_49643152-1000.jpg\" alt=\"\" width=\"1000\" height=\"665\" srcset=\"https:\/\/rafalk-elblag.pl\/wp-content\/uploads\/2016\/12\/shutterstock_49643152-1000.jpg 1000w, https:\/\/rafalk-elblag.pl\/wp-content\/uploads\/2016\/12\/shutterstock_49643152-1000-300x200.jpg 300w, https:\/\/rafalk-elblag.pl\/wp-content\/uploads\/2016\/12\/shutterstock_49643152-1000-768x511.jpg 768w\" sizes=\"auto, (max-width: 1000px) 100vw, 1000px\" \/><\/a><\/p>\n<p>&nbsp;<\/p>\n<table width=\"726\">\n<tbody>\n<tr>\n<td colspan=\"3\" width=\"726\">\n<h2>NOWY ROK LITURGICZNY 2018 \u2013 <em>cykl czyta\u0144 B, rok II<\/em><\/h2>\n<\/td>\n<\/tr>\n<tr>\n<td colspan=\"2\" width=\"593\"><strong>4 grudnia &nbsp;&nbsp;PONIEDZIA\u0141EK<\/strong><\/td>\n<td width=\"133\"><strong><em>Mt 8, 5-11<\/em><\/strong><\/td>\n<\/tr>\n<tr>\n<td width=\"87\">6:30<\/td>\n<td colspan=\"2\" width=\"639\">\u015ap. Monika i Jan Ostrowscy<\/td>\n<\/tr>\n<tr>\n<td width=\"87\">18:00<\/td>\n<td colspan=\"2\" width=\"639\">\u015ap. Edward Kowalczyk w 30 dzie\u0144 po pogrzebie<\/td>\n<\/tr>\n<tr>\n<td width=\"87\">18:00<\/td>\n<td colspan=\"2\" width=\"639\">\u015ap. Wojciech \u017bukowski 4 greg.<\/td>\n<\/tr>\n<\/tbody>\n<\/table>\n<p>&nbsp;<\/p>\n<table width=\"726\">\n<tbody>\n<tr>\n<td colspan=\"2\" width=\"593\"><strong>5 grudnia&nbsp;&nbsp; <\/strong><strong>WTOREK<\/strong><\/td>\n<td width=\"133\"><strong><em>\u0141k 10, 21-24<\/em><\/strong><\/td>\n<\/tr>\n<tr>\n<td width=\"87\">6:30<\/td>\n<td colspan=\"2\" width=\"639\">O \u015bwiat\u0142o Ducha \u015awi\u0119tego dla Tomasza z okazji urodzin oraz o otwarto\u015b\u0107<br \/>\ni przyj\u0119cie woli Bo\u017cej<\/td>\n<\/tr>\n<tr>\n<td width=\"87\">18:00<\/td>\n<td colspan=\"2\" width=\"639\">\u015ap. Lech Klonowski w 10 rocz. \u015bmierci<\/td>\n<\/tr>\n<tr>\n<td width=\"87\">18:00<\/td>\n<td colspan=\"2\" width=\"639\">\u015ap. Wojciech \u017bukowski 5 greg.<\/td>\n<\/tr>\n<\/tbody>\n<\/table>\n<p>&nbsp;<\/p>\n<table width=\"726\">\n<tbody>\n<tr>\n<td colspan=\"2\" width=\"593\"><strong>6 grudnia&nbsp;&nbsp; \u015aRODA<\/strong><\/p>\n<p><strong>UROCZYSTO\u015a\u0106 \u015aW. MIKO\u0141AJA [biskupa, patrona miasta Elbl\u0105g]<\/strong><\/td>\n<td width=\"133\"><strong><em>Mt 15, 29-37<\/em><\/strong><\/td>\n<\/tr>\n<tr>\n<td width=\"87\">6:30<\/td>\n<td colspan=\"2\" width=\"639\">\u015ap. J\u00f3zef Sielewiczw 5 rocz. \u015bmierci<\/td>\n<\/tr>\n<tr>\n<td width=\"87\">6:30<\/td>\n<td colspan=\"2\" width=\"639\">\u015ap. Wojciech \u017bukowski 6 greg.<\/td>\n<\/tr>\n<tr>\n<td width=\"87\">17:30<\/td>\n<td colspan=\"2\" width=\"639\"><em>Nabo\u017ce\u0144stwo do Matki Bo\u017cej Nieustaj\u0105cej Pomocy<\/em><\/td>\n<\/tr>\n<tr>\n<td width=\"87\">18:00<\/td>\n<td colspan=\"2\" width=\"639\">W intencji czcicieli Matki Bo\u017cej Nieustaj\u0105cej Pomocy<\/td>\n<\/tr>\n<tr>\n<td width=\"87\">18:00<\/td>\n<td colspan=\"2\" width=\"639\">\u015ap. Krystyna Ma\u0107ko w 7 rocz. \u015bmierci<\/td>\n<\/tr>\n<\/tbody>\n<\/table>\n<p>&nbsp;<\/p>\n<table width=\"726\">\n<tbody>\n<tr>\n<td colspan=\"2\" width=\"593\"><strong>7 grudnia&nbsp; &nbsp;PIERWSZY CZWARTEK MIESI\u0104CA<\/strong><\/p>\n<p><strong>wsp. \u015bw. Ambro\u017cego [biskupa i doktora Ko\u015bcio\u0142a]<\/strong><\/td>\n<td width=\"133\"><strong><em>Mt 7, 21. 24-27<\/em><\/strong><\/td>\n<\/tr>\n<tr>\n<td width=\"87\">6:30<\/td>\n<td colspan=\"2\" width=\"639\">\u015ap. Wojciech \u017bukowski 7 greg.<\/td>\n<\/tr>\n<tr>\n<td width=\"87\">18:00<\/td>\n<td colspan=\"2\" width=\"639\">\u015ap. Lucjan Kachnowicz w 2 rocz. \u015bmieci oraz zmarli z rodzin Bajson, Jasi\u0144skich i Kachnowicz<\/td>\n<\/tr>\n<tr>\n<td width=\"87\"><strong>18:00<\/strong><\/td>\n<td colspan=\"2\" width=\"639\"><strong>O nowe, liczne i \u015bwi\u0119te powo\u0142ania kap\u0142a\u0144skie, misyjne i do \u017cycia konsekrowanego z naszej parafii<\/strong><\/td>\n<\/tr>\n<tr>\n<td width=\"87\"><strong>18:45<\/strong><\/td>\n<td colspan=\"2\" width=\"639\"><strong>Godzina \u015awi\u0119ta [adoracja w intencji powo\u0142a\u0144]<\/strong><\/td>\n<\/tr>\n<\/tbody>\n<\/table>\n<p>&nbsp;<\/p>\n<table width=\"726\">\n<tbody>\n<tr>\n<td colspan=\"2\" width=\"593\"><strong>8 grudnia&nbsp;&nbsp; PI\u0104TEK<\/strong><\/p>\n<p><strong>Uroczysto\u015b\u0107 Niepokalanego Pocz\u0119cia Naj\u015bwi\u0119tszej Maryi Panny<\/strong><\/td>\n<td width=\"133\"><strong><em>\u0141k 1, 26-28<\/em><\/strong><\/td>\n<\/tr>\n<tr>\n<td width=\"87\">6:00<\/td>\n<td colspan=\"2\" width=\"639\">\u015ap. Maria Za\u0142\u0119ska \u2013 intencja od kole\u017canki<\/td>\n<\/tr>\n<tr>\n<td width=\"87\">17:30<\/td>\n<td colspan=\"2\" width=\"639\"><em>Godzinki ku czci Niepokalanego Pocz\u0119cia Naj\u015bwi\u0119tszej Maryi Panny w intencji Ruchu \u015awiat\u0142o \u2013 \u017bycie, a szczeg\u00f3lnie jego ga\u0142\u0119zi \u2013 Domowego Ko\u015bcio\u0142a [w \u015bwi\u0119to patronalne Ruchu]<\/em><\/td>\n<\/tr>\n<tr>\n<td width=\"87\">18:00<\/td>\n<td colspan=\"2\" width=\"639\">Za zmar\u0142ych z rodzin: Niewi\u0144skich, Karpiesiuk, Adamowicz i Jarmoc<\/td>\n<\/tr>\n<tr>\n<td width=\"87\">18:00<\/td>\n<td colspan=\"2\" width=\"639\">\u015ap. Wojciech \u017bukowski 8 greg.<\/td>\n<\/tr>\n<\/tbody>\n<\/table>\n<p>&nbsp;<\/p>\n<table width=\"726\">\n<tbody>\n<tr>\n<td colspan=\"2\" width=\"593\"><strong>9 grudnia&nbsp;&nbsp; SOBOTA<\/strong><\/td>\n<td width=\"133\"><strong><em>Mt 9, 35 \u2013 10 1. 5a. 6-8<\/em><\/strong><\/td>\n<\/tr>\n<tr>\n<td width=\"87\">6:30<\/td>\n<td colspan=\"2\" width=\"639\">\u015ap. Wojciech \u017bukowski 9 greg.<\/td>\n<\/tr>\n<tr>\n<td width=\"87\">18:00<\/td>\n<td colspan=\"2\" width=\"639\"><em>Rez.<\/em> \u015ap. Micha\u0142 Jakubiak w 3 rocz. \u015bmierci<\/td>\n<\/tr>\n<\/tbody>\n<\/table>\n<p>&nbsp;<\/p>\n<table width=\"726\">\n<tbody>\n<tr>\n<td colspan=\"2\" width=\"593\"><strong>10 grudnia&nbsp;&nbsp; II NIEDZIELA ADWENTU<\/strong><\/td>\n<td width=\"133\"><strong><em>Mk 1, 1-8<\/em><\/strong><\/td>\n<\/tr>\n<tr>\n<td width=\"87\">7:00<\/td>\n<td colspan=\"2\" width=\"639\">\u015ap. Marianna M\u0142ynarska, \u015bp. J\u00f3zef, Zbigniew, S\u0142awomir M\u0142ynarscy, \u015bp. Anna Nadolska<\/td>\n<\/tr>\n<tr>\n<td width=\"87\">9:00<\/td>\n<td colspan=\"2\" width=\"639\">Dzi\u0119kczynna za wszystkie otrzymane \u0142aski<\/td>\n<\/tr>\n<tr>\n<td width=\"87\">9:00<\/td>\n<td colspan=\"2\" width=\"639\">\u015ap. J\u00f3zef Gawerski<\/td>\n<\/tr>\n<tr>\n<td width=\"87\">10:30<\/td>\n<td colspan=\"2\" width=\"639\">&nbsp;<\/td>\n<\/tr>\n<tr>\n<td width=\"87\"><strong>12:00<\/strong><\/td>\n<td colspan=\"2\" width=\"639\"><strong>Za parafian<\/strong><\/td>\n<\/tr>\n<tr>\n<td width=\"87\">15:00<\/td>\n<td colspan=\"2\" width=\"639\">\u015ap. Wojciech \u017bukowski 10 greg.<\/td>\n<\/tr>\n<tr>\n<td width=\"87\">18:00<\/td>\n<td colspan=\"2\" width=\"639\">\u015ap. W\u0142adys\u0142awa (k) \u0141ukasik w 8 rocz. \u015bmierci oraz \u015bp. Irena W\u0105sowska w 12 rocz. \u015bmierci<\/td>\n<\/tr>\n<\/tbody>\n<\/table>\n<p>&nbsp;<\/p>\n<p>&nbsp;<\/p>\n","protected":false},"excerpt":{"rendered":"<p>&nbsp; NOWY ROK LITURGICZNY 2018 \u2013 cykl czyta\u0144 B, rok II 4 grudnia &nbsp;&nbsp;PONIEDZIA\u0141EK Mt 8, 5-11 6:30 \u015ap. Monika i Jan Ostrowscy 18:00 \u015ap. Edward Kowalczyk w 30 dzie\u0144 po pogrzebie 18:00 \u015ap. Wojciech \u017bukowski 4 greg. &nbsp; 5 grudnia&nbsp;&nbsp; WTOREK \u0141k 10, 21-24 6:30 O \u015bwiat\u0142o Ducha \u015awi\u0119tego dla Tomasza z okazji urodzin [&hellip;]<\/p>\n","protected":false},"author":1,"featured_media":2526,"comment_status":"closed","ping_status":"closed","sticky":false,"template":"","format":"standard","meta":{"ngg_post_thumbnail":0,"footnotes":""},"categories":[11,8,4],"tags":[],"class_list":["post-3009","post","type-post","status-publish","format-standard","has-post-thumbnail","hentry","category-aktualnosci","category-blog","category-intencje"],"_links":{"self":[{"href":"https:\/\/rafalk-elblag.pl\/index.php?rest_route=\/wp\/v2\/posts\/3009","targetHints":{"allow":["GET"]}}],"collection":[{"href":"https:\/\/rafalk-elblag.pl\/index.php?rest_route=\/wp\/v2\/posts"}],"about":[{"href":"https:\/\/rafalk-elblag.pl\/index.php?rest_route=\/wp\/v2\/types\/post"}],"author":[{"embeddable":true,"href":"https:\/\/rafalk-elblag.pl\/index.php?rest_route=\/wp\/v2\/users\/1"}],"replies":[{"embeddable":true,"href":"https:\/\/rafalk-elblag.pl\/index.php?rest_route=%2Fwp%2Fv2%2Fcomments&post=3009"}],"version-history":[{"count":1,"href":"https:\/\/rafalk-elblag.pl\/index.php?rest_route=\/wp\/v2\/posts\/3009\/revisions"}],"predecessor-version":[{"id":3010,"href":"https:\/\/rafalk-elblag.pl\/index.php?rest_route=\/wp\/v2\/posts\/3009\/revisions\/3010"}],"wp:featuredmedia":[{"embeddable":true,"href":"https:\/\/rafalk-elblag.pl\/index.php?rest_route=\/wp\/v2\/media\/2526"}],"wp:attachment":[{"href":"https:\/\/rafalk-elblag.pl\/index.php?rest_route=%2Fwp%2Fv2%2Fmedia&parent=3009"}],"wp:term":[{"taxonomy":"category","embeddable":true,"href":"https:\/\/rafalk-elblag.pl\/index.php?rest_route=%2Fwp%2Fv2%2Fcategories&post=3009"},{"taxonomy":"post_tag","embeddable":true,"href":"https:\/\/rafalk-elblag.pl\/index.php?rest_route=%2Fwp%2Fv2%2Ftags&post=3009"}],"curies":[{"name":"wp","href":"https:\/\/api.w.org\/{rel}","templated":true}]}}