{"id":3006,"date":"2017-11-13T23:45:32","date_gmt":"2017-11-13T23:45:32","guid":{"rendered":"http:\/\/rafalk-elblag.pl\/?p=3006"},"modified":"2017-11-13T23:45:32","modified_gmt":"2017-11-13T23:45:32","slug":"ogloszenia-parafialne-12-11-2017-r-xxxii-niedziela-zwykla","status":"publish","type":"post","link":"https:\/\/rafalk-elblag.pl\/?p=3006","title":{"rendered":"OG\u0141OSZENIA PARAFIALNE 12.11.2017 R. XXXII NIEDZIELA ZWYK\u0141A"},"content":{"rendered":"<p><a href=\"http:\/\/rafalk-elblag.pl\/wp-content\/uploads\/2016\/12\/pulpit.jpg\"><img loading=\"lazy\" decoding=\"async\" class=\"alignnone size-large wp-image-2530\" src=\"http:\/\/rafalk-elblag.pl\/wp-content\/uploads\/2016\/12\/pulpit-1024x682.jpg\" alt=\"\" width=\"900\" height=\"599\" srcset=\"https:\/\/rafalk-elblag.pl\/wp-content\/uploads\/2016\/12\/pulpit-1024x682.jpg 1024w, https:\/\/rafalk-elblag.pl\/wp-content\/uploads\/2016\/12\/pulpit-300x200.jpg 300w, https:\/\/rafalk-elblag.pl\/wp-content\/uploads\/2016\/12\/pulpit-768x512.jpg 768w, https:\/\/rafalk-elblag.pl\/wp-content\/uploads\/2016\/12\/pulpit.jpg 1698w\" sizes=\"auto, (max-width: 900px) 100vw, 900px\" \/><\/a><\/p>\n<p>&nbsp;<\/p>\n<p>1. Prze\u017cywamy dzisiaj <strong>IX DZIE\u0143 SOLIDARNO\u015aCI z KO\u015aCIO\u0141EM PRZE\u015aLADOWANYM.<\/strong> Ofiary dzisiaj sk\u0142adane do puszek przeznaczone s\u0105 dla prze\u015bladowanych chrze\u015bcijan na BLISKIM WSCHODZIE. Jest to inicjatywa Papieskiego dzie\u0142a: \u201e<em>Pomoc Ko\u015bcio\u0142owi w potrzebie\u201d. Dzi\u0119ki&nbsp; tym ofiarom stowarzyszenie mo\u017ce realizowa\u0107 projekty pomocy dla chrze\u015bcijan na Bliskim Wschodzie. Stowarzyszenie dzia\u0142a w 150 krajach ca\u0142ego \u015bwiata nios\u0105c pomoc, nadzieje i pojednanie. <strong>Dzi\u0119kujemy za ludzk\u0105 solidarno\u015b\u0107.<\/strong><\/em><\/p>\n<p>&nbsp;<\/p>\n<p>2. Osoby modl\u0105ce si\u0119 za kap\u0142an\u00f3w i tworz\u0105ce <strong>Apostolat \u201eMargaretka\u201d <\/strong>zapraszamy dzisiaj na Msz\u0119 \u015aw. o godz. 15.00 w 8 rocznic\u0119 ich istnienia. <em>Po Eucharystii wsp\u00f3lne \u015bwi\u0119towanie na plebanii.<\/em><\/p>\n<p><strong>&nbsp;<\/strong><\/p>\n<p><strong>3. Jutro tj. 13 listopada odb\u0119dzie si\u0119 nauka dla rodzic\u00f3w dzieci przygotowuj\u0105cych si\u0119 do I Komunii \u015awi\u0119tej.<\/strong> Zapraszamy tym razem <strong>ojc\u00f3w<\/strong> <strong>na godz. 19:00 <\/strong>do salki m\u0142odzie\u017cowej (piwnica na plebanii). Obecno\u015b\u0107 obowi\u0105zkowa (prosimy zabra\u0107 ksi\u0105\u017ceczki dzieci).<\/p>\n<p>&nbsp;<\/p>\n<p>4. Od 11 do 19 listopada w naszej parafii trwa <strong>NOWENNA do \u015bw. Rafa\u0142a Kalinowskiego.<\/strong> <em>Nowenna odmawiana na zako\u0144czenie Mszy \u015bw. Zapraszamy do tej wsp\u00f3lnej modlitwy.<\/em><\/p>\n<p>&nbsp;<\/p>\n<p>5. W czwartek 16 listopada br. o godz. 19.30 spotkanie odpowiedzialnych i lider\u00f3w grup i wsp\u00f3lnot parafialnych na plebanii. Obecno\u015b\u0107 obowi\u0105zkowa, ze wzgl\u0119du na wa\u017cne sprawy do om\u00f3wienia.<\/p>\n<p><strong>&nbsp;<\/strong><\/p>\n<p><strong>6. W tym tygodniu rozpoczynamy przygotowania do imienin parafii, czyli ODPUSTU PARAFIALNEGO KU CZCI \u015aW. RAFA\u0141A KALINOWSKIEGO.<\/strong><\/p>\n<p>Zapraszamy do udzia\u0142u w przygotowaniach i w Odpu\u015bcie:<\/p>\n<ul>\n<li><strong><em>16.11.2017r., czwartek godz. 18.00<\/em><\/strong><em> \u2013 <strong>Msza \u015awi\u0119ta<\/strong>, spotkanie Rodziny Karmelita\u0144skiej, tj. os\u00f3b nosz\u0105cych Szkaplerz. W tym dniu zapraszamy do przyj\u0119cia tego znaku opieki Matki Bo\u017cej;<\/em><\/li>\n<li><strong><em>17.11.2017r.<\/em><\/strong><strong>, pi\u0105tek godz. 19.15,<\/strong> ADORACJA Naj\u015bwi\u0119tszego Sakramentu z modlitwami do \u015bw. Rafa\u0142a Kalinowskiego dla wszystkich wsp\u00f3lnot i ch\u0119tnych;<\/li>\n<li><strong><em>18.11.2017r., pi\u0105tek godz. 18.00<\/em><\/strong><em> <strong>Msza \u015bw.<\/strong> z nauk\u0105 dla m\u0142odzie\u017cy, w dniu b\u0142. Karoliny K\u00f3zk\u00f3wny patronki Ruchu Czystych Serc i Katolickiego Stowarzyszenia M\u0142odzie\u017cy;<\/em><\/li>\n<li><strong><em>19.11.1017., niedziela godz. 18.00<\/em><\/strong><em>\u2013 <strong>Msza \u015awi\u0119ta<\/strong>, Parafialny Dzie\u0144 Obrony \u017bycia, podejmowanie Duchowej Adopcji Dziecka Pocz\u0119tego, zagro\u017conego aborcj\u0105.<\/em><\/li>\n<\/ul>\n<p>&nbsp;<\/p>\n<p>7. Zapraszamy parafian tj. dzieci, m\u0142odzie\u017c i doros\u0142ych oraz go\u015bci do wzi\u0119cia udzia\u0142u <strong>w UROCZYSTO\u015aCIACH ODPUSTOWYCH dnia 20 listopada (poniedzia\u0142ek). Msza \u015bw. o godz. 8.00, 11.00 <\/strong>(z udzia\u0142em ksi\u0119\u017cy z Dekanatu Elbl\u0105g P\u00f3\u0142noc) oraz<strong> o godz. 18.00 <em>Pami\u0119tajmy, \u017ce jest to dzie\u0144 naszych imienin, dlatego nie mo\u017ce nas zabrakn\u0105\u0107. <\/em><\/strong><\/p>\n<p>&nbsp;<\/p>\n<p>8. W listopadzie w spos\u00f3b szczeg\u00f3lny pochylamy si\u0119 nad mogi\u0142ami, w kt\u00f3rych spoczywaj\u0105 nasi bliscy. Najg\u0142\u0119bszym wyrazem naszej mi\u0142o\u015bci jest nasza modlitwa za nich. Dlatego zapraszamy do wsp\u00f3lnej modlitwy za zmar\u0142ych codziennie na Mszy \u015bw. Zbiorowej o godz. 18.00, a po niej na Koronk\u0119 do Mi\u0142osierdzia Bo\u017cego, po\u0142\u0105czon\u0105 z Wypominkami.<\/p>\n<p><strong>&nbsp;<\/strong><\/p>\n<p><strong>9. Za tydzie\u0144 klerycy naszego Wy\u017cszego Seminarium Duchownego w Elbl\u0105gu b\u0119d\u0105 po Mszach \u015awi\u0119tych rozprowadza\u0107 kalendarze seminaryjne. Jest to dzie\u0144 szczeg\u00f3lnej modlitwy o powo\u0142ania do naszego Seminarium, a tak\u017ce za ju\u017c powo\u0142anych. Kalendarz jest form\u0105 cegie\u0142ki na rzecz utrzymania naszego Seminarium. Zapraszamy do wsparcia naszych kleryk\u00f3w!<\/strong><\/p>\n<p>&nbsp;<\/p>\n<p><strong>10. Uwaga!!! &nbsp;<\/strong>Mo\u017cna ju\u017c zamawia\u0107 i rezerwowa\u0107 Msze \u015awi\u0119te na rok 2018.<\/p>\n<p>&nbsp;<\/p>\n<p>11. Zach\u0119camy do czytania prasy katolickiej: nowy numer \u201eGo\u015bcia Niedzielnego\u201d w cenie 5 z\u0142. <strong>oraz dodatek<\/strong> <strong>\u201eGo\u015b\u0107 Elbl\u0105ski\u201d<\/strong> a w nim wydarzenia z diecezji.<\/p>\n<p>&nbsp;<\/p>\n<p style=\"text-align: center;\"><span style=\"color: #0000ff;\"><strong>Numer Konta Parafialnego<\/strong><\/span><\/p>\n<p style=\"text-align: center;\"><span style=\"color: #0000ff;\"><strong>PKO BP 72 1020 1752 0000 0102 0069 6047<\/strong><\/span><\/p>\n<p style=\"text-align: center;\">&nbsp;<\/p>\n<p style=\"text-align: center;\">&nbsp;<\/p>\n","protected":false},"excerpt":{"rendered":"<p>&nbsp; 1. Prze\u017cywamy dzisiaj IX DZIE\u0143 SOLIDARNO\u015aCI z KO\u015aCIO\u0141EM PRZE\u015aLADOWANYM. Ofiary dzisiaj sk\u0142adane do puszek przeznaczone s\u0105 dla prze\u015bladowanych chrze\u015bcijan na BLISKIM WSCHODZIE. Jest to inicjatywa Papieskiego dzie\u0142a: \u201ePomoc Ko\u015bcio\u0142owi w potrzebie\u201d. Dzi\u0119ki&nbsp; tym ofiarom stowarzyszenie mo\u017ce realizowa\u0107 projekty pomocy dla chrze\u015bcijan na Bliskim Wschodzie. Stowarzyszenie dzia\u0142a w 150 krajach ca\u0142ego \u015bwiata nios\u0105c pomoc, nadzieje [&hellip;]<\/p>\n","protected":false},"author":1,"featured_media":2530,"comment_status":"closed","ping_status":"closed","sticky":false,"template":"","format":"standard","meta":{"ngg_post_thumbnail":0,"footnotes":""},"categories":[11,8,3],"tags":[],"class_list":["post-3006","post","type-post","status-publish","format-standard","has-post-thumbnail","hentry","category-aktualnosci","category-blog","category-ogloszenia"],"_links":{"self":[{"href":"https:\/\/rafalk-elblag.pl\/index.php?rest_route=\/wp\/v2\/posts\/3006","targetHints":{"allow":["GET"]}}],"collection":[{"href":"https:\/\/rafalk-elblag.pl\/index.php?rest_route=\/wp\/v2\/posts"}],"about":[{"href":"https:\/\/rafalk-elblag.pl\/index.php?rest_route=\/wp\/v2\/types\/post"}],"author":[{"embeddable":true,"href":"https:\/\/rafalk-elblag.pl\/index.php?rest_route=\/wp\/v2\/users\/1"}],"replies":[{"embeddable":true,"href":"https:\/\/rafalk-elblag.pl\/index.php?rest_route=%2Fwp%2Fv2%2Fcomments&post=3006"}],"version-history":[{"count":1,"href":"https:\/\/rafalk-elblag.pl\/index.php?rest_route=\/wp\/v2\/posts\/3006\/revisions"}],"predecessor-version":[{"id":3007,"href":"https:\/\/rafalk-elblag.pl\/index.php?rest_route=\/wp\/v2\/posts\/3006\/revisions\/3007"}],"wp:featuredmedia":[{"embeddable":true,"href":"https:\/\/rafalk-elblag.pl\/index.php?rest_route=\/wp\/v2\/media\/2530"}],"wp:attachment":[{"href":"https:\/\/rafalk-elblag.pl\/index.php?rest_route=%2Fwp%2Fv2%2Fmedia&parent=3006"}],"wp:term":[{"taxonomy":"category","embeddable":true,"href":"https:\/\/rafalk-elblag.pl\/index.php?rest_route=%2Fwp%2Fv2%2Fcategories&post=3006"},{"taxonomy":"post_tag","embeddable":true,"href":"https:\/\/rafalk-elblag.pl\/index.php?rest_route=%2Fwp%2Fv2%2Ftags&post=3006"}],"curies":[{"name":"wp","href":"https:\/\/api.w.org\/{rel}","templated":true}]}}