{"id":3004,"date":"2017-11-13T23:34:35","date_gmt":"2017-11-13T23:34:35","guid":{"rendered":"http:\/\/rafalk-elblag.pl\/?p=3004"},"modified":"2017-11-13T23:34:35","modified_gmt":"2017-11-13T23:34:35","slug":"intencje-mszalne-na-xxxii-tydzien-okresu-zwyklego-13-19-11-2017-r","status":"publish","type":"post","link":"https:\/\/rafalk-elblag.pl\/?p=3004","title":{"rendered":"INTENCJE MSZALNE NA XXXII TYDZIE\u0143 OKRESU ZWYK\u0141EGO (13-19.11.2017 R.)"},"content":{"rendered":"<p><a href=\"http:\/\/rafalk-elblag.pl\/wp-content\/uploads\/2016\/12\/shutterstock_49643152-1000.jpg\"><img loading=\"lazy\" decoding=\"async\" class=\"alignnone size-full wp-image-2526\" src=\"http:\/\/rafalk-elblag.pl\/wp-content\/uploads\/2016\/12\/shutterstock_49643152-1000.jpg\" alt=\"\" width=\"1000\" height=\"665\" srcset=\"https:\/\/rafalk-elblag.pl\/wp-content\/uploads\/2016\/12\/shutterstock_49643152-1000.jpg 1000w, https:\/\/rafalk-elblag.pl\/wp-content\/uploads\/2016\/12\/shutterstock_49643152-1000-300x200.jpg 300w, https:\/\/rafalk-elblag.pl\/wp-content\/uploads\/2016\/12\/shutterstock_49643152-1000-768x511.jpg 768w\" sizes=\"auto, (max-width: 1000px) 100vw, 1000px\" \/><\/a><\/p>\n<p>&nbsp;<\/p>\n<table width=\"726\">\n<tbody>\n<tr>\n<td colspan=\"2\" width=\"593\"><strong>13 listopada&nbsp;&nbsp; PONIEDZIA\u0141EK<\/strong><\/p>\n<p><strong>wsp. \u015b\u015b. Benedykta, Jana, Mateusza, Izaaka i Krystyna [pierwszych m\u0119czennik\u00f3w Polski]; III dzie\u0144 nowenny przed odpustem parafialnym<\/strong><\/td>\n<td width=\"133\"><strong><em>\u0141k 17, 1-6<\/em><\/strong><\/td>\n<\/tr>\n<tr>\n<td width=\"87\">8:00<\/td>\n<td colspan=\"2\" width=\"639\">\u015ap. J\u00f3zef Gawerski<\/td>\n<\/tr>\n<tr>\n<td width=\"87\">18:00<\/td>\n<td colspan=\"2\" width=\"639\"><strong>Msza \u015awi\u0119ta zbiorowa za zmar\u0142ych 13 greg.<\/strong><\/td>\n<\/tr>\n<tr>\n<td width=\"87\">18:00<\/td>\n<td colspan=\"2\" width=\"639\">\u015ap. Henryk Mackiewicz<\/td>\n<\/tr>\n<tr>\n<td width=\"87\"><strong>19:00<\/strong><\/td>\n<td colspan=\"2\" width=\"639\"><strong>Nauka dla ojc\u00f3w dzieci przygotowuj\u0105cych si\u0119 do I Komunii \u015awi\u0119tej<\/strong><\/td>\n<\/tr>\n<\/tbody>\n<\/table>\n<p>&nbsp;<\/p>\n<table width=\"726\">\n<tbody>\n<tr>\n<td colspan=\"2\" width=\"593\"><strong>14 listopada&nbsp;&nbsp; <\/strong><strong>WTOREK<\/strong><\/p>\n<p><strong>IV dzie\u0144 nowenny przed odpustem parafialnym<\/strong><\/td>\n<td width=\"133\"><strong><em>\u0141k 17, 7-10<\/em><\/strong><\/td>\n<\/tr>\n<tr>\n<td width=\"87\">8:00<\/td>\n<td colspan=\"2\" width=\"639\">O dary Ducha \u015awi\u0119tego , b\u0142ogos\u0142awie\u0144stwo Bo\u017ce i opiek\u0119 Matki Bo\u017cej dla Rados\u0142awa<\/td>\n<\/tr>\n<tr>\n<td width=\"87\">18:00<\/td>\n<td colspan=\"2\" width=\"639\"><strong>Msza \u015awi\u0119ta zbiorowa za zmar\u0142ych 14 greg.<\/strong><\/td>\n<\/tr>\n<tr>\n<td width=\"87\">18:00<\/td>\n<td colspan=\"2\" width=\"639\">\u015ap. \u0141ukasz Mr\u00f3z w 30 dzie\u0144 po pogrzebie<\/td>\n<\/tr>\n<\/tbody>\n<\/table>\n<p>&nbsp;<\/p>\n<table width=\"726\">\n<tbody>\n<tr>\n<td colspan=\"2\" width=\"593\"><strong>15 listopada&nbsp;&nbsp; \u015aRODA<\/strong><\/p>\n<p><strong>V dzie\u0144 nowenny przed odpustem parafialnym<\/strong><\/td>\n<td width=\"133\"><strong><em>\u0141k 17, 11-19<\/em><\/strong><\/td>\n<\/tr>\n<tr>\n<td width=\"87\">8:00<\/td>\n<td colspan=\"2\" width=\"639\">\u015ap. Kazimierz Ja\u015bkiewicz w 6 miesi\u0105c po \u015bmierci<\/td>\n<\/tr>\n<tr>\n<td width=\"87\">17:30<\/td>\n<td colspan=\"2\" width=\"639\"><em>Nabo\u017ce\u0144stwo do Matki Bo\u017cej Nieustaj\u0105cej Pomocy<\/em><\/td>\n<\/tr>\n<tr>\n<td width=\"87\"><strong>18:00<\/strong><\/td>\n<td colspan=\"2\" width=\"639\"><strong>Msza \u015awi\u0119ta zbiorowa za zmar\u0142ych 15 greg.<\/strong><\/td>\n<\/tr>\n<tr>\n<td width=\"87\">18:00<\/td>\n<td colspan=\"2\" width=\"639\">W intencjach czcicieli Matki Bo\u017cej Nieustaj\u0105cej Pomocy<\/td>\n<\/tr>\n<\/tbody>\n<\/table>\n<p>&nbsp;<\/p>\n<table width=\"726\">\n<tbody>\n<tr>\n<td colspan=\"2\" width=\"593\"><strong>16 listopada&nbsp;&nbsp; CZWARTEK<\/strong><\/p>\n<p><strong>wsp. Naj\u015bwi\u0119tszej Maryi Panny \u2013 Matki Mi\u0142osierdzia [Ostrobramskiej];&nbsp; VI dzie\u0144 nowenny przed odpustem parafialnym<\/strong><\/td>\n<td width=\"133\"><strong><em>\u0141k 17, 20-25<\/em><\/strong><\/td>\n<\/tr>\n<tr>\n<td width=\"87\">8:00<\/td>\n<td colspan=\"2\" width=\"639\">\u015ap. Jadwiga Zieli\u0144ska w miesi\u0105c po \u015bmierci<\/td>\n<\/tr>\n<tr>\n<td width=\"87\"><strong>18:00<\/strong><\/td>\n<td colspan=\"2\" width=\"639\"><strong>Msza \u015awi\u0119ta zbiorowa za zmar\u0142ych 16 greg.<\/strong><\/td>\n<\/tr>\n<tr>\n<td width=\"87\"><strong>18:00<\/strong><\/td>\n<td colspan=\"2\" width=\"639\"><strong>W intencji Rodziny Karmelita\u0144skiej i Bractwa Szkaplerznego<\/strong><\/td>\n<\/tr>\n<\/tbody>\n<\/table>\n<p>&nbsp;<\/p>\n<table width=\"726\">\n<tbody>\n<tr>\n<td colspan=\"2\" width=\"593\"><strong>17 listopada&nbsp;&nbsp; PI\u0104TEK<\/strong><\/p>\n<p><strong>wsp. \u015bw. El\u017cbiety W\u0119gierskej [zakonnicy];&nbsp; VII dzie\u0144 nowenny przed odpustem parafialnym<\/strong><\/td>\n<td width=\"133\"><strong><em>\u0141k 17, 26-37<\/em><\/strong><\/td>\n<\/tr>\n<tr>\n<td width=\"87\">8:00<\/td>\n<td colspan=\"2\" width=\"639\">\u015ap. Irena Gaza<\/td>\n<\/tr>\n<tr>\n<td width=\"87\"><strong>18:00<\/strong><\/td>\n<td colspan=\"2\" width=\"639\"><strong>Msza \u015awi\u0119ta zbiorowa za zmar\u0142ych 17 greg.<\/strong><\/td>\n<\/tr>\n<tr>\n<td width=\"87\">18:00<\/td>\n<td colspan=\"2\" width=\"639\">\u015ap. Jolanta Ko\u015bci\u0144ska w 1 rocz. \u015bmierci<\/td>\n<\/tr>\n<\/tbody>\n<\/table>\n<p>&nbsp;<\/p>\n<table width=\"741\">\n<tbody>\n<tr>\n<td colspan=\"2\" width=\"584\"><strong>18 listopada&nbsp;&nbsp; SOBOTA<\/strong><\/p>\n<p><strong>wsp. b\u0142. Karoliny K\u00f3zk\u00f3wny [dziewicy i m\u0119czennicy];&nbsp;<br \/>\nVIII dzie\u0144 nowenny przed odpustem parafialnym<\/strong><\/td>\n<td width=\"157\"><strong><em>\u0141k 18, 1-8<\/em><\/strong><\/td>\n<\/tr>\n<tr>\n<td width=\"125\">8:00<\/td>\n<td colspan=\"2\" width=\"616\">\u015ap. Eugeniusz Dembi\u0144ski<\/td>\n<\/tr>\n<tr>\n<td width=\"125\"><strong>18:00<\/strong><\/td>\n<td colspan=\"2\" width=\"616\"><strong>Msza \u015awi\u0119ta zbiorowa za zmar\u0142ych 18 greg.<\/strong><\/td>\n<\/tr>\n<tr>\n<td width=\"125\"><strong>18:00<\/strong><\/td>\n<td colspan=\"2\" width=\"616\"><strong>W intencji Katolickiego Stowarzyszenia M\u0142odzie\u017cy \u2013 w \u015bwi\u0119to patronalne m\u0142odzie\u017cy i ruchu; o Bo\u017ce b\u0142ogos\u0142awie\u0144stwo, wzrost w wierze dla wszystkich cz\u0142onk\u00f3w i wstawiennictwo b\u0142. Karoliny K\u00f3zk\u00f3wny \u2013 patronki KSM<\/strong><\/td>\n<\/tr>\n<tr>\n<td width=\"125\">18:00<\/td>\n<td colspan=\"2\" width=\"616\">Dzi\u0119kczynna w 45 rocz. \u015blubu Danuty i Jerzego Rogalskich z pro\u015bb\u0105 o Bo\u017ce b\u0142ogos\u0142awie\u0144stwo i opiek\u0119 Matki Bo\u017cej dla dostojnych Jubilat\u00f3w<\/td>\n<\/tr>\n<\/tbody>\n<\/table>\n<p>&nbsp;<\/p>\n<table width=\"726\">\n<tbody>\n<tr>\n<td colspan=\"2\" width=\"593\"><strong>19 listopada&nbsp;&nbsp; XXXIII NIEDZIELA ZWYK\u0141A<\/strong><\/p>\n<p><strong>IX dzie\u0144 nowenny przed odpustem parafialnym<\/strong><\/td>\n<td width=\"133\"><strong><em>Mt 25, 14-30<\/em><\/strong><\/td>\n<\/tr>\n<tr>\n<td width=\"87\">7:00<\/td>\n<td colspan=\"2\" width=\"639\">Dzi\u0119kczynna w 40 rocz. \u015blubu Gra\u017cyny i Ryszarda Kozakiewicz z pro\u015bb\u0105 o Bo\u017ce b\u0142ogos\u0142awie\u0144stwo, zdrowie, szcz\u0119\u015bliw\u0105 operacj\u0119 dla Gra\u017cyny oraz opiek\u0119 Matki Bo\u017cej<\/td>\n<\/tr>\n<tr>\n<td width=\"87\">9:00<\/td>\n<td colspan=\"2\" width=\"639\">Za Ew\u0119, Magd\u0119, Jacka o nawr\u00f3cenie, wiar\u0119 i potrzebne \u0142aski<\/td>\n<\/tr>\n<tr>\n<td width=\"87\">9:00<\/td>\n<td colspan=\"2\" width=\"639\">\u015ap. Stefan (m) Malinowski w 5 rocz. \u015bmierci<\/td>\n<\/tr>\n<tr>\n<td width=\"87\">10:30<\/td>\n<td colspan=\"2\" width=\"639\">\u015ap. Zdzis\u0142aw Borowski w 1 rocz. \u015bmierci; \u015bp. Stanis\u0142aw Humelt w 7 rocz. \u015bmierci<\/td>\n<\/tr>\n<tr>\n<td width=\"87\"><strong>12:00<\/strong><\/td>\n<td colspan=\"2\" width=\"639\"><strong>Za parafian<\/strong><\/td>\n<\/tr>\n<tr>\n<td width=\"87\">15:00<\/td>\n<td colspan=\"2\" width=\"639\">\u015ap. Kazimierz Kaczor w 5 rocz. \u015bmierci<\/td>\n<\/tr>\n<tr>\n<td width=\"87\">15:00<\/td>\n<td colspan=\"2\" width=\"639\">Dzi\u0119kczynna za odbyt\u0105 pielgrzymk\u0119 do Ziemi \u015awi\u0119tej i o wzrost wiary dla wszystkich jej uczestnik\u00f3w<\/td>\n<\/tr>\n<tr>\n<td width=\"87\"><strong>18:00<\/strong><\/td>\n<td colspan=\"2\" width=\"639\"><strong>Msza \u015awi\u0119ta zbiorowa za zmar\u0142ych 19 greg.<\/strong><\/td>\n<\/tr>\n<\/tbody>\n<\/table>\n<p>&nbsp;<\/p>\n<p>&nbsp;<\/p>\n<p>&nbsp;<\/p>\n","protected":false},"excerpt":{"rendered":"<p>&nbsp; 13 listopada&nbsp;&nbsp; PONIEDZIA\u0141EK wsp. \u015b\u015b. Benedykta, Jana, Mateusza, Izaaka i Krystyna [pierwszych m\u0119czennik\u00f3w Polski]; III dzie\u0144 nowenny przed odpustem parafialnym \u0141k 17, 1-6 8:00 \u015ap. J\u00f3zef Gawerski 18:00 Msza \u015awi\u0119ta zbiorowa za zmar\u0142ych 13 greg. 18:00 \u015ap. Henryk Mackiewicz 19:00 Nauka dla ojc\u00f3w dzieci przygotowuj\u0105cych si\u0119 do I Komunii \u015awi\u0119tej &nbsp; 14 listopada&nbsp;&nbsp; WTOREK [&hellip;]<\/p>\n","protected":false},"author":1,"featured_media":2526,"comment_status":"closed","ping_status":"closed","sticky":false,"template":"","format":"standard","meta":{"ngg_post_thumbnail":0,"footnotes":""},"categories":[11,8,4],"tags":[],"class_list":["post-3004","post","type-post","status-publish","format-standard","has-post-thumbnail","hentry","category-aktualnosci","category-blog","category-intencje"],"_links":{"self":[{"href":"https:\/\/rafalk-elblag.pl\/index.php?rest_route=\/wp\/v2\/posts\/3004","targetHints":{"allow":["GET"]}}],"collection":[{"href":"https:\/\/rafalk-elblag.pl\/index.php?rest_route=\/wp\/v2\/posts"}],"about":[{"href":"https:\/\/rafalk-elblag.pl\/index.php?rest_route=\/wp\/v2\/types\/post"}],"author":[{"embeddable":true,"href":"https:\/\/rafalk-elblag.pl\/index.php?rest_route=\/wp\/v2\/users\/1"}],"replies":[{"embeddable":true,"href":"https:\/\/rafalk-elblag.pl\/index.php?rest_route=%2Fwp%2Fv2%2Fcomments&post=3004"}],"version-history":[{"count":1,"href":"https:\/\/rafalk-elblag.pl\/index.php?rest_route=\/wp\/v2\/posts\/3004\/revisions"}],"predecessor-version":[{"id":3005,"href":"https:\/\/rafalk-elblag.pl\/index.php?rest_route=\/wp\/v2\/posts\/3004\/revisions\/3005"}],"wp:featuredmedia":[{"embeddable":true,"href":"https:\/\/rafalk-elblag.pl\/index.php?rest_route=\/wp\/v2\/media\/2526"}],"wp:attachment":[{"href":"https:\/\/rafalk-elblag.pl\/index.php?rest_route=%2Fwp%2Fv2%2Fmedia&parent=3004"}],"wp:term":[{"taxonomy":"category","embeddable":true,"href":"https:\/\/rafalk-elblag.pl\/index.php?rest_route=%2Fwp%2Fv2%2Fcategories&post=3004"},{"taxonomy":"post_tag","embeddable":true,"href":"https:\/\/rafalk-elblag.pl\/index.php?rest_route=%2Fwp%2Fv2%2Ftags&post=3004"}],"curies":[{"name":"wp","href":"https:\/\/api.w.org\/{rel}","templated":true}]}}