{"id":2999,"date":"2017-11-08T22:26:59","date_gmt":"2017-11-08T22:26:59","guid":{"rendered":"http:\/\/rafalk-elblag.pl\/?p=2999"},"modified":"2017-11-08T22:26:59","modified_gmt":"2017-11-08T22:26:59","slug":"ogloszenia-parafialne-5-11-2017-r-xxxi-niedziela-zwykla","status":"publish","type":"post","link":"https:\/\/rafalk-elblag.pl\/?p=2999","title":{"rendered":"OG\u0141OSZENIA PARAFIALNE 5.11.2017 R. XXXI NIEDZIELA ZWYK\u0141A"},"content":{"rendered":"<p><a href=\"http:\/\/rafalk-elblag.pl\/wp-content\/uploads\/2016\/12\/pulpit.jpg\"><img loading=\"lazy\" decoding=\"async\" class=\"alignnone size-large wp-image-2530\" src=\"http:\/\/rafalk-elblag.pl\/wp-content\/uploads\/2016\/12\/pulpit-1024x682.jpg\" alt=\"\" width=\"900\" height=\"599\" srcset=\"https:\/\/rafalk-elblag.pl\/wp-content\/uploads\/2016\/12\/pulpit-1024x682.jpg 1024w, https:\/\/rafalk-elblag.pl\/wp-content\/uploads\/2016\/12\/pulpit-300x200.jpg 300w, https:\/\/rafalk-elblag.pl\/wp-content\/uploads\/2016\/12\/pulpit-768x512.jpg 768w, https:\/\/rafalk-elblag.pl\/wp-content\/uploads\/2016\/12\/pulpit.jpg 1698w\" sizes=\"auto, (max-width: 900px) 100vw, 900px\" \/><\/a><\/p>\n<p>&nbsp;<\/p>\n<p><strong>1. Dzi\u015b indywidualna Adoracja Naj\u015bwi\u0119tszego Sakramentu od 16.00 do 18.00<\/strong>. <em>Znajd\u017a czas, aby by\u0107 sam na sam z Twoim Panem.<\/em><\/p>\n<p>&nbsp;<\/p>\n<p>2. Ofiary sk\u0142adane dzisiaj na tac\u0119 przeznaczone s\u0105 na sp\u0142at\u0119 zad\u0142u\u017cenia za wykonany o\u0142tarz i chrzcielnic\u0119 w prezbiterium. B\u00f3g zap\u0142a\u0107 za sk\u0142adane ofiary.<\/p>\n<p>&nbsp;<\/p>\n<p><strong>3. W listopadzie w spos\u00f3b szczeg\u00f3lny pochylamy si\u0119 nad mogi\u0142ami, w kt\u00f3rych spoczywaj\u0105 nasi bliscy. Najg\u0142\u0119bszym wyrazem naszej mi\u0142o\u015bci jest nasza modlitwa za nich. Dlatego zapraszamy do wsp\u00f3lnej modlitwy za zmar\u0142ych codziennie na Mszy \u015bw. Zbiorowej o godz. 18.00, a po niej na Koronk\u0119 do Mi\u0142osierdzia Bo\u017cego, po\u0142\u0105czon\u0105 z Wypominkami.<\/strong><\/p>\n<p><strong>&nbsp;<\/strong><\/p>\n<p>4. Dzieci wraz z rodzicami lub opiekunami zapraszamy na modlitw\u0119 za zmar\u0142ych 8 i 22 listopada (\u015broda) na godz. 16.30.<\/p>\n<p>&nbsp;<\/p>\n<p><strong>5. Spotkania m\u0142odzie\u017cy przygotowuj\u0105cej si\u0119 do sakramentu bierzmowania odb\u0119d\u0105 si\u0119:<\/strong><\/p>\n<ul>\n<li><strong>ROK II przygotowa\u0144 \u2013 w poniedzia\u0142ek o godz. 19:00 w salce m\u0142odzie\u017cowej;<\/strong><\/li>\n<li><strong>ROK I przygotowa\u0144 \u2013 w czwartek o godz. 19:00 w salce m\u0142odzie\u017cowej;<\/strong><\/li>\n<\/ul>\n<p><strong>OBECNO\u015a\u0106 WSZYSTKICH KANDYDAT\u00d3W JEST OBOWI\u0104ZKOWA!<\/strong><\/p>\n<p>&nbsp;<\/p>\n<p>6. Spotkanie Kr\u0119gu Biblijnego odb\u0119dzie si\u0119 w \u015brod\u0119 8 listopada o godz. 19.15 w salce na plebanii. Serdecznie zapraszamy.<\/p>\n<p><strong>&nbsp;<\/strong><\/p>\n<p><strong>7. Zapraszamy do wzi\u0119cia udzia\u0142u w rekolekcjach dla wd\u00f3w i wdowc\u00f3w w Diecezji Elbl\u0105skiej<\/strong> w dniach 9 \u2013 11 listopada 2017 r. w Sanktuarium Matki Bo\u017cej Nieustaj\u0105cej Pomocy w Elbl\u0105gu przy ul. Robotniczej 69. Katechezy w godz. 10.00 \u2013 12.00.<\/p>\n<p>&nbsp;<\/p>\n<p>8. W sobot\u0119 11 listopada przypada 99 rocznica odzyskania przez Polsk\u0119 Niepodleg\u0142o\u015bci. Zapraszamy na Msz\u0119 \u015bwi\u0119t\u0105 o godzinie 8.00, 11.00 i 18.00.<\/p>\n<ul>\n<li><strong>Msza \u015bw. o godz. 11.00 zostanie odprawiona w intencji naszej Ojczyzny. B\u0119dziemy dzi\u0119kowa\u0107 za dar wolno\u015bci i prosi\u0107 o m\u0105dro\u015b\u0107, dary Ducha \u015awi\u0119tego dla wszystkich odpowiedzialnych za losy Polskiego Narodu.<\/strong><\/li>\n<li>\u201eWizja pe\u0142nego cz\u0142owieka implikuje r\u00f3wnie\u017c w\u0142a\u015bciwy stosunek do warto\u015bci narodowych. Chrze\u015bcija\u0144skiemu personalizmowi nie odpowiada bowiem idea\u0142 cz\u0142owieka kosmopolity. Cz\u0142owiek powinien ceni\u0107 te warto\u015bci, kt\u00f3re wi\u0105\u017c\u0105 si\u0119 z jego pochodzeniem i w tym sensie potrzebne jest, by akceptowa\u0142 r\u00f3wnie\u017c warto\u015bci narodowe\u201d. \u2013 tak o patriotyzmie m\u00f3wi\u0142 za\u0142o\u017cyciel naszego ruchu, ojciec Franciszek Blachnicki<strong>. W dniu 11 listopada 2017 roku, ju\u017c po raz pi\u0105ty odb\u0119dzie si\u0119 Gra Miejska w Elbl\u0105gu. <\/strong>W tym roku swoj\u0105 tematyk\u0105 b\u0119dzie nawi\u0105zywa\u0107 do historii Cichociemnych<em>.&nbsp;Jak co roku najpierw zgromadzimy si\u0119 o godzinie 11.00, w parafii \u015bw. Rafa\u0142a Kalinowskiego, na Mszy \u015bwi\u0119tej w intencji Ojczyzny. Tradycyjnie zabieramy ze sob\u0105 flagi narodowe. Natomiast o godzinie 13.30 rozpocznie si\u0119 na Starym Mie\u015bcie gra miejska. <\/em>Poprzez zabaw\u0119 chcemy wychowywa\u0107 w duchu patriotyzmu i edukowa\u0107 mieszka\u0144c\u00f3w naszego miasta. Jak zawsze dla najlepszych uczestnik\u00f3w czeka\u0107 b\u0119d\u0105 nagrody. Po grze miejskiej tradycyjnie b\u0119dzie ju\u017c ognisko, ciep\u0142a zupa oraz kie\u0142baski do pieczenia. B\u0119dziemy r\u00f3wnie\u017c \u015bpiewa\u0107 wsp\u00f3lnie pie\u015bni patriotyczne. Wszystkich, kt\u00f3rzy chcieliby pom\u00f3c w organizacji tego wydarzenia prosz\u0119 o kontakt mailowy \u2013 maciej.pietkiewicz@gmail.com. Niech nasz udzia\u0142 w tym dniu, b\u0119dzie \u015bwiadectwem dla mieszka\u0144c\u00f3w naszego miasta!<\/li>\n<\/ul>\n<p>&nbsp;<\/p>\n<p>10. Od 11 do 19 listopada w naszej parafii b\u0119dzie trwa\u0142a Nowenna do \u015bw. Rafa\u0142a Kalinowskiego, przygotowuj\u0105ca nas duchowo <strong>do Odpustu Parafialnego<u>.<\/u><\/strong><u> <em>Nowenn\u0119 b\u0119dziemy odmawia\u0107 na zako\u0144czenie Mszy \u015bw. Zapraszamy do tej wsp\u00f3lnej modlitwy.<\/em><\/u><\/p>\n<p><em>&nbsp;<\/em><\/p>\n<p>11. Za tydzie\u0144 12 listopada (niedziela) zostanie po Mszach \u015bw. przeprowadzona zbi\u00f3rka do puszek na rzecz prze\u015bladowanych chrze\u015bcijan na BLISKIM WSCHODZIE. <em>Jest to inicjatywa Papieskiego dzie\u0142a \u201ePomoc Ko\u015bcio\u0142owi w potrzebie\u201d. Dzi\u0119ki&nbsp; tym ofiarom stowarzyszenie mo\u017ce realizowa\u0107 projekty pomocy dla chrze\u015bcijan na Bliskim Wschodzie. Stowarzyszenie dzia\u0142a w 150 krajach ca\u0142ego \u015bwiata nios\u0105c pomoc, nadzieje i pojednanie <\/em><\/p>\n<p><strong>&nbsp;<\/strong><\/p>\n<p><strong>12. Uwaga!!! &nbsp;<\/strong>Mo\u017cna ju\u017c zamawia\u0107 i rezerwowa\u0107 Msze \u015awi\u0119te na rok 2018.<\/p>\n<p>&nbsp;<\/p>\n<p>&nbsp;<\/p>\n","protected":false},"excerpt":{"rendered":"<p>&nbsp; 1. Dzi\u015b indywidualna Adoracja Naj\u015bwi\u0119tszego Sakramentu od 16.00 do 18.00. Znajd\u017a czas, aby by\u0107 sam na sam z Twoim Panem. &nbsp; 2. Ofiary sk\u0142adane dzisiaj na tac\u0119 przeznaczone s\u0105 na sp\u0142at\u0119 zad\u0142u\u017cenia za wykonany o\u0142tarz i chrzcielnic\u0119 w prezbiterium. B\u00f3g zap\u0142a\u0107 za sk\u0142adane ofiary. &nbsp; 3. W listopadzie w spos\u00f3b szczeg\u00f3lny pochylamy si\u0119 nad [&hellip;]<\/p>\n","protected":false},"author":1,"featured_media":2530,"comment_status":"closed","ping_status":"closed","sticky":false,"template":"","format":"standard","meta":{"ngg_post_thumbnail":0,"footnotes":""},"categories":[11,8,3],"tags":[],"class_list":["post-2999","post","type-post","status-publish","format-standard","has-post-thumbnail","hentry","category-aktualnosci","category-blog","category-ogloszenia"],"_links":{"self":[{"href":"https:\/\/rafalk-elblag.pl\/index.php?rest_route=\/wp\/v2\/posts\/2999","targetHints":{"allow":["GET"]}}],"collection":[{"href":"https:\/\/rafalk-elblag.pl\/index.php?rest_route=\/wp\/v2\/posts"}],"about":[{"href":"https:\/\/rafalk-elblag.pl\/index.php?rest_route=\/wp\/v2\/types\/post"}],"author":[{"embeddable":true,"href":"https:\/\/rafalk-elblag.pl\/index.php?rest_route=\/wp\/v2\/users\/1"}],"replies":[{"embeddable":true,"href":"https:\/\/rafalk-elblag.pl\/index.php?rest_route=%2Fwp%2Fv2%2Fcomments&post=2999"}],"version-history":[{"count":1,"href":"https:\/\/rafalk-elblag.pl\/index.php?rest_route=\/wp\/v2\/posts\/2999\/revisions"}],"predecessor-version":[{"id":3000,"href":"https:\/\/rafalk-elblag.pl\/index.php?rest_route=\/wp\/v2\/posts\/2999\/revisions\/3000"}],"wp:featuredmedia":[{"embeddable":true,"href":"https:\/\/rafalk-elblag.pl\/index.php?rest_route=\/wp\/v2\/media\/2530"}],"wp:attachment":[{"href":"https:\/\/rafalk-elblag.pl\/index.php?rest_route=%2Fwp%2Fv2%2Fmedia&parent=2999"}],"wp:term":[{"taxonomy":"category","embeddable":true,"href":"https:\/\/rafalk-elblag.pl\/index.php?rest_route=%2Fwp%2Fv2%2Fcategories&post=2999"},{"taxonomy":"post_tag","embeddable":true,"href":"https:\/\/rafalk-elblag.pl\/index.php?rest_route=%2Fwp%2Fv2%2Ftags&post=2999"}],"curies":[{"name":"wp","href":"https:\/\/api.w.org\/{rel}","templated":true}]}}