{"id":2997,"date":"2017-11-08T22:19:03","date_gmt":"2017-11-08T22:19:03","guid":{"rendered":"http:\/\/rafalk-elblag.pl\/?p=2997"},"modified":"2017-11-08T22:19:03","modified_gmt":"2017-11-08T22:19:03","slug":"intencje-mszalne-na-xxxi-tydzien-okresu-zwyklego-6-12-11-2017-r","status":"publish","type":"post","link":"https:\/\/rafalk-elblag.pl\/?p=2997","title":{"rendered":"INTENCJE MSZALNE NA XXXI TYDZIE\u0143 OKRESU ZWYK\u0141EGO (6-12.11.2017 R.)"},"content":{"rendered":"<p><a href=\"http:\/\/rafalk-elblag.pl\/wp-content\/uploads\/2016\/12\/shutterstock_49643152-1000.jpg\"><img loading=\"lazy\" decoding=\"async\" class=\"alignnone size-full wp-image-2526\" src=\"http:\/\/rafalk-elblag.pl\/wp-content\/uploads\/2016\/12\/shutterstock_49643152-1000.jpg\" alt=\"\" width=\"1000\" height=\"665\" srcset=\"https:\/\/rafalk-elblag.pl\/wp-content\/uploads\/2016\/12\/shutterstock_49643152-1000.jpg 1000w, https:\/\/rafalk-elblag.pl\/wp-content\/uploads\/2016\/12\/shutterstock_49643152-1000-300x200.jpg 300w, https:\/\/rafalk-elblag.pl\/wp-content\/uploads\/2016\/12\/shutterstock_49643152-1000-768x511.jpg 768w\" sizes=\"auto, (max-width: 1000px) 100vw, 1000px\" \/><\/a><\/p>\n<p>&nbsp;<\/p>\n<table width=\"726\">\n<tbody>\n<tr>\n<td colspan=\"2\" width=\"593\"><strong>6 listopada&nbsp;&nbsp; PONIEDZIA\u0141EK<\/strong><\/td>\n<td width=\"133\"><strong><em>\u0141k 14, 12-14<\/em><\/strong><\/td>\n<\/tr>\n<tr>\n<td width=\"87\">8:00<\/td>\n<td colspan=\"2\" width=\"639\">\u015ap. Jerzy Karpow w 8 rocz. \u015bmierci<\/td>\n<\/tr>\n<tr>\n<td width=\"87\">18:00<\/td>\n<td colspan=\"2\" width=\"639\"><strong>Msza \u015awi\u0119ta zbiorowa za zmar\u0142ych 6 greg.<\/strong><\/td>\n<\/tr>\n<tr>\n<td width=\"87\">18:00<\/td>\n<td colspan=\"2\" width=\"639\">\u015ap. Irena Sul\u017cycka w 10 rocz. \u015bmierci oraz \u015bp. Kazimierz Sul\u017cycki<\/td>\n<\/tr>\n<tr>\n<td width=\"87\">18:00<\/td>\n<td colspan=\"2\" width=\"639\">Dzi\u0119kczynna w 85 urodziny Stanis\u0142awa (m) Kowalskiego z pro\u015bb\u0105 o potrzebne \u0142aski dla Jubilata<\/td>\n<\/tr>\n<\/tbody>\n<\/table>\n<p>&nbsp;<\/p>\n<table width=\"726\">\n<tbody>\n<tr>\n<td colspan=\"2\" width=\"593\"><strong>7 listopada&nbsp;&nbsp; <\/strong><strong>WTOREK<\/strong><\/td>\n<td width=\"133\"><strong><em>\u0141k 14, 15-24<\/em><\/strong><\/td>\n<\/tr>\n<tr>\n<td width=\"87\">8:00<\/td>\n<td colspan=\"2\" width=\"639\">O zdrowie, potrzebne \u0142aski dla Stefana (m) Makowskiego w chorobie oraz o opiek\u0119 Matki Bo\u017cej<\/td>\n<\/tr>\n<tr>\n<td width=\"87\">18:00<\/td>\n<td colspan=\"2\" width=\"639\"><strong>Msza \u015awi\u0119ta zbiorowa za zmar\u0142ych 7 greg.<\/strong><\/td>\n<\/tr>\n<tr>\n<td width=\"87\">18:00<\/td>\n<td colspan=\"2\" width=\"639\">\u015ap. W\u0142adys\u0142aw (m) Bajson w 35 rocz. \u015bmierci oraz zmarli z rodzin Bajson, Jasi\u0144skich<br \/>\ni Kachnowicz<\/td>\n<\/tr>\n<tr>\n<td width=\"87\">18:00<\/td>\n<td colspan=\"2\" width=\"639\">Dzi\u0119kczynna w 40 urodziny Magdaleny z pro\u015bb\u0105 o Bo\u017ce b\u0142ogos\u0142awie\u0144stwo oraz opiek\u0119 Matki Bo\u017cej<\/td>\n<\/tr>\n<\/tbody>\n<\/table>\n<p>&nbsp;<\/p>\n<table width=\"726\">\n<tbody>\n<tr>\n<td colspan=\"2\" width=\"593\"><strong>8 listopada&nbsp;&nbsp; \u015aRODA<\/strong><\/td>\n<td width=\"133\"><strong><em>\u0141k 14, 25-33<\/em><\/strong><\/td>\n<\/tr>\n<tr>\n<td width=\"87\">8:00<\/td>\n<td colspan=\"2\" width=\"639\">\u015ap. Arkadiusz Oszmaniec w 30 dzie\u0144 po pogrzebie<\/td>\n<\/tr>\n<tr>\n<td width=\"87\"><strong>16:30<\/strong><\/td>\n<td colspan=\"2\" width=\"639\"><strong><em>Nabo\u017ce\u0144stwo za zmar\u0142ych<\/em><\/strong><strong> \u2013 dla dzieci<\/strong><\/td>\n<\/tr>\n<tr>\n<td width=\"87\">17:30<\/td>\n<td colspan=\"2\" width=\"639\"><em>Nabo\u017ce\u0144stwo do Matki Bo\u017cej Nieustaj\u0105cej Pomocy<\/em><\/td>\n<\/tr>\n<tr>\n<td width=\"87\"><strong>18:00<\/strong><\/td>\n<td colspan=\"2\" width=\"639\"><strong>Msza \u015awi\u0119ta zbiorowa za zmar\u0142ych 8 greg.<\/strong><\/td>\n<\/tr>\n<tr>\n<td width=\"87\">18:00<\/td>\n<td colspan=\"2\" width=\"639\">\u015ap. Stefan (m) Klecha oraz Stanis\u0142awa (k) i Piotr Klecha<\/td>\n<\/tr>\n<\/tbody>\n<\/table>\n<p>&nbsp;<\/p>\n<table width=\"726\">\n<tbody>\n<tr>\n<td colspan=\"2\" width=\"593\"><strong>9 listopada&nbsp;&nbsp; CZWARTEK<\/strong><\/p>\n<p><strong>\u015awi\u0119to rocznicy po\u015bwi\u0119cenia Bazyli Latera\u0144skiej<\/strong><\/td>\n<td width=\"133\"><strong><em>J 2, 13-22<\/em><\/strong><\/td>\n<\/tr>\n<tr>\n<td width=\"87\">8:00<\/td>\n<td colspan=\"2\" width=\"639\">\u015ap. Irena Gaza<\/td>\n<\/tr>\n<tr>\n<td width=\"87\"><strong>18:00<\/strong><\/td>\n<td colspan=\"2\" width=\"639\"><strong>Msza \u015awi\u0119ta zbiorowa za zmar\u0142ych 9 greg.<\/strong><\/td>\n<\/tr>\n<tr>\n<td width=\"87\">18:00<\/td>\n<td colspan=\"2\" width=\"639\">O Bo\u017ce b\u0142ogos\u0142awie\u0144stwo i potrzebne \u0142aski dla Asi w 13 rocz. urodzin i Bartka w 9 rocz. urodzin<\/td>\n<\/tr>\n<\/tbody>\n<\/table>\n<p>&nbsp;<\/p>\n<table width=\"726\">\n<tbody>\n<tr>\n<td colspan=\"2\" width=\"593\"><strong>10 listopada&nbsp;&nbsp; PI\u0104TEK<\/strong><\/p>\n<p><strong>wsp. \u015bw. Leona Wielkiego [papie\u017ca i doktora Ko\u015bcio\u0142a]<\/strong><\/td>\n<td width=\"133\"><strong><em>\u0141k 16, 1-8<\/em><\/strong><\/td>\n<\/tr>\n<tr>\n<td width=\"87\">8:00<\/td>\n<td colspan=\"2\" width=\"639\">W intencji powrotu do zdrowia dla Micha\u0142a i Oli oraz ich powrotu do Polski<\/td>\n<\/tr>\n<tr>\n<td width=\"87\"><strong>18:00<\/strong><\/td>\n<td colspan=\"2\" width=\"639\"><strong>Msza \u015awi\u0119ta zbiorowa za zmar\u0142ych 10 greg.<\/strong><\/td>\n<\/tr>\n<tr>\n<td width=\"87\">18:00<\/td>\n<td colspan=\"2\" width=\"639\">\u015ap. Roman Kwiatkowski w 30 dzie\u0144 po pogrzebie<\/td>\n<\/tr>\n<\/tbody>\n<\/table>\n<p>&nbsp;<\/p>\n<table width=\"726\">\n<tbody>\n<tr>\n<td colspan=\"2\" width=\"593\"><strong>11 listopada&nbsp;&nbsp; SOBOTA<\/strong><\/p>\n<p><strong>wsp. \u015bw. Marcina z Tours [biskupa]<\/strong><\/p>\n<p><strong>99 rocz. odzyskania niepodleg\u0142o\u015bci przez Polsk\u0119<\/strong><\/td>\n<td width=\"133\"><strong><em>\u0141k 14, 1. 7-11<\/em><\/strong><\/td>\n<\/tr>\n<tr>\n<td width=\"87\">8:00<\/td>\n<td colspan=\"2\" width=\"639\">\u015ap. Michalina Matuszak w 30 dzie\u0144 po pogrzebie<\/td>\n<\/tr>\n<tr>\n<td width=\"87\"><strong>11:00<\/strong><\/td>\n<td colspan=\"2\" width=\"639\"><strong>Msza \u015awi\u0119ta w intencji Ojczyzny w 99 rocz. odzyskania niepodleg\u0142o\u015bci<\/strong><\/td>\n<\/tr>\n<tr>\n<td width=\"87\"><strong>18:00<\/strong><\/td>\n<td colspan=\"2\" width=\"639\"><strong>Msza \u015awi\u0119ta zbiorowa za zmar\u0142ych 11 greg.<\/strong><\/td>\n<\/tr>\n<tr>\n<td width=\"87\">18:00<\/td>\n<td colspan=\"2\" width=\"639\">O dary Ducha \u015awi\u0119tego dla ks. Marcina w dniu imienin oraz Bo\u017ce b\u0142ogos\u0142awie\u0144stwo w pos\u0142udze kap\u0142a\u0144skiej<\/td>\n<\/tr>\n<\/tbody>\n<\/table>\n<p>&nbsp;<\/p>\n<table width=\"726\">\n<tbody>\n<tr>\n<td colspan=\"2\" width=\"593\"><strong>12 listopada&nbsp;&nbsp; XXXII NIEDZIELA ZWYK\u0141A<\/strong><\/td>\n<td width=\"133\"><strong><em>Mt 25, 1-13<\/em><\/strong><\/td>\n<\/tr>\n<tr>\n<td width=\"87\">7:00<\/td>\n<td colspan=\"2\" width=\"639\">\u015ap. Henryka (k) Krala w 2 miesi\u0105c po \u015bmierci<\/td>\n<\/tr>\n<tr>\n<td width=\"87\">9:00<\/td>\n<td colspan=\"2\" width=\"639\">O wprowadzanie \u017bywego S\u0142owa i kszta\u0142towanie \u017cycia wed\u0142ug Jego wskaz\u00f3wek dla Nikodema i jego rodziny, Agnieszki i ca\u0142ej rodziny zakonnej oraz Magdy i jej bliskich<\/td>\n<\/tr>\n<tr>\n<td width=\"87\">9:00<\/td>\n<td colspan=\"2\" width=\"639\">Dzi\u0119kczynna za Natali\u0119, Janka, Marysi\u0119 i Piotrusia, z pro\u015bb\u0105 o zdrowie i dalsze Bo\u017ce \u0142aski<\/td>\n<\/tr>\n<tr>\n<td width=\"87\">10:30<\/td>\n<td colspan=\"2\" width=\"639\">\u015ap. Karol Zajkowski w 17 rocz. \u015bmieci, \u015bp. Renata Zajkowska w 9 rocz. \u015bmierci oraz za zmar\u0142ych rodzic\u00f3w Czes\u0142aw\u0119 (k) i Wies\u0142awa (m)<\/td>\n<\/tr>\n<tr>\n<td width=\"87\"><strong>12:00<\/strong><\/td>\n<td colspan=\"2\" width=\"639\"><strong>Za parafian<\/strong><\/td>\n<\/tr>\n<tr>\n<td width=\"87\">15:00<\/td>\n<td colspan=\"2\" width=\"639\">W intencji modl\u0105cych si\u0119 za kap\u0142an\u00f3w \u2013 za wszystkie Margaretki<\/td>\n<\/tr>\n<tr>\n<td width=\"87\">15:00<\/td>\n<td colspan=\"2\" width=\"639\">\u015ap. Zofia i Stanis\u0142aw (m) Kula<\/td>\n<\/tr>\n<tr>\n<td width=\"87\"><strong>18:00<\/strong><\/td>\n<td colspan=\"2\" width=\"639\"><strong>Msza \u015awi\u0119ta zbiorowa za zmar\u0142ych 12 greg.<\/strong><\/td>\n<\/tr>\n<\/tbody>\n<\/table>\n<p>&nbsp;<\/p>\n<p>&nbsp;<\/p>\n","protected":false},"excerpt":{"rendered":"<p>&nbsp; 6 listopada&nbsp;&nbsp; PONIEDZIA\u0141EK \u0141k 14, 12-14 8:00 \u015ap. Jerzy Karpow w 8 rocz. \u015bmierci 18:00 Msza \u015awi\u0119ta zbiorowa za zmar\u0142ych 6 greg. 18:00 \u015ap. Irena Sul\u017cycka w 10 rocz. \u015bmierci oraz \u015bp. Kazimierz Sul\u017cycki 18:00 Dzi\u0119kczynna w 85 urodziny Stanis\u0142awa (m) Kowalskiego z pro\u015bb\u0105 o potrzebne \u0142aski dla Jubilata &nbsp; 7 listopada&nbsp;&nbsp; WTOREK \u0141k [&hellip;]<\/p>\n","protected":false},"author":1,"featured_media":2526,"comment_status":"closed","ping_status":"closed","sticky":false,"template":"","format":"standard","meta":{"ngg_post_thumbnail":0,"footnotes":""},"categories":[11,8,4],"tags":[],"class_list":["post-2997","post","type-post","status-publish","format-standard","has-post-thumbnail","hentry","category-aktualnosci","category-blog","category-intencje"],"_links":{"self":[{"href":"https:\/\/rafalk-elblag.pl\/index.php?rest_route=\/wp\/v2\/posts\/2997","targetHints":{"allow":["GET"]}}],"collection":[{"href":"https:\/\/rafalk-elblag.pl\/index.php?rest_route=\/wp\/v2\/posts"}],"about":[{"href":"https:\/\/rafalk-elblag.pl\/index.php?rest_route=\/wp\/v2\/types\/post"}],"author":[{"embeddable":true,"href":"https:\/\/rafalk-elblag.pl\/index.php?rest_route=\/wp\/v2\/users\/1"}],"replies":[{"embeddable":true,"href":"https:\/\/rafalk-elblag.pl\/index.php?rest_route=%2Fwp%2Fv2%2Fcomments&post=2997"}],"version-history":[{"count":1,"href":"https:\/\/rafalk-elblag.pl\/index.php?rest_route=\/wp\/v2\/posts\/2997\/revisions"}],"predecessor-version":[{"id":2998,"href":"https:\/\/rafalk-elblag.pl\/index.php?rest_route=\/wp\/v2\/posts\/2997\/revisions\/2998"}],"wp:featuredmedia":[{"embeddable":true,"href":"https:\/\/rafalk-elblag.pl\/index.php?rest_route=\/wp\/v2\/media\/2526"}],"wp:attachment":[{"href":"https:\/\/rafalk-elblag.pl\/index.php?rest_route=%2Fwp%2Fv2%2Fmedia&parent=2997"}],"wp:term":[{"taxonomy":"category","embeddable":true,"href":"https:\/\/rafalk-elblag.pl\/index.php?rest_route=%2Fwp%2Fv2%2Fcategories&post=2997"},{"taxonomy":"post_tag","embeddable":true,"href":"https:\/\/rafalk-elblag.pl\/index.php?rest_route=%2Fwp%2Fv2%2Ftags&post=2997"}],"curies":[{"name":"wp","href":"https:\/\/api.w.org\/{rel}","templated":true}]}}