{"id":2994,"date":"2017-10-31T14:30:14","date_gmt":"2017-10-31T14:30:14","guid":{"rendered":"http:\/\/rafalk-elblag.pl\/?p=2994"},"modified":"2017-10-31T14:30:14","modified_gmt":"2017-10-31T14:30:14","slug":"ogloszenia-parafialne-29-10-2017-r-xxx-niedziela-zwykla","status":"publish","type":"post","link":"https:\/\/rafalk-elblag.pl\/?p=2994","title":{"rendered":"OG\u0141OSZENIA PARAFIALNE 29.10.2017 R. XXX NIEDZIELA ZWYK\u0141A"},"content":{"rendered":"<p><a href=\"http:\/\/rafalk-elblag.pl\/wp-content\/uploads\/2016\/12\/pulpit.jpg\"><img loading=\"lazy\" decoding=\"async\" class=\"alignnone size-large wp-image-2530\" src=\"http:\/\/rafalk-elblag.pl\/wp-content\/uploads\/2016\/12\/pulpit-1024x682.jpg\" alt=\"\" width=\"900\" height=\"599\" srcset=\"https:\/\/rafalk-elblag.pl\/wp-content\/uploads\/2016\/12\/pulpit-1024x682.jpg 1024w, https:\/\/rafalk-elblag.pl\/wp-content\/uploads\/2016\/12\/pulpit-300x200.jpg 300w, https:\/\/rafalk-elblag.pl\/wp-content\/uploads\/2016\/12\/pulpit-768x512.jpg 768w, https:\/\/rafalk-elblag.pl\/wp-content\/uploads\/2016\/12\/pulpit.jpg 1698w\" sizes=\"auto, (max-width: 900px) 100vw, 900px\" \/><\/a><\/p>\n<p>&nbsp;<\/p>\n<p><strong>1. Ko\u0144czy si\u0119 miesi\u0105c R\u00f3\u017ca\u0144ca \u015awi\u0119tego.<\/strong> Zapraszamy na nabo\u017ce\u0144stwa z wystawieniem Naj\u015bwi\u0119tszego Sakramentu jeszcze dzisiaj, w poniedzia\u0142ek i wtorek o godz. 17.15, a dzieci <strong>w poniedzia\u0142ek o godz. 16.30. <\/strong><\/p>\n<p><strong>&nbsp;<\/strong><\/p>\n<p><strong>2. Uwaga! 1 listopada Msze \u015awi\u0119te odprawione b\u0119d\u0105 na Cmentarzach<\/strong>:<\/p>\n<p>AGRYKOLA \u2013 godz. 11.30,<\/p>\n<p>D\u0118BICA (Stara Kaplica) \u2013 12.00;<\/p>\n<p>\u015aW. WOJCIECH godz. 14.00,<\/p>\n<p><em>a po nich procesja po\u0142\u0105czona z modlitwami za zmar\u0142ych.<\/em><\/p>\n<p>&nbsp;<\/p>\n<p>3. Jak ka\u017cdego roku w listopadzie modli\u0107 si\u0119 b\u0119dziemy za naszych zmar\u0142ych. <strong>Prosimy o czytelne wype\u0142nianie kartek. Kartka z napisem MSZA \u015aW. ZBIOROWA ZA ZMAR\u0141YCH odprawiana b\u0119dzie przez ca\u0142y listopad o godz. 18.00. Druga kartka z napisem WYPOMINKI <\/strong>wyczytywana b\u0119dzie podczas Koronki do Mi\u0142osierdzia Bo\u017cego po Mszy \u015aw. wieczornej.<\/p>\n<p><strong>Prosimy<\/strong> <strong>zaznaczy\u0107 na kartce od MSZY \u015aW. ZBIOROWEJ ZA ZMAR\u0141YCH<\/strong> dat\u0119 (dzie\u0144),w kt\u00f3rym imiona i nazwiska naszych drogich zmar\u0142ych maj\u0105 by\u0107 wyczytane. Prosimy, by nie wyznacza\u0107 dnia 2 listopada, gdy\u017c ten dzie\u0144 przeznaczony b\u0119dzie na szczeg\u00f3lne nabo\u017ce\u0144stwo za wszystkich zmar\u0142ych z naszej parafii w ostatnim roku, tj. od 1 listopada 2016 r.<\/p>\n<p><strong>&nbsp;<\/strong><\/p>\n<p><strong>4. W \u015brod\u0119 1 listopada &#8211; Uroczysto\u015b\u0107 Wszystkich \u015awi\u0119tych. Msze \u015aw. o godz.: 7.00, 9.00, 10.30, 12.00 i 18.00.<\/strong> Msza \u015bw. o godz. 18.00 jest pierwsz\u0105 Msz\u0105 \u015bw. Zbiorow\u0105. <strong>Przypominamy, \u017ce od 1 do 8 listopada w\u0142\u0105cznie mo\u017cna uzyska\u0107 ODPUST ZUPE\u0141NY<\/strong> za pobo\u017cne nawiedzenie cmentarza i odm\u00f3wienie modlitwy za zmar\u0142ych. <em>Odpust zupe\u0142ny mo\u017cna uzyska\u0107 dla jednej duszy w czy\u015b\u0107cu cierpi\u0105cej, jeden raz na dzie\u0144.<\/em><\/p>\n<p>&nbsp;<\/p>\n<p>5. W czwartek 2 listopada &#8211;<strong> Wspomnienie Wszystkich Wiernych Zmar\u0142ych czyli Dzie\u0144 Zaduszny<\/strong>. Msza \u015bw. o godz. 8.00, 11.00 i o godz. 18.00. <em>W tym dniu gor\u0105co zapraszamy rodziny zmar\u0142ych w ostatnim roku parafian, na Msz\u0119 \u015bw. o godz. 18.00 podczas kt\u00f3rej zostan\u0105 wyczytani i poleceni Bo\u017cemu Mi\u0142osierdziu.<\/em><\/p>\n<p><strong>&nbsp;<\/strong><\/p>\n<p><strong>6. Dzieci wraz z rodzicami lub opiekunami zapraszamy na modlitw\u0119 za zmar\u0142ych 8 i 22 listopada (\u015broda) na godz. 16.30. <\/strong><\/p>\n<p>&nbsp;<\/p>\n<p>7. W tym tygodniu przypada pierwszy czwartek, pi\u0105tek i sobota miesi\u0105ca.<\/p>\n<ul>\n<li>w pierwszy czwartek <strong>(2 listopada)<\/strong> po Mszy \u015bw. o godz. 18.00 <strong>zapraszamy na wsp\u00f3ln\u0105 ADORACJ\u0118 tj. na \u201eGodzin\u0119 \u015awi\u0119t\u0105\u201d. <\/strong><\/li>\n<li>w pierwszy pi\u0105tek <strong>(3 listopada)<\/strong> zapraszamy do spowiedzi dzieci z klas IV w tygodniu, wed\u0142ug ustalonego porz\u0105dku tj.: poniedzia\u0142ek od godz. 17.30 klasa IVA, wtorek od godz. &nbsp;17.30 klasa IVB \u015broda od godz. 17.30 klasa IVC, czwartek od godz. 17.30 klasa IVD i w pi\u0105tek od godz. 16.00. <strong>Msza \u015bw. dla wszystkich dzieci w I pi\u0105tek 3 listopada o godz. 16.30<\/strong><\/li>\n<\/ul>\n<ul>\n<li>spowied\u017a dla doros\u0142ych w tygodniu od godz. 17.30;<\/li>\n<li><strong>kap\u0142ani udadz\u0105 si\u0119 z Komuni\u0105 \u015aw. do chorych w pierwszy pi\u0105tek miesi\u0105ca<\/strong> (Ks. Proboszcz od godz. 9:30, ks. \u0141ukasz i ks. Marcin od 8:00).<\/li>\n<li>w pierwsz\u0105 sobot\u0119 <strong>(5 listopada)<\/strong> zapraszamy wszystkich czcicieli Matki Bo\u017cej na Nabo\u017ce\u0144stwo Pierwszosobotnie po\u0142\u0105czone z Adoracj\u0119 Naj\u015bwi\u0119tszego Sakramentu od godz. 17.00.<\/li>\n<\/ul>\n<p>&nbsp;<\/p>\n<p>8. Za tydzie\u0144 ofiary zbierane na tac\u0119 przeznaczone b\u0119d\u0105 na sp\u0142at\u0119 zad\u0142u\u017cenia za wykonany o\u0142tarz i chrzcielnic\u0119 w prezbiterium. B\u00f3g zap\u0142a\u0107 za sk\u0142adane ofiary<strong>.<\/strong><\/p>\n<p>&nbsp;<\/p>\n<p><strong>9. Uwaga!!! <\/strong>Mo\u017cna ju\u017c zamawia\u0107 i rezerwowa\u0107 Msze \u015awi\u0119te na rok 2018.<\/p>\n<p>&nbsp;<\/p>\n<p>10. Zach\u0119camy do czytania prasy katolickiej: nowy numer \u201eGo\u015bcia Niedzielnego\u201dw cenie 5 z\u0142. <strong>oraz dodatek<\/strong> <strong>\u201eGo\u015b\u0107 Elbl\u0105ski\u201d<\/strong> a w nim wydarzenia z diecezji.<\/p>\n<p><strong>&nbsp;<\/strong><\/p>\n<p><strong>11. Pan powo\u0142a\u0142 do wieczno\u015bci:<\/strong> \u015bp. Teres\u0119 Imio\u0142ek lat 80 z ul. Og\u00f3lnej; \u015bp. Henryka Hacika lat 73 z ul. Brzechwy i \u015bp. Paw\u0142a Miko\u0142ajewskiego lat 53 z ul. Wi\u015blickiej. Wieczny odpoczynek racz im da\u0107 Panie! A \u015bwiat\u0142o\u015b\u0107 wiekuista niechaj im \u015bwieci.<\/p>\n<p>&nbsp;<\/p>\n<p>&nbsp;<\/p>\n","protected":false},"excerpt":{"rendered":"<p>&nbsp; 1. Ko\u0144czy si\u0119 miesi\u0105c R\u00f3\u017ca\u0144ca \u015awi\u0119tego. Zapraszamy na nabo\u017ce\u0144stwa z wystawieniem Naj\u015bwi\u0119tszego Sakramentu jeszcze dzisiaj, w poniedzia\u0142ek i wtorek o godz. 17.15, a dzieci w poniedzia\u0142ek o godz. 16.30. &nbsp; 2. Uwaga! 1 listopada Msze \u015awi\u0119te odprawione b\u0119d\u0105 na Cmentarzach: AGRYKOLA \u2013 godz. 11.30, D\u0118BICA (Stara Kaplica) \u2013 12.00; \u015aW. WOJCIECH godz. 14.00, a [&hellip;]<\/p>\n","protected":false},"author":1,"featured_media":2530,"comment_status":"closed","ping_status":"closed","sticky":false,"template":"","format":"standard","meta":{"ngg_post_thumbnail":0,"footnotes":""},"categories":[11,8,3],"tags":[],"class_list":["post-2994","post","type-post","status-publish","format-standard","has-post-thumbnail","hentry","category-aktualnosci","category-blog","category-ogloszenia"],"_links":{"self":[{"href":"https:\/\/rafalk-elblag.pl\/index.php?rest_route=\/wp\/v2\/posts\/2994","targetHints":{"allow":["GET"]}}],"collection":[{"href":"https:\/\/rafalk-elblag.pl\/index.php?rest_route=\/wp\/v2\/posts"}],"about":[{"href":"https:\/\/rafalk-elblag.pl\/index.php?rest_route=\/wp\/v2\/types\/post"}],"author":[{"embeddable":true,"href":"https:\/\/rafalk-elblag.pl\/index.php?rest_route=\/wp\/v2\/users\/1"}],"replies":[{"embeddable":true,"href":"https:\/\/rafalk-elblag.pl\/index.php?rest_route=%2Fwp%2Fv2%2Fcomments&post=2994"}],"version-history":[{"count":1,"href":"https:\/\/rafalk-elblag.pl\/index.php?rest_route=\/wp\/v2\/posts\/2994\/revisions"}],"predecessor-version":[{"id":2995,"href":"https:\/\/rafalk-elblag.pl\/index.php?rest_route=\/wp\/v2\/posts\/2994\/revisions\/2995"}],"wp:featuredmedia":[{"embeddable":true,"href":"https:\/\/rafalk-elblag.pl\/index.php?rest_route=\/wp\/v2\/media\/2530"}],"wp:attachment":[{"href":"https:\/\/rafalk-elblag.pl\/index.php?rest_route=%2Fwp%2Fv2%2Fmedia&parent=2994"}],"wp:term":[{"taxonomy":"category","embeddable":true,"href":"https:\/\/rafalk-elblag.pl\/index.php?rest_route=%2Fwp%2Fv2%2Fcategories&post=2994"},{"taxonomy":"post_tag","embeddable":true,"href":"https:\/\/rafalk-elblag.pl\/index.php?rest_route=%2Fwp%2Fv2%2Ftags&post=2994"}],"curies":[{"name":"wp","href":"https:\/\/api.w.org\/{rel}","templated":true}]}}