{"id":2992,"date":"2017-10-31T14:26:32","date_gmt":"2017-10-31T14:26:32","guid":{"rendered":"http:\/\/rafalk-elblag.pl\/?p=2992"},"modified":"2017-10-31T14:26:32","modified_gmt":"2017-10-31T14:26:32","slug":"intencje-mszalne-na-xxx-tydzien-okresu-zwyklego-30-10-5-11-2017-r","status":"publish","type":"post","link":"https:\/\/rafalk-elblag.pl\/?p=2992","title":{"rendered":"INTENCJE MSZALNE NA XXX TYDZIE\u0143 OKRESU ZWYK\u0141EGO (30.10.-5.11.2017 R.)"},"content":{"rendered":"<p><a href=\"http:\/\/rafalk-elblag.pl\/wp-content\/uploads\/2016\/12\/shutterstock_49643152-1000.jpg\"><img loading=\"lazy\" decoding=\"async\" class=\"alignnone size-full wp-image-2526\" src=\"http:\/\/rafalk-elblag.pl\/wp-content\/uploads\/2016\/12\/shutterstock_49643152-1000.jpg\" alt=\"\" width=\"1000\" height=\"665\" srcset=\"https:\/\/rafalk-elblag.pl\/wp-content\/uploads\/2016\/12\/shutterstock_49643152-1000.jpg 1000w, https:\/\/rafalk-elblag.pl\/wp-content\/uploads\/2016\/12\/shutterstock_49643152-1000-300x200.jpg 300w, https:\/\/rafalk-elblag.pl\/wp-content\/uploads\/2016\/12\/shutterstock_49643152-1000-768x511.jpg 768w\" sizes=\"auto, (max-width: 1000px) 100vw, 1000px\" \/><\/a><\/p>\n<p>&nbsp;<\/p>\n<table width=\"726\">\n<tbody>\n<tr>\n<td colspan=\"2\" width=\"593\"><strong>30 pa\u017adziernika&nbsp;&nbsp; PONIEDZIA\u0141EK<\/strong><\/td>\n<td width=\"133\"><strong><em>\u0141k 13, 10-17<\/em><\/strong><\/td>\n<\/tr>\n<tr>\n<td width=\"87\">8:00<\/td>\n<td colspan=\"2\" width=\"639\">\u015ap. Ryszard Jab\u0142o\u0144ski w 30 dzie\u0144 po pogrzebie<\/td>\n<\/tr>\n<tr>\n<td width=\"87\">17:15<\/td>\n<td colspan=\"2\" width=\"639\"><em>Nabo\u017ce\u0144stwo r\u00f3\u017ca\u0144cowe<\/em><\/td>\n<\/tr>\n<tr>\n<td width=\"87\">18:00<\/td>\n<td colspan=\"2\" width=\"639\">\u015ap. Marianna Humelt 30 greg.<\/td>\n<\/tr>\n<tr>\n<td width=\"87\">18:00<\/td>\n<td colspan=\"2\" width=\"639\">\u015ap. Franciszek (m) Songin<\/td>\n<\/tr>\n<\/tbody>\n<\/table>\n<p>&nbsp;<\/p>\n<table width=\"726\">\n<tbody>\n<tr>\n<td colspan=\"2\" width=\"593\"><strong>31 pa\u017adziernika&nbsp;&nbsp; <\/strong><strong>WTOREK<\/strong><\/p>\n<p><strong>Modlitwy o jedno\u015b\u0107 chrze\u015bcijan [500-lecie reformacji]<\/strong><\/td>\n<td width=\"133\"><strong><em>\u0141k 13, 18-21<\/em><\/strong><\/td>\n<\/tr>\n<tr>\n<td width=\"87\">8:00<\/td>\n<td colspan=\"2\" width=\"639\">\u015ap. Czes\u0142awa (k) Palkowska i \u015bp. Paulina Mendalka<\/td>\n<\/tr>\n<tr>\n<td width=\"87\">17:15<\/td>\n<td colspan=\"2\" width=\"639\"><em>Nabo\u017ce\u0144stwo r\u00f3\u017ca\u0144cowe<\/em><\/td>\n<\/tr>\n<tr>\n<td width=\"87\">18:00<\/td>\n<td colspan=\"2\" width=\"639\">\u015ap. Maria Za\u0142\u0119ska<\/td>\n<\/tr>\n<tr>\n<td width=\"87\">18:00<\/td>\n<td colspan=\"2\" width=\"639\">\u015ap. Stefania (k), Nike w 5 rocz. \u015bmierci oraz \u015bp. Miros\u0142aw (m) Nike i zmarli z rodziny Nike, Jasi\u0144skich, D\u0105browskich i Szpak, a tak\u017ce \u015bp. Danuta Rycewicz i \u015bp. Ryszard Kujawski<\/td>\n<\/tr>\n<\/tbody>\n<\/table>\n<p>&nbsp;<\/p>\n<table width=\"726\">\n<tbody>\n<tr>\n<td colspan=\"2\" width=\"593\"><strong>1 listopada&nbsp;&nbsp; \u015aRODA<\/strong><\/p>\n<p><strong>Uroczysto\u015b\u0107 Wszystkich \u015awi\u0119tych<\/strong><\/td>\n<td width=\"133\"><strong><em>Mt 5, 1-12a<\/em><\/strong><\/td>\n<\/tr>\n<tr>\n<td width=\"87\">7:00<\/td>\n<td colspan=\"2\" width=\"639\">\u015ap. Franciszka (k) Bo\u017cyczko w 3 rocz. \u015bmierci<\/td>\n<\/tr>\n<tr>\n<td width=\"87\">9:00<\/td>\n<td colspan=\"2\" width=\"639\">\u015ap. Maria Rogala w 2 rocz. \u015bmierci<\/td>\n<\/tr>\n<tr>\n<td width=\"87\">10:30<\/td>\n<td colspan=\"2\" width=\"639\">\u015ap. Mariusz Mu\u017cy\u0142o<\/td>\n<\/tr>\n<tr>\n<td width=\"87\">12:00<\/td>\n<td colspan=\"2\" width=\"639\">\u015ap. Cecylia Kocemba w 25 rocz. \u015bmierci, \u015bp. Stanis\u0142aw w 29 rocz. \u015bmierci, Ewa Kocemba, Franciszek Szott, Anita Do\u0144czura<\/td>\n<\/tr>\n<tr>\n<td width=\"87\">17:30<\/td>\n<td colspan=\"2\" width=\"639\"><em>Nabo\u017ce\u0144stwo do Matki Bo\u017cej Nieustaj\u0105cej Pomocy<\/em><\/td>\n<\/tr>\n<tr>\n<td width=\"87\"><strong>18:00<\/strong><\/td>\n<td colspan=\"2\" width=\"639\"><strong>Msza \u015awi\u0119ta zbiorowa za zmar\u0142ych 1 greg.<\/strong><\/td>\n<\/tr>\n<\/tbody>\n<\/table>\n<p>&nbsp;<\/p>\n<table width=\"726\">\n<tbody>\n<tr>\n<td colspan=\"2\" width=\"593\"><strong>2 listopada&nbsp;&nbsp; PIERWSZY CZWARTEK MIESI\u0104CA<\/strong><\/p>\n<p><strong>Wspomnienie wszystkich wiernych zmar\u0142ych [Dzie\u0144 Zaduszny]<\/strong><\/td>\n<td width=\"133\"><strong><em>J 14, 1-6<\/em><\/strong><\/td>\n<\/tr>\n<tr>\n<td width=\"87\">8:00<\/td>\n<td colspan=\"2\" width=\"639\">\u015ap. Helena i Hieronim Kowalscy, \u015bp. Marta i Gerwazy Szyd\u0142owscy<\/td>\n<\/tr>\n<tr>\n<td width=\"87\">11:00<\/td>\n<td colspan=\"2\" width=\"639\">\u015ap. J\u00f3zef Mu\u017cy\u0142o<\/td>\n<\/tr>\n<tr>\n<td width=\"87\"><strong>18:00<\/strong><\/td>\n<td colspan=\"2\" width=\"639\"><strong>Msza \u015awi\u0119ta zbiorowa za zmar\u0142ych 2 greg.<\/strong><\/td>\n<\/tr>\n<tr>\n<td width=\"87\"><strong>18:00<\/strong><\/td>\n<td colspan=\"2\" width=\"639\"><strong>O \u015bwi\u0119to\u015b\u0107 dla kap\u0142an\u00f3w oraz o liczne i \u015bwi\u0119te powo\u0142ania kap\u0142a\u0144skie i zakonne z naszej parafii<\/strong><\/td>\n<\/tr>\n<tr>\n<td width=\"87\"><strong>18:45<\/strong><\/td>\n<td colspan=\"2\" width=\"639\"><strong>Godzina \u015awi\u0119ta \u2013 adoracja w intencji powo\u0142a\u0144 do s\u0142u\u017cby w Ko\u015bciele oraz u\u015bwi\u0119cenia kap\u0142an\u00f3w<\/strong><\/td>\n<\/tr>\n<\/tbody>\n<\/table>\n<p>&nbsp;<\/p>\n<table width=\"726\">\n<tbody>\n<tr>\n<td colspan=\"2\" width=\"593\"><strong>3 listopada&nbsp;&nbsp; PIERWSZY PI\u0104TEK MIESI\u0104CA<\/strong><\/td>\n<td width=\"133\"><strong><em>\u0141k 14, 1-6<\/em><\/strong><\/td>\n<\/tr>\n<tr>\n<td width=\"87\">8:00<\/td>\n<td colspan=\"2\" width=\"639\">O uzdrowienie duszy i cia\u0142a oraz do\u015bwiadczenie Bo\u017cej opieki dla Anny<\/td>\n<\/tr>\n<tr>\n<td width=\"87\">16:30<\/td>\n<td colspan=\"2\" width=\"639\">Za zmar\u0142ych rodzic\u00f3w z obojga stron: \u015bp. Maria i Antoni Korolko oraz \u015bp. Maria i Micha\u0142 \u017by\u0142a oraz \u015bp. Helena i Zygmunt<\/td>\n<\/tr>\n<tr>\n<td width=\"87\">17:30<\/td>\n<td colspan=\"2\" width=\"639\"><em>Nabo\u017ce\u0144stwo pierwszopi\u0105tkowe<\/em><\/td>\n<\/tr>\n<tr>\n<td width=\"87\"><strong>18:00<\/strong><\/td>\n<td colspan=\"2\" width=\"639\"><strong>Msza \u015awi\u0119ta zbiorowa za zmar\u0142ych 3 greg.<\/strong><\/td>\n<\/tr>\n<tr>\n<td width=\"87\">18:00<\/td>\n<td colspan=\"2\" width=\"639\">\u015ap. Wojciech Szersze\u0144 w 2 rocz. \u015bmierci<\/td>\n<\/tr>\n<\/tbody>\n<\/table>\n<p>&nbsp;<\/p>\n<table width=\"726\">\n<tbody>\n<tr>\n<td colspan=\"2\" width=\"593\"><strong>4 listopada&nbsp;&nbsp; PIERWSZA SOBOTA MIESI\u0104CA<\/strong><\/p>\n<p><strong>wsp. \u015bw. Karola Boremeusza [biskupa]<\/strong><\/td>\n<td width=\"133\"><strong><em>\u0141k 14, 1. 7-11<\/em><\/strong><\/td>\n<\/tr>\n<tr>\n<td width=\"87\">8:00<\/td>\n<td colspan=\"2\" width=\"639\">\u015ap. Marianna i J\u00f3zef Kury\u0142o oraz zmarli z rodzin Kury\u0142\u00f3w, Ha\u0142abisi\u00f3w i Kotlewskich<\/td>\n<\/tr>\n<tr>\n<td width=\"87\">17:00<\/td>\n<td colspan=\"2\" width=\"639\"><em>Nabo\u017ce\u0144stwo pierwszych sob\u00f3t miesi\u0105ca<\/em><\/td>\n<\/tr>\n<tr>\n<td width=\"87\"><strong>18:00<\/strong><\/td>\n<td colspan=\"2\" width=\"639\"><strong>Msza \u015awi\u0119ta zbiorowa za zmar\u0142ych 4 greg.<\/strong><\/td>\n<\/tr>\n<tr>\n<td width=\"87\">18:00<\/td>\n<td colspan=\"2\" width=\"639\">Rez. \u017bywy R\u00f3\u017caniec<\/td>\n<\/tr>\n<\/tbody>\n<\/table>\n<p>&nbsp;<\/p>\n<table width=\"726\">\n<tbody>\n<tr>\n<td colspan=\"2\" width=\"593\"><strong>5 listopada&nbsp;&nbsp; XXXI NIEDZIELA ZWYK\u0141A<\/strong><\/td>\n<td width=\"133\"><strong><em>Mt 23, 1-12<\/em><\/strong><\/td>\n<\/tr>\n<tr>\n<td width=\"87\">7:00<\/td>\n<td colspan=\"2\" width=\"639\">\u015ap. Lucjan Lasek w 22 rocz. \u015bmierci oraz \u015bp. Marianna i Feliks Ba\u0142dyga<\/td>\n<\/tr>\n<tr>\n<td width=\"87\">9:00<\/td>\n<td colspan=\"2\" width=\"639\">\u015ap. Wanda Grad w 15 rocz. \u015bmierci oraz za zmar\u0142ych rodzic\u00f3w: \u015bp. Czes\u0142awa (k) i Stanis\u0142aw Kowalscy i \u015bp. Genowefa i Stanis\u0142aw Olewnik<\/td>\n<\/tr>\n<tr>\n<td width=\"87\">9:00<\/td>\n<td colspan=\"2\" width=\"639\">\u015ap. Stefania (k) Duch w 19 rocz. \u015bmierci oraz \u015bp. Henryk (m) Groszyk w 28 rocz. \u015bmierci<\/td>\n<\/tr>\n<tr>\n<td width=\"87\">10:30<\/td>\n<td colspan=\"2\" width=\"639\">O Bo\u017ce b\u0142ogos\u0142awie\u0144stwo, potrzebne \u0142aski oraz opiek\u0119 Matki Bo\u017cej dla Patryka w 12 rocznic\u0119 urodzin i dla Sylwii w dniu imienin<\/td>\n<\/tr>\n<tr>\n<td width=\"87\"><strong>12:00<\/strong><\/td>\n<td colspan=\"2\" width=\"639\"><strong>Za parafian<\/strong><\/td>\n<\/tr>\n<tr>\n<td width=\"87\">15:00<\/td>\n<td colspan=\"2\" width=\"639\">\u015ap. Apolonia, Roman, Bogus\u0142aw Gregorczyk, Danuta Meller \u2013 o \u017cycie wieczne w niebie<\/td>\n<\/tr>\n<tr>\n<td width=\"87\"><strong>18:00<\/strong><\/td>\n<td colspan=\"2\" width=\"639\"><strong>Msza \u015awi\u0119ta zbiorowa za zmar\u0142ych 5 greg.<\/strong><\/td>\n<\/tr>\n<\/tbody>\n<\/table>\n<p>&nbsp;<\/p>\n<p>&nbsp;<\/p>\n","protected":false},"excerpt":{"rendered":"<p>&nbsp; 30 pa\u017adziernika&nbsp;&nbsp; PONIEDZIA\u0141EK \u0141k 13, 10-17 8:00 \u015ap. Ryszard Jab\u0142o\u0144ski w 30 dzie\u0144 po pogrzebie 17:15 Nabo\u017ce\u0144stwo r\u00f3\u017ca\u0144cowe 18:00 \u015ap. Marianna Humelt 30 greg. 18:00 \u015ap. Franciszek (m) Songin &nbsp; 31 pa\u017adziernika&nbsp;&nbsp; WTOREK Modlitwy o jedno\u015b\u0107 chrze\u015bcijan [500-lecie reformacji] \u0141k 13, 18-21 8:00 \u015ap. Czes\u0142awa (k) Palkowska i \u015bp. Paulina Mendalka 17:15 Nabo\u017ce\u0144stwo r\u00f3\u017ca\u0144cowe [&hellip;]<\/p>\n","protected":false},"author":1,"featured_media":2526,"comment_status":"closed","ping_status":"closed","sticky":false,"template":"","format":"standard","meta":{"ngg_post_thumbnail":0,"footnotes":""},"categories":[11,8,4],"tags":[],"class_list":["post-2992","post","type-post","status-publish","format-standard","has-post-thumbnail","hentry","category-aktualnosci","category-blog","category-intencje"],"_links":{"self":[{"href":"https:\/\/rafalk-elblag.pl\/index.php?rest_route=\/wp\/v2\/posts\/2992","targetHints":{"allow":["GET"]}}],"collection":[{"href":"https:\/\/rafalk-elblag.pl\/index.php?rest_route=\/wp\/v2\/posts"}],"about":[{"href":"https:\/\/rafalk-elblag.pl\/index.php?rest_route=\/wp\/v2\/types\/post"}],"author":[{"embeddable":true,"href":"https:\/\/rafalk-elblag.pl\/index.php?rest_route=\/wp\/v2\/users\/1"}],"replies":[{"embeddable":true,"href":"https:\/\/rafalk-elblag.pl\/index.php?rest_route=%2Fwp%2Fv2%2Fcomments&post=2992"}],"version-history":[{"count":1,"href":"https:\/\/rafalk-elblag.pl\/index.php?rest_route=\/wp\/v2\/posts\/2992\/revisions"}],"predecessor-version":[{"id":2993,"href":"https:\/\/rafalk-elblag.pl\/index.php?rest_route=\/wp\/v2\/posts\/2992\/revisions\/2993"}],"wp:featuredmedia":[{"embeddable":true,"href":"https:\/\/rafalk-elblag.pl\/index.php?rest_route=\/wp\/v2\/media\/2526"}],"wp:attachment":[{"href":"https:\/\/rafalk-elblag.pl\/index.php?rest_route=%2Fwp%2Fv2%2Fmedia&parent=2992"}],"wp:term":[{"taxonomy":"category","embeddable":true,"href":"https:\/\/rafalk-elblag.pl\/index.php?rest_route=%2Fwp%2Fv2%2Fcategories&post=2992"},{"taxonomy":"post_tag","embeddable":true,"href":"https:\/\/rafalk-elblag.pl\/index.php?rest_route=%2Fwp%2Fv2%2Ftags&post=2992"}],"curies":[{"name":"wp","href":"https:\/\/api.w.org\/{rel}","templated":true}]}}