{"id":2990,"date":"2017-10-31T14:22:31","date_gmt":"2017-10-31T14:22:31","guid":{"rendered":"http:\/\/rafalk-elblag.pl\/?p=2990"},"modified":"2017-10-31T14:22:31","modified_gmt":"2017-10-31T14:22:31","slug":"ogloszenia-parafialne-22-10-2017-r-xxix-niedziela-zwykla","status":"publish","type":"post","link":"https:\/\/rafalk-elblag.pl\/?p=2990","title":{"rendered":"OG\u0141OSZENIA PARAFIALNE 22.10.2017 R. XXIX NIEDZIELA ZWYK\u0141A"},"content":{"rendered":"<p><a href=\"http:\/\/rafalk-elblag.pl\/wp-content\/uploads\/2016\/12\/pulpit.jpg\"><img loading=\"lazy\" decoding=\"async\" class=\"alignnone size-large wp-image-2530\" src=\"http:\/\/rafalk-elblag.pl\/wp-content\/uploads\/2016\/12\/pulpit-1024x682.jpg\" alt=\"\" width=\"900\" height=\"599\" srcset=\"https:\/\/rafalk-elblag.pl\/wp-content\/uploads\/2016\/12\/pulpit-1024x682.jpg 1024w, https:\/\/rafalk-elblag.pl\/wp-content\/uploads\/2016\/12\/pulpit-300x200.jpg 300w, https:\/\/rafalk-elblag.pl\/wp-content\/uploads\/2016\/12\/pulpit-768x512.jpg 768w, https:\/\/rafalk-elblag.pl\/wp-content\/uploads\/2016\/12\/pulpit.jpg 1698w\" sizes=\"auto, (max-width: 900px) 100vw, 900px\" \/><\/a><\/p>\n<p>&nbsp;<\/p>\n<p>1. Zgodnie z zapowiedziami, dzisiaj przy naszym ko\u015bciele zbierane s\u0105 podpisy pod obywatelskim projektem ustawy <strong>\u201eZATRZYMAJ ABORCJ\u0118\u201d.<\/strong> Niech to b\u0119dzie r\u00f3wnie\u017c nasz konkretny \u017cywy pomnik \u015bw. Jana Paw\u0142a II, kt\u00f3ry zawsze przypomina\u0142 nam, \u017ce wszyscy musimy chroni\u0107 najbardziej bezbronnych jakimi s\u0105 dzieci. Prosz\u0119 podej\u015b\u0107 do stolik\u00f3w z kartami i wpisa\u0107 swoje dane i si\u0119 podpisa\u0107. <em><u>Nie b\u0105d\u017a oboj\u0119tny zatrzymaj si\u0119 i bro\u0144 \u017cycia !<\/u><\/em><\/p>\n<p>&nbsp;<\/p>\n<p>2. Dzisiejsz\u0105 niedziel\u0105 rozpoczynamy <strong>91. Tydzie\u0144 Misyjny<\/strong> pod has\u0142em \u201e<strong>ID\u0179CIE I G\u0141O\u015aCIE\u201d. <\/strong>Niech ka\u017cdy z nas poczuje si\u0119 odpowiedzialny za g\u0142oszenie Dobrej Nowiny. Pami\u0119tajmy w modlitwie o tych wszystkich, kt\u00f3rzy pracuj\u0105 na misjach, a szczeg\u00f3lnie o ks. Jaros\u0142awie Kie\u0142bie (UKRAINA), ks. Zbigniewie Pieczuro (RPA), ks. Arkadiuszu Grabowskim (ROSJA), o.&nbsp;Dariuszu Marucie (MADAGASKAR).<\/p>\n<p>&nbsp;<\/p>\n<p>3. Osoby modl\u0105ce si\u0119 za kap\u0142an\u00f3w i tworz\u0105ce <strong>Apostolat \u201eMargaretka\u201d zapraszamy 12 listopada na Msz\u0119 \u015awi\u0119t\u0105 o godz. 15:00 w 8 rocznic\u0119 ich istnienia<\/strong>. <em>Po Mszy \u015awi\u0119tej spotkanie na plebanii.<\/em><\/p>\n<p><strong>&nbsp;<\/strong><\/p>\n<p><strong>4. Trwa miesi\u0105c R\u00f3\u017ca\u0144ca \u015awi\u0119tego.<\/strong> Zapraszamy na nabo\u017ce\u0144stwa z wystawieniem Naj\u015bwi\u0119tszego Sakramentu. Wierni, kt\u00f3rzy odmawiaj\u0105 cz\u0119\u015b\u0107 R\u00f3\u017ca\u0144ca (5 dziesi\u0105tek) w ko\u015bciele, kaplicy i rodzinie&nbsp; mog\u0105 uzyska\u0107 odpust zupe\u0142ny. Zapraszamy do wsp\u00f3lnej modlitwy: doros\u0142ych i m\u0142odzie\u017c <strong>o godz. 17:15<\/strong>, a dzieci zapraszamy: <strong>w poniedzia\u0142kii \u015brody o godz. 16:30. UWAGA!!! <\/strong><em>Osoby kt\u00f3re nie b\u0119d\u0105 mog\u0142y wzi\u0105\u0107 udzia\u0142u w nabo\u017ce\u0144stwie r\u00f3\u017ca\u0144cowym o godz. 17:15 zapraszamy w czwartek (26 pa\u017adziernika) na godz. 19:00. Rozwa\u017ca\u0107 b\u0119dziemy tajemnice \u015bwiat\u0142a.<\/em> <em>Spr\u00f3buj mo\u017ce Ci si\u0119 uda.<\/em><\/p>\n<p>&nbsp;<\/p>\n<p>5. Jak ka\u017cdego roku w listopadzie modli\u0107 si\u0119 b\u0119dziemy za naszych zmar\u0142ych, dlatego przed ko\u015bcio\u0142em b\u0119d\u0105 rozdawane koperty, w kt\u00f3rych s\u0105 kartki na Msz\u0119 \u015bw. zbiorow\u0105 i wypominki. <strong>Prosimy o czytelne wype\u0142nianie kartek. Kartka z napisem MSZA \u015aW. ZBIOROWA ZA ZMAR\u0141YCH odprawiana b\u0119dzie przez ca\u0142y listopad o godz. 18.00. Druga kartka z napisem WYPOMINKI <\/strong>wyczytywana b\u0119dzie podczas Koronki do Mi\u0142osierdzia Bo\u017cego po Mszy \u015aw. wieczornej.<\/p>\n<p><strong>&nbsp;<\/strong><\/p>\n<p><strong>6. UWAGA !!!<\/strong> PROSIMY zaznaczy\u0107 na kartce od<strong> MSZY \u015aW. ZBIOROWEJ ZA ZMAR\u0141YCH<\/strong> <u>dat\u0119 (dzie\u0144), w kt\u00f3rym imiona i nazwiska naszych drogich zmar\u0142ych maj\u0105 by\u0107 wyczytane. <\/u>Prosimy, by nie wyznacza\u0107 dnia 2 listopada, gdy\u017c ten dzie\u0144 przeznaczony b\u0119dzie na szczeg\u00f3lne nabo\u017ce\u0144stwo za wszystkich zmar\u0142ych z naszej parafii w ostatnim roku, tj. od 1 listopada 2016 r. <em>Rodziny tych zmar\u0142ych zapraszamy do uczestnictwa w tym nabo\u017ce\u0144stwie, kt\u00f3re odprawimy 2 listopada o godz. 18.00.<\/em><\/p>\n<p>&nbsp;<\/p>\n<p>7. Spotkanie Kr\u0119gu Biblijnego odb\u0119dzie si\u0119 w \u015brod\u0119 25 pa\u017adziernika o godz. 19:00 w salce na plebanii. Serdecznie zapraszamy.<\/p>\n<p><strong>&nbsp;<\/strong><\/p>\n<p><strong>8. Zapraszamy na Msz\u0119 \u015bwi\u0119t\u0105 dla chorych w czwartek 26 pa\u017adziernika o godz. 18:00. W czasie Mszy \u015bwi\u0119tej na\u0142o\u017cenie r\u0105k przez kap\u0142an\u00f3w oraz modlitwa o przywr\u00f3cenie zdrowia fizycznego i duchowego. <\/strong><\/p>\n<p><strong>&nbsp;<\/strong><\/p>\n<p><strong>9. Idziemy do kina !!! <\/strong>Zapraszamy do wsp\u00f3lnego wyj\u015bcia do Multikina Elbl\u0105g w dniu 27 pa\u017adziernika br.( pi\u0105tek): godz. 19:30 na film<strong> \u201eDWIE KORONY\u201d. To pierwszy film ukazuj\u0105cy nieznane dot\u0105d fakty z \u017cycia Ojca Maksymiliana Kolbe, pocz\u0105wszy od jego dzieci\u0144stwa, a\u017c do heroicznej decyzji o oddaniu \u017cycia za wsp\u00f3\u0142wi\u0119\u017ania w Auschwitz. <\/strong><em>Cena biletu 11 z\u0142. wp\u0142acamy przy wej\u015bciu do sali kinowej.<\/em><\/p>\n<p>&nbsp;<\/p>\n<p>10. Za tydzie\u0144 (29 pa\u017adziernika) odb\u0119dzie si\u0119 spotkanie Wolontariuszy Caritas i Apostolatu Bo\u017cego Mi\u0142osierdzia po Mszy \u015bw. o godz.15.00 na plebanii.<\/p>\n<p>&nbsp;<\/p>\n<p>11. Zach\u0119camy do czytania prasy katolickiej: nowy numer \u201eGo\u015bcia Niedzielnego\u201d w cenie 5 z\u0142. <strong>oraz dodatek<\/strong> <strong>\u201eGo\u015b\u0107 Elbl\u0105ski\u201d<\/strong> a w nim wydarzenia z diecezji.<\/p>\n<p>&nbsp;<\/p>\n<p>&nbsp;<\/p>\n","protected":false},"excerpt":{"rendered":"<p>&nbsp; 1. Zgodnie z zapowiedziami, dzisiaj przy naszym ko\u015bciele zbierane s\u0105 podpisy pod obywatelskim projektem ustawy \u201eZATRZYMAJ ABORCJ\u0118\u201d. Niech to b\u0119dzie r\u00f3wnie\u017c nasz konkretny \u017cywy pomnik \u015bw. Jana Paw\u0142a II, kt\u00f3ry zawsze przypomina\u0142 nam, \u017ce wszyscy musimy chroni\u0107 najbardziej bezbronnych jakimi s\u0105 dzieci. Prosz\u0119 podej\u015b\u0107 do stolik\u00f3w z kartami i wpisa\u0107 swoje dane i si\u0119 [&hellip;]<\/p>\n","protected":false},"author":1,"featured_media":2530,"comment_status":"closed","ping_status":"closed","sticky":false,"template":"","format":"standard","meta":{"ngg_post_thumbnail":0,"footnotes":""},"categories":[11,8,3],"tags":[],"class_list":["post-2990","post","type-post","status-publish","format-standard","has-post-thumbnail","hentry","category-aktualnosci","category-blog","category-ogloszenia"],"_links":{"self":[{"href":"https:\/\/rafalk-elblag.pl\/index.php?rest_route=\/wp\/v2\/posts\/2990","targetHints":{"allow":["GET"]}}],"collection":[{"href":"https:\/\/rafalk-elblag.pl\/index.php?rest_route=\/wp\/v2\/posts"}],"about":[{"href":"https:\/\/rafalk-elblag.pl\/index.php?rest_route=\/wp\/v2\/types\/post"}],"author":[{"embeddable":true,"href":"https:\/\/rafalk-elblag.pl\/index.php?rest_route=\/wp\/v2\/users\/1"}],"replies":[{"embeddable":true,"href":"https:\/\/rafalk-elblag.pl\/index.php?rest_route=%2Fwp%2Fv2%2Fcomments&post=2990"}],"version-history":[{"count":1,"href":"https:\/\/rafalk-elblag.pl\/index.php?rest_route=\/wp\/v2\/posts\/2990\/revisions"}],"predecessor-version":[{"id":2991,"href":"https:\/\/rafalk-elblag.pl\/index.php?rest_route=\/wp\/v2\/posts\/2990\/revisions\/2991"}],"wp:featuredmedia":[{"embeddable":true,"href":"https:\/\/rafalk-elblag.pl\/index.php?rest_route=\/wp\/v2\/media\/2530"}],"wp:attachment":[{"href":"https:\/\/rafalk-elblag.pl\/index.php?rest_route=%2Fwp%2Fv2%2Fmedia&parent=2990"}],"wp:term":[{"taxonomy":"category","embeddable":true,"href":"https:\/\/rafalk-elblag.pl\/index.php?rest_route=%2Fwp%2Fv2%2Fcategories&post=2990"},{"taxonomy":"post_tag","embeddable":true,"href":"https:\/\/rafalk-elblag.pl\/index.php?rest_route=%2Fwp%2Fv2%2Ftags&post=2990"}],"curies":[{"name":"wp","href":"https:\/\/api.w.org\/{rel}","templated":true}]}}