{"id":2986,"date":"2017-10-31T14:14:47","date_gmt":"2017-10-31T14:14:47","guid":{"rendered":"http:\/\/rafalk-elblag.pl\/?p=2986"},"modified":"2017-10-31T14:14:47","modified_gmt":"2017-10-31T14:14:47","slug":"ogloszenia-parafialne-15-10-2017-r-xxviii-niedziela-zwykla","status":"publish","type":"post","link":"https:\/\/rafalk-elblag.pl\/?p=2986","title":{"rendered":"OG\u0141OSZENIA PARAFIALNE 15.10.2017 R. XXVIII NIEDZIELA ZWYK\u0141A"},"content":{"rendered":"<p><a href=\"http:\/\/rafalk-elblag.pl\/wp-content\/uploads\/2016\/12\/pulpit.jpg\"><img loading=\"lazy\" decoding=\"async\" class=\"alignnone size-large wp-image-2530\" src=\"http:\/\/rafalk-elblag.pl\/wp-content\/uploads\/2016\/12\/pulpit-1024x682.jpg\" alt=\"\" width=\"900\" height=\"599\" srcset=\"https:\/\/rafalk-elblag.pl\/wp-content\/uploads\/2016\/12\/pulpit-1024x682.jpg 1024w, https:\/\/rafalk-elblag.pl\/wp-content\/uploads\/2016\/12\/pulpit-300x200.jpg 300w, https:\/\/rafalk-elblag.pl\/wp-content\/uploads\/2016\/12\/pulpit-768x512.jpg 768w, https:\/\/rafalk-elblag.pl\/wp-content\/uploads\/2016\/12\/pulpit.jpg 1698w\" sizes=\"auto, (max-width: 900px) 100vw, 900px\" \/><\/a><\/p>\n<p>&nbsp;<\/p>\n<p><strong>1. Dzisiaj przed ko\u015bcio\u0142em zbieramy ofiary dla poszkodowanej w wyniku po\u017caru rodziny Urbankiewicz\u00f3w<\/strong>. Mieszkaj\u0105ca w Jazowej rodzina straci\u0142a przed tygodniem ca\u0142y dom i dobytek, nie straci\u0142a jednak wiary. <strong>Syn Pa\u0144stwa Urbankiewicz\u00f3w \u2013 Rados\u0142aw pos\u0142uguje od 2 lat w naszym Zespole M\u0142odzie\u017cowym<\/strong>. <em>Dzi\u0119kujemy za okazane serce i wsparcie.<\/em><\/p>\n<p><strong>&nbsp;<\/strong><\/p>\n<p><strong>2. Trwa miesi\u0105c R\u00f3\u017ca\u0144ca \u015awi\u0119tego.<\/strong> Zapraszamy na nabo\u017ce\u0144stwa z wystawieniem Naj\u015bwi\u0119tszego Sakramentu. Wierni, kt\u00f3rzy odmawiaj\u0105 cz\u0119\u015b\u0107 R\u00f3\u017ca\u0144ca (5 dziesi\u0105tek) w ko\u015bciele, kaplicy i rodzinie mog\u0105 uzyska\u0107 odpust zupe\u0142ny. Zapraszamy do wsp\u00f3lnej modlitwy: doros\u0142ych i m\u0142odzie\u017c <strong>o&nbsp; godz. 17:15<\/strong>, a dzieci zapraszamy: <strong>w poniedzia\u0142ki i \u015brody o godz. 16:30. UWAGA!!! <\/strong><em>Osoby kt\u00f3re nie b\u0119d\u0105 mog\u0142y wzi\u0105\u0107 udzia\u0142u w nabo\u017ce\u0144stwie r\u00f3\u017ca\u0144cowym o godz. 17:15 zapraszamy w \u015brod\u0119 (18 pa\u017adziernika) na godz. 19:00. Rozwa\u017ca\u0107 b\u0119dziemy tajemnice chwalebne.<\/em><\/p>\n<p>&nbsp;<\/p>\n<p>3. Jutro 16 pa\u017adziernika dzie\u0144 spotkania Bractwa Szkaplerznego i Rodziny Szkaplerznej oraz dzie\u0144 modlitw za wstawiennictwem \u015bw. Jana Paw\u0142a II. W tym dniu 39 lata temu ca\u0142a Polska us\u0142ysza\u0142a s\u0142owa:<strong> <em>Habemus Papam<\/em> obwieszczaj\u0105ce wyb\u00f3r Kard. Karola Wojty\u0142y na Stolic\u0119 Piotrow\u0105<\/strong>. Zapraszamy na Msz\u0119 \u015awi\u0119t\u0105 o godz. 18.00. <em>W tym dniu zapraszamy na wsp\u00f3lny R\u00f3\u017caniec o godz. 17:15. <\/em><\/p>\n<p><strong>&nbsp;<\/strong><\/p>\n<p><strong>4. Koncert z okazji XVII Dnia Papieskiego odb\u0119dzie si\u0119 20 pa\u017adziernika (pi\u0105tek) o godz. 17.00 na Hali Sportowo \u2013 Widowiskowej MOSIR przy ul. Alei Grunwaldzkiej 135. Go\u015bciem specjalnym b\u0119dzie Halinka M\u0142ynkowa. Wst\u0119p tylko za okazaniem wej\u015bci\u00f3wki, kt\u00f3re mo\u017cna odebra\u0107 u ksi\u0119\u017cy przed ko\u015bcio\u0142em. Prosimy, aby wej\u015bci\u00f3wki bra\u0142y tylko osoby zdecydowane na 100%.<\/strong><\/p>\n<p>&nbsp;<\/p>\n<p>5. W niedziel\u0119 22 pa\u017adziernika&nbsp; w liturgii Ko\u015bcio\u0142a b\u0119dziemy modli\u0107 si\u0119 za wstawiennictwem \u015bw. Jana Paw\u0142a II<em>. Zapraszamy ca\u0142\u0105 S\u0142u\u017cb\u0119 Liturgiczn\u0105 O\u0142tarza tj. aspirant\u00f3w, ministrant\u00f3w i lektor\u00f3w w dniu ich \u015bwi\u0119ta patronalnego na wsp\u00f3lny R\u00f3\u017caniec o godz. 17:15 i na Eucharysti\u0119. <\/em><\/p>\n<p><strong>&nbsp;<\/strong><\/p>\n<p><strong>6. Rejonowy Dzie\u0144 Wsp\u00f3lnoty Ruchu \u015awiat\u0142o \u2013 \u017bycie<\/strong> ju\u017c w sobot\u0119 21 pa\u017adziernika. <em>Temat: \u201eS\u0141UDZY WYBRANI I POS\u0141ANI NA WZ\u00d3R CHRYSTUSA S\u0141UGI\u201d.<\/em> Startujemy o godz. 15:00 w parafii p.w. \u015bw. Tr\u00f3jcy na Zatorzu. Zapraszamy.<\/p>\n<p><strong>&nbsp;<\/strong><\/p>\n<p><strong>7. BAL WSZYSTKICH \u015aWI\u0118TYCH z wodzirejem! <\/strong>Ma\u0142\u017ce\u0144stwa ze wsp\u00f3lnoty Domowego Ko\u015bcio\u0142a, zapraszaj\u0105 dzieci do udzia\u0142u w balu Wszystkich \u015awi\u0119tych organizowanym przy naszej parafii <strong>w dniu 24 pa\u017adziernika. <\/strong>Gwarantowana niebia\u0144ska zabawa, pocz\u0119stunek i konkursy. Koszt uczestnictwa to 10 z\u0142 od dziecka. Zapisy u p. Ani G\u00f3ralskiej pod nr tel. 603&nbsp;799&nbsp;340 lub e-mailowo: angoralska@gmail.com.<\/p>\n<p>&nbsp;<\/p>\n<p>8. Jak ka\u017cdego roku w listopadzie modli\u0107 si\u0119 b\u0119dziemy za naszych zmar\u0142ych, dlatego za tydzie\u0144 przed ko\u015bcio\u0142em b\u0119d\u0105 rozdawane koperty, w kt\u00f3rych s\u0105 kartki na Msz\u0119 \u015bw. zbiorow\u0105 i wypominki. <strong>Prosimy o czytelne wype\u0142nianie kartek. Kartka z napisem MSZA \u015aW. ZBIOROWA ZA ZMAR\u0141YCH odprawiana b\u0119dzie przez ca\u0142y listopad o godz. 18.00. Druga kartka z napisem WYPOMINKI wyczytywana b\u0119dzie podczas Koronki do Mi\u0142osierdzia Bo\u017cego po Mszy \u015aw. wieczornej.<\/strong><\/p>\n<p>&nbsp;<\/p>\n<p>9. Osoby modl\u0105ce si\u0119 za kap\u0142an\u00f3w i tworz\u0105ce Apostolat \u201eMargaretka\u201d zapraszamy za tydzie\u0144 na wsp\u00f3lny R\u00f3\u017caniec o godz. 17.15 i na Msz\u0119 \u015aw. o godz. 18:00 w 8 rocznic\u0119 ich istnienia. <em>Po Eucharystii wsp\u00f3lne \u015bwi\u0119towanie.<\/em><\/p>\n<p><strong>&nbsp;<\/strong><\/p>\n<p><strong>10. Ponad 90% aborcji w polskich szpitalach to zabijanie dzieci podejrzewanych o chorob\u0119 lub upo\u015bledzenie.<\/strong> Zamiast pomaga\u0107 \u2013 zabija si\u0119&nbsp; je w okrutny spos\u00f3b. Nawet w\u00f3wczas, gdy niewinne dziecko prze\u017cywa nieudan\u0105 aborcj\u0119, nie udziela si\u0119 mu pomocy. Mo\u017cemy powstrzyma\u0107 to okrucie\u0144stwo. Za tydzie\u0144 odb\u0119dzie si\u0119 zbi\u00f3rka podpis\u00f3w pod obywatelskim projektem ustawy, kt\u00f3ra ma na celu zatrzymanie zabijania chorych nienarodzonych dzieci. Podpisa\u0107 si\u0119 pod nim mo\u017ce ka\u017cdy, kto uko\u0144czy\u0142 18 rok \u017cycia. <strong>Potrzebny jest numer PESEL.<\/strong> <u>Prosz\u0119 za tydzie\u0144 przyj\u015b\u0107 z Dowodem Osobistym. Rodziny z Domowego Ko\u015bcio\u0142a b\u0119d\u0105 przy stolikach pomaga\u0107 wpisa\u0107 dane do przygotowanych kart. <\/u><\/p>\n<p>&nbsp;<\/p>\n<p>11. Zach\u0119camy do czytania prasy katolickiej: nowy numer \u201eGo\u015bcia Niedzielnego\u201d w cenie 5 z\u0142. <strong>oraz dodatek<\/strong> <strong>\u201eGo\u015b\u0107 Elbl\u0105ski\u201d<\/strong> a w nim wydarzenia z diecezji.<\/p>\n<p>&nbsp;<\/p>\n<p>&nbsp;<\/p>\n","protected":false},"excerpt":{"rendered":"<p>&nbsp; 1. Dzisiaj przed ko\u015bcio\u0142em zbieramy ofiary dla poszkodowanej w wyniku po\u017caru rodziny Urbankiewicz\u00f3w. Mieszkaj\u0105ca w Jazowej rodzina straci\u0142a przed tygodniem ca\u0142y dom i dobytek, nie straci\u0142a jednak wiary. Syn Pa\u0144stwa Urbankiewicz\u00f3w \u2013 Rados\u0142aw pos\u0142uguje od 2 lat w naszym Zespole M\u0142odzie\u017cowym. Dzi\u0119kujemy za okazane serce i wsparcie. &nbsp; 2. Trwa miesi\u0105c R\u00f3\u017ca\u0144ca \u015awi\u0119tego. Zapraszamy [&hellip;]<\/p>\n","protected":false},"author":1,"featured_media":2530,"comment_status":"closed","ping_status":"closed","sticky":false,"template":"","format":"standard","meta":{"ngg_post_thumbnail":0,"footnotes":""},"categories":[11,8,3],"tags":[],"class_list":["post-2986","post","type-post","status-publish","format-standard","has-post-thumbnail","hentry","category-aktualnosci","category-blog","category-ogloszenia"],"_links":{"self":[{"href":"https:\/\/rafalk-elblag.pl\/index.php?rest_route=\/wp\/v2\/posts\/2986","targetHints":{"allow":["GET"]}}],"collection":[{"href":"https:\/\/rafalk-elblag.pl\/index.php?rest_route=\/wp\/v2\/posts"}],"about":[{"href":"https:\/\/rafalk-elblag.pl\/index.php?rest_route=\/wp\/v2\/types\/post"}],"author":[{"embeddable":true,"href":"https:\/\/rafalk-elblag.pl\/index.php?rest_route=\/wp\/v2\/users\/1"}],"replies":[{"embeddable":true,"href":"https:\/\/rafalk-elblag.pl\/index.php?rest_route=%2Fwp%2Fv2%2Fcomments&post=2986"}],"version-history":[{"count":1,"href":"https:\/\/rafalk-elblag.pl\/index.php?rest_route=\/wp\/v2\/posts\/2986\/revisions"}],"predecessor-version":[{"id":2987,"href":"https:\/\/rafalk-elblag.pl\/index.php?rest_route=\/wp\/v2\/posts\/2986\/revisions\/2987"}],"wp:featuredmedia":[{"embeddable":true,"href":"https:\/\/rafalk-elblag.pl\/index.php?rest_route=\/wp\/v2\/media\/2530"}],"wp:attachment":[{"href":"https:\/\/rafalk-elblag.pl\/index.php?rest_route=%2Fwp%2Fv2%2Fmedia&parent=2986"}],"wp:term":[{"taxonomy":"category","embeddable":true,"href":"https:\/\/rafalk-elblag.pl\/index.php?rest_route=%2Fwp%2Fv2%2Fcategories&post=2986"},{"taxonomy":"post_tag","embeddable":true,"href":"https:\/\/rafalk-elblag.pl\/index.php?rest_route=%2Fwp%2Fv2%2Ftags&post=2986"}],"curies":[{"name":"wp","href":"https:\/\/api.w.org\/{rel}","templated":true}]}}