{"id":2984,"date":"2017-10-31T14:08:56","date_gmt":"2017-10-31T14:08:56","guid":{"rendered":"http:\/\/rafalk-elblag.pl\/?p=2984"},"modified":"2017-10-31T14:08:56","modified_gmt":"2017-10-31T14:08:56","slug":"intencje-mszalne-na-xxviii-tydzien-okresu-zwyklego-16-24-10-2017-r","status":"publish","type":"post","link":"https:\/\/rafalk-elblag.pl\/?p=2984","title":{"rendered":"INTENCJE MSZALNE NA XXVIII TYDZIE\u0143 OKRESU ZWYK\u0141EGO (16-24.10.2017 R.)"},"content":{"rendered":"<p><a href=\"http:\/\/rafalk-elblag.pl\/wp-content\/uploads\/2016\/12\/shutterstock_49643152-1000.jpg\"><img loading=\"lazy\" decoding=\"async\" class=\"alignnone size-full wp-image-2526\" src=\"http:\/\/rafalk-elblag.pl\/wp-content\/uploads\/2016\/12\/shutterstock_49643152-1000.jpg\" alt=\"\" width=\"1000\" height=\"665\" srcset=\"https:\/\/rafalk-elblag.pl\/wp-content\/uploads\/2016\/12\/shutterstock_49643152-1000.jpg 1000w, https:\/\/rafalk-elblag.pl\/wp-content\/uploads\/2016\/12\/shutterstock_49643152-1000-300x200.jpg 300w, https:\/\/rafalk-elblag.pl\/wp-content\/uploads\/2016\/12\/shutterstock_49643152-1000-768x511.jpg 768w\" sizes=\"auto, (max-width: 1000px) 100vw, 1000px\" \/><\/a><\/p>\n<p>&nbsp;<\/p>\n<table width=\"726\">\n<tbody>\n<tr>\n<td colspan=\"2\" width=\"593\"><strong>16 pa\u017adziernika&nbsp;&nbsp; PONIEDZIA\u0141EK<\/strong><\/p>\n<p><strong>wsp. \u015bw. Jadwigi \u015al\u0105skiej [ksi\u0119\u017cna, \u017cona i matka, fundatorka klasztoru]<\/strong><\/td>\n<td width=\"133\"><strong><em>\u0141k 11, 29-32<\/em><\/strong><\/td>\n<\/tr>\n<tr>\n<td width=\"87\">8:00<\/td>\n<td colspan=\"2\" width=\"639\">\u015ap. J\u00f3zef (m) Gawerski<\/td>\n<\/tr>\n<tr>\n<td width=\"87\">8:00<\/td>\n<td colspan=\"2\" width=\"639\">\u015ap. Marianna Humelt 16 greg.<\/td>\n<\/tr>\n<tr>\n<td width=\"87\">17:15<\/td>\n<td colspan=\"2\" width=\"639\"><em>Nabo\u017ce\u0144stwo r\u00f3\u017ca\u0144cowe<\/em><\/td>\n<\/tr>\n<tr>\n<td width=\"87\"><strong>18:00<\/strong><\/td>\n<td colspan=\"2\" width=\"639\"><strong>W intecji Bractwa Szkaplerznego i ca\u0142ej Rodziny Karmelita\u0144skiej<\/strong><\/td>\n<\/tr>\n<tr>\n<td width=\"87\">18:00<\/td>\n<td colspan=\"2\" width=\"639\">\u015ap. Szczepan \u017by\u0142a w 30 dzie\u0144 po pogrzebie<\/td>\n<\/tr>\n<\/tbody>\n<\/table>\n<p>&nbsp;<\/p>\n<table width=\"726\">\n<tbody>\n<tr>\n<td colspan=\"2\" width=\"593\"><strong>17 pa\u017adziernika&nbsp;&nbsp; <\/strong><strong>WTOREK<\/strong><\/p>\n<p><strong>wsp. \u015bw. Ignacego Antioche\u0144skiego [biskupa i m\u0119czennika]<\/strong><\/td>\n<td width=\"133\"><strong><em>\u0141k 11, 37-41<\/em><\/strong><\/td>\n<\/tr>\n<tr>\n<td width=\"87\">8:00<\/td>\n<td colspan=\"2\" width=\"639\">\u015ap. Henryk (m) W\u0119g\u0142owski w 1 rocz. \u015bm.<\/td>\n<\/tr>\n<tr>\n<td width=\"87\">17:15<\/td>\n<td colspan=\"2\" width=\"639\"><em>Nabo\u017ce\u0144stwo r\u00f3\u017ca\u0144cowe<\/em><\/td>\n<\/tr>\n<tr>\n<td width=\"87\">18:00<\/td>\n<td colspan=\"2\" width=\"639\">\u015ap. Marianna Humelt 17 greg.<\/td>\n<\/tr>\n<\/tbody>\n<\/table>\n<p>&nbsp;<\/p>\n<table width=\"726\">\n<tbody>\n<tr>\n<td colspan=\"2\" width=\"593\"><strong>18 pa\u017adziernika&nbsp;&nbsp; \u015aRODA<\/strong><\/p>\n<p><strong>\u015awi\u0119to \u015bw. \u0141ukasza [Ewangelisty]<\/strong><\/td>\n<td width=\"133\"><strong><em>\u0141k 11, 1-4<\/em><\/strong><\/td>\n<\/tr>\n<tr>\n<td width=\"87\">8:00<\/td>\n<td colspan=\"2\" width=\"639\">\u015ap. Marianna Humelt 18 greg.<\/td>\n<\/tr>\n<tr>\n<td width=\"87\">17:30<\/td>\n<td colspan=\"2\" width=\"639\"><em>Nabo\u017ce\u0144stwo: nowenna do Matki Bo\u017cej Nieustaj\u0105cej Pomocy<\/em><\/td>\n<\/tr>\n<tr>\n<td width=\"87\">18:00<\/td>\n<td colspan=\"2\" width=\"639\">O Bo\u017ce b\u0142ogos\u0142awie\u0144stwo, dary Ducha \u015awi\u0119tego i wstawiennictwo Matki Bo\u017cej oraz \u015bw. \u0141ukasza Ewangelisty w \u017cyciu kap\u0142a\u0144skim ks. \u0141ukasza Garbackiego \u2013 intencja od parafian<br \/>\nw dniu imienin<\/td>\n<\/tr>\n<tr>\n<td width=\"87\">18:00<\/td>\n<td colspan=\"2\" width=\"639\">W intencjach czcicieli Matki Bo\u017cej Nieustaj\u0105cej Pomocy<\/td>\n<\/tr>\n<tr>\n<td width=\"87\">19:00<\/td>\n<td colspan=\"2\" width=\"639\"><em>Nabo\u017ce\u0144stwo r\u00f3\u017ca\u0144cowe<\/em><\/td>\n<\/tr>\n<\/tbody>\n<\/table>\n<p>&nbsp;<\/p>\n<table width=\"726\">\n<tbody>\n<tr>\n<td colspan=\"2\" width=\"593\"><strong>19 pa\u017adziernika&nbsp;&nbsp; CZWARTEK<\/strong><\/p>\n<p><strong>Wsp. b\u0142. Jerzego Popie\u0142uszki [prezbitera i m\u0119czennika]<\/strong><\/td>\n<td width=\"133\"><strong><em>\u0141k 11, 47-54<\/em><\/strong><\/td>\n<\/tr>\n<tr>\n<td width=\"87\">8:00<\/td>\n<td colspan=\"2\" width=\"639\">\u015ap. Benedykt Zajkowski<\/td>\n<\/tr>\n<tr>\n<td width=\"87\">17:15<\/td>\n<td colspan=\"2\" width=\"639\"><em>Nabo\u017ce\u0144stwo r\u00f3\u017ca\u0144cowe<\/em><\/td>\n<\/tr>\n<tr>\n<td width=\"87\">18:00<\/td>\n<td colspan=\"2\" width=\"639\">\u015ap. Marianna Humelt 19 greg.<\/td>\n<\/tr>\n<\/tbody>\n<\/table>\n<p>&nbsp;<\/p>\n<table width=\"726\">\n<tbody>\n<tr>\n<td colspan=\"2\" width=\"593\"><strong>20 pa\u017adziernika&nbsp;&nbsp; PI\u0104TEK<\/strong><\/p>\n<p><strong>wsp. \u015bw. Jana Kantego [prezbitera]<\/strong><\/td>\n<td width=\"133\"><strong><em>\u0141k 12, 1-7<\/em><\/strong><\/td>\n<\/tr>\n<tr>\n<td width=\"87\">8:00<\/td>\n<td colspan=\"2\" width=\"639\">\u015ap. Marianna Humelt 20 greg.<\/td>\n<\/tr>\n<tr>\n<td width=\"87\">17:15<\/td>\n<td colspan=\"2\" width=\"639\"><em>Nabo\u017ce\u0144stwo r\u00f3\u017ca\u0144cowe<\/em><\/td>\n<\/tr>\n<tr>\n<td width=\"87\">18:00<\/td>\n<td colspan=\"2\" width=\"639\">\u015ap. Irena Wile\u0144ska \u2013 Msza \u015aw. imieninowa; oraz za zmar\u0142ych rodzic\u00f3w i zmar\u0142ych z rodzin Wile\u0144skich i Bartosik\u00f3w<\/td>\n<\/tr>\n<\/tbody>\n<\/table>\n<p>&nbsp;<\/p>\n<table width=\"726\">\n<tbody>\n<tr>\n<td colspan=\"2\" width=\"593\"><strong>21 pa\u017adziernika&nbsp;&nbsp; SOBOTA<\/strong><\/p>\n<p><strong>wsp. b\u0142. Jakuba Strzemi\u0119 [biskupa]<\/strong><\/td>\n<td width=\"133\"><strong><em>\u0141k 12, 8-12<\/em><\/strong><\/td>\n<\/tr>\n<tr>\n<td width=\"87\">8:00<\/td>\n<td colspan=\"2\" width=\"639\">\u015ap. Marianna Humelt 21 greg.<\/td>\n<\/tr>\n<tr>\n<td width=\"87\">16:00<\/td>\n<td colspan=\"2\" width=\"639\">\u015alub: Alicja Paj\u0105k \u2013 Adam Kisiel<\/td>\n<\/tr>\n<tr>\n<td width=\"87\">17:15<\/td>\n<td colspan=\"2\" width=\"639\"><em>Nabo\u017ce\u0144stwo r\u00f3\u017ca\u0144cowe<\/em><\/td>\n<\/tr>\n<tr>\n<td width=\"87\">18:00<\/td>\n<td colspan=\"2\" width=\"639\">\u015ap. Wies\u0142awa K\u0142os w 30 dzie\u0144 po pogrzebie<\/td>\n<\/tr>\n<tr>\n<td width=\"87\">18:00<\/td>\n<td colspan=\"2\" width=\"639\">\u015ap. Pawe\u0142 i Lidia Czajor oraz \u015bp. Danuta i Zygmunt Kami\u0144scy<\/td>\n<\/tr>\n<\/tbody>\n<\/table>\n<p>&nbsp;<\/p>\n<table width=\"726\">\n<tbody>\n<tr>\n<td colspan=\"2\" width=\"593\"><strong>22 pa\u017adziernika&nbsp;&nbsp; XXIX NIEDZIELA ZWYK\u0141A [MISYJNA]<\/strong><\/td>\n<td width=\"133\"><strong><em>Mt 22, 15-21<\/em><\/strong><\/td>\n<\/tr>\n<tr>\n<td width=\"87\">7:00<\/td>\n<td colspan=\"2\" width=\"639\">Dzi\u0119kczynna w 40 rocznic\u0119 \u015blubu Reginy i Wojciecha Sudo\u0142 z pro\u015bb\u0105 o Bo\u017ce b\u0142ogos\u0142awie\u0144stwo, potrzebne \u0142aski i opiek\u0119 Matki Bo\u017cej dla rubinowych Jubilat\u00f3w<\/td>\n<\/tr>\n<tr>\n<td width=\"87\">9:00<\/td>\n<td colspan=\"2\" width=\"639\">\u015ap. Genowefa i Wac\u0142aw Boczko oraz \u015bp. Cecylia i Wincenty Jatczuk<\/td>\n<\/tr>\n<tr>\n<td width=\"87\">9:00<\/td>\n<td colspan=\"2\" width=\"639\">\u015ap. Teresa Wasiluk w 9 rocz. \u015bm.<\/td>\n<\/tr>\n<tr>\n<td width=\"87\">10:30<\/td>\n<td colspan=\"2\" width=\"639\">\u015ap. Marianna Humelt 22 greg.<\/td>\n<\/tr>\n<tr>\n<td width=\"87\"><strong>12:00<\/strong><\/td>\n<td colspan=\"2\" width=\"639\"><strong>Za parafian<\/strong><\/td>\n<\/tr>\n<tr>\n<td width=\"87\">15:00<\/td>\n<td colspan=\"2\" width=\"639\">O Bo\u017ce b\u0142ogos\u0142awie\u0144stwo i dary Ducha \u015awi\u0119tego w pos\u0142udze misjonarskiej ks. Arkadiusza Grabowskiego i o. Dariusza Maruta<\/td>\n<\/tr>\n<tr>\n<td width=\"87\">17:15<\/td>\n<td colspan=\"2\" width=\"639\"><em>Nabo\u017ce\u0144stwo r\u00f3\u017ca\u0144cowe<\/em><\/td>\n<\/tr>\n<tr>\n<td width=\"87\">18:00<\/td>\n<td colspan=\"2\" width=\"639\">Dzi\u0119kczynna w 40 rocznic\u0119 \u015blubu El\u017cbiety i Zbigniewa Mieczkowskich z pro\u015bb\u0105 o Bo\u017ce b\u0142ogos\u0142awie\u0144stwo, potrzebne \u0142aski i opiek\u0119 Matki Bo\u017cej dla rubinowych Jubilat\u00f3w<\/td>\n<\/tr>\n<\/tbody>\n<\/table>\n<p>&nbsp;<\/p>\n<p>&nbsp;<\/p>\n","protected":false},"excerpt":{"rendered":"<p>&nbsp; 16 pa\u017adziernika&nbsp;&nbsp; PONIEDZIA\u0141EK wsp. \u015bw. Jadwigi \u015al\u0105skiej [ksi\u0119\u017cna, \u017cona i matka, fundatorka klasztoru] \u0141k 11, 29-32 8:00 \u015ap. J\u00f3zef (m) Gawerski 8:00 \u015ap. Marianna Humelt 16 greg. 17:15 Nabo\u017ce\u0144stwo r\u00f3\u017ca\u0144cowe 18:00 W intecji Bractwa Szkaplerznego i ca\u0142ej Rodziny Karmelita\u0144skiej 18:00 \u015ap. Szczepan \u017by\u0142a w 30 dzie\u0144 po pogrzebie &nbsp; 17 pa\u017adziernika&nbsp;&nbsp; WTOREK wsp. \u015bw. [&hellip;]<\/p>\n","protected":false},"author":1,"featured_media":2526,"comment_status":"closed","ping_status":"closed","sticky":false,"template":"","format":"standard","meta":{"ngg_post_thumbnail":0,"footnotes":""},"categories":[11,8,4],"tags":[],"class_list":["post-2984","post","type-post","status-publish","format-standard","has-post-thumbnail","hentry","category-aktualnosci","category-blog","category-intencje"],"_links":{"self":[{"href":"https:\/\/rafalk-elblag.pl\/index.php?rest_route=\/wp\/v2\/posts\/2984","targetHints":{"allow":["GET"]}}],"collection":[{"href":"https:\/\/rafalk-elblag.pl\/index.php?rest_route=\/wp\/v2\/posts"}],"about":[{"href":"https:\/\/rafalk-elblag.pl\/index.php?rest_route=\/wp\/v2\/types\/post"}],"author":[{"embeddable":true,"href":"https:\/\/rafalk-elblag.pl\/index.php?rest_route=\/wp\/v2\/users\/1"}],"replies":[{"embeddable":true,"href":"https:\/\/rafalk-elblag.pl\/index.php?rest_route=%2Fwp%2Fv2%2Fcomments&post=2984"}],"version-history":[{"count":1,"href":"https:\/\/rafalk-elblag.pl\/index.php?rest_route=\/wp\/v2\/posts\/2984\/revisions"}],"predecessor-version":[{"id":2985,"href":"https:\/\/rafalk-elblag.pl\/index.php?rest_route=\/wp\/v2\/posts\/2984\/revisions\/2985"}],"wp:featuredmedia":[{"embeddable":true,"href":"https:\/\/rafalk-elblag.pl\/index.php?rest_route=\/wp\/v2\/media\/2526"}],"wp:attachment":[{"href":"https:\/\/rafalk-elblag.pl\/index.php?rest_route=%2Fwp%2Fv2%2Fmedia&parent=2984"}],"wp:term":[{"taxonomy":"category","embeddable":true,"href":"https:\/\/rafalk-elblag.pl\/index.php?rest_route=%2Fwp%2Fv2%2Fcategories&post=2984"},{"taxonomy":"post_tag","embeddable":true,"href":"https:\/\/rafalk-elblag.pl\/index.php?rest_route=%2Fwp%2Fv2%2Ftags&post=2984"}],"curies":[{"name":"wp","href":"https:\/\/api.w.org\/{rel}","templated":true}]}}